{"id":196238,"date":"2026-08-30T12:20:56","date_gmt":"2026-08-30T12:20:56","guid":{"rendered":"https:\/\/www.europesays.com\/cz\/196238\/"},"modified":"2026-08-30T12:20:56","modified_gmt":"2026-08-30T12:20:56","slug":"star-trek-oslavi-60-let-v-cesku-praha-i-brno-privitaji-nejvetsi-hvezdy-serialu","status":"publish","type":"post","link":"https:\/\/www.europesays.com\/cz\/196238\/","title":{"rendered":"Star Trek oslav\u00ed 60 let v \u010cesku! Praha i Brno p\u0159iv\u00edtaj\u00ed nejv\u011bt\u0161\u00ed hv\u011bzdy seri\u00e1lu!"},"content":{"rendered":"<p>Listopadov\u00fd\u00a0Comic-Con Brno &amp; Junior 2026 fanou\u0161k\u016fm Star Treku naordinoval hned dva herce, kte\u0159\u00ed si ve vesm\u00edru zahr\u00e1li doktory. V\u016fbec poprv\u00e9 do \u010ceska zav\u00edt\u00e1\u00a0Gates McFaddenov\u00e1 (77) alias doktorka Crusherov\u00e1. Ta si krom\u011b seri\u00e1lu Star Trek: Nov\u00e1 generace uto roli zopakovala ve v\u0161ech \u010dty\u0159ech navazuj\u00edc\u00edch celove\u010dern\u00edch filmech a pozd\u011bji se k n\u00ed vr\u00e1tila tak\u00e9 v seri\u00e1lech Star Trek: Picard a Star Trek: Fenom\u00e9n. Zahr\u00e1la si ale t\u0159eba i ve filmu Hon na ponorku.<\/p>\n<p>    <a aria-label=\"Zem\u0159el herec Tony Todd (\u202069), hv\u011bzda film\u016f Nezvratn\u00fd osud nebo Star Trek\" title=\"Zem\u0159el herec Tony Todd (\u202069), hv\u011bzda film\u016f Nezvratn\u00fd osud nebo Star Trek\" href=\"https:\/\/www.blesk.cz\/clanek\/celebrity-svetove-celebrity\/799020\/zemrel-herec-tony-todd-69-hvezda-filmu-nezvratny-osud-nebo-star-trek.html\" class=\"article-card article-card--type-1 artobj\" data-track-click=\"{&quot;clickTo&quot;:&quot;button&quot;,&quot;link&quot;:{&quot;type&quot;:&quot;article-card&quot;,&quot;text&quot;:&quot;Zem\u0159el herec Tony Todd (\u202069), hv\u011bzda film\u016f Nezvratn\u00fd osud nebo Star Trek&quot;,&quot;url&quot;:&quot;https:\/\/www.blesk.cz\/clanek\/celebrity-svetove-celebrity\/799020\/zemrel-herec-tony-todd-69-hvezda-filmu-nezvratny-osud-nebo-star-trek.html&quot;,&quot;location&quot;:&quot;page&quot;}}\" data-track-element-id=\"artobject-article-link-0-799020\" data-track-list=\"{\" item=\"\" herec=\"\" tony=\"\" todd=\"\" hv=\"\" film=\"\" nezvratn=\"\" osud=\"\" nebo=\"\" star=\"\" trek=\"\" rel=\"nofollow noopener\" target=\"_blank\"><\/p>\n<p>\t<img decoding=\"async\" src=\"https:\/\/www.europesays.com\/cz\/wp-content\/uploads\/2026\/08\/9259098.jpg\" alt=\"Tony Todd\" title=\"\" width=\"238\" height=\"158,67\" class=\"\" style=\"aspect-ratio: 238 \/ 158,67\" loading=\"lazy\"\/><\/p>\n<p>    Zem\u0159el herec Tony Todd (\u202069), hv\u011bzda film\u016f Nezvratn\u00fd osud nebo Star Trek<\/p>\n<p>    <\/a><\/p>\n<p>Spolu s n\u00ed se v Brn\u011b objev\u00ed Robert Picardo (72), kter\u00fd se zapsal do historie Star Treku jako Doktor, pohotovostn\u00ed zdravotnick\u00fd hologram (EMH) na palub\u011b USS Voyager. Roli zopakoval ve v\u0161ech 7 \u0159ad\u00e1ch Star Trek: Vesm\u00edrn\u00e1 lo\u010f Voyager a vr\u00e1til se k n\u00ed v dal\u0161\u00edch Star Trek projektech. Picardo si zahr\u00e1l i ve filmu Vnit\u0159n\u00ed vesm\u00edr, Gremlins 2 nebo seri\u00e1lech Hv\u011bzdn\u00e1 br\u00e1na, Hv\u011bzdn\u00e1 br\u00e1na: Atlantida a Hv\u011bzdn\u00e1 br\u00e1na: Hlubok\u00fd vesm\u00edr &#8211; ztv\u00e1rnil Richarda Woolseyho &#8211; z p\u0159\u00edsn\u00e9ho p\u0159edstavitele Mezin\u00e1rodn\u00ed komise pro dohled nad \u010dinnost\u00ed SGC se postupn\u011b stal velitelem expedice v Atlantid\u011b. Picardo u\u017e byl v minulosti hostem pra\u017esk\u00e9ho Comic-Conu, do Brna se pod\u00edv\u00e1 poprv\u00e9.<\/p>\n<p>Praha pak hned na ja\u0159e p\u0159\u00ed\u0161t\u00edho roku na\u00a0Comic-Con Prague 2027 p\u0159iv\u00edt\u00e1 herce a re\u017eis\u00e9ra Jonathana Frakese (74).\u00a0Pro miliony fanou\u0161k\u016f po cel\u00e9m sv\u011bt\u011b je toto jm\u00e9no spojeno p\u0159edev\u0161\u00edm s rol\u00ed Williama T. Rikera ze seri\u00e1lu Star Trek: Nov\u00e1 generace, ve kter\u00e9m se objevil ve v\u0161ech epizod\u00e1ch. Svou ikonickou postavu si zopakoval nejenom ve 4 celove\u010dern\u00edch filmech, ale tak\u00e9 dal\u0161\u00edch 5 seri\u00e1lov\u00fdch projektech. Ve sv\u011bt\u011b Star Treku (i mimo n\u011bj) se nav\u00edc prosadil i jako \u00fasp\u011b\u0161n\u00fd re\u017eis\u00e9r.<\/p>\n<p>    <a aria-label=\"Zem\u0159ela hv\u011bzda Star Treku: Kenneth Mitchell (\u202049) podlehl v pouh\u00fdch 49 letech ALS!\" title=\"Zem\u0159ela hv\u011bzda Star Treku: Kenneth Mitchell (\u202049) podlehl v pouh\u00fdch 49 letech ALS!\" href=\"https:\/\/www.blesk.cz\/clanek\/celebrity-svetove-celebrity\/779997\/zemrela-hvezda-star-treku-kenneth-mitchell-49-podlehl-v-pouhych-49-letech-als.html\" class=\"article-card article-card--type-1 artobj\" data-track-click=\"{&quot;clickTo&quot;:&quot;button&quot;,&quot;link&quot;:{&quot;type&quot;:&quot;article-card&quot;,&quot;text&quot;:&quot;Zem\u0159ela hv\u011bzda Star Treku: Kenneth Mitchell (\u202049) podlehl v pouh\u00fdch 49 letech ALS!&quot;,&quot;url&quot;:&quot;https:\/\/www.blesk.cz\/clanek\/celebrity-svetove-celebrity\/779997\/zemrela-hvezda-star-treku-kenneth-mitchell-49-podlehl-v-pouhych-49-letech-als.html&quot;,&quot;location&quot;:&quot;page&quot;}}\" data-track-element-id=\"artobject-article-link-1-779997\" data-track-list=\"{\" item=\"\" hv=\"\" star=\"\" treku:=\"\" kenneth=\"\" mitchell=\"\" podlehl=\"\" v=\"\" pouh=\"\" letech=\"\" als=\"\" rel=\"nofollow noopener\" target=\"_blank\"><\/p>\n<p>\t<img decoding=\"async\" src=\"https:\/\/www.europesays.com\/cz\/wp-content\/uploads\/2026\/08\/8944521.jpg\" alt=\"Kenneth Mitchell podlehl ALS.\" title=\"\" width=\"238\" height=\"158,67\" class=\"\" style=\"aspect-ratio: 238 \/ 158,67\" loading=\"lazy\"\/><\/p>\n<p>    Zem\u0159ela hv\u011bzda Star Treku: Kenneth Mitchell (\u202049) podlehl v pouh\u00fdch 49 letech ALS!<\/p>\n<p>    <\/a><\/p>\n<p>Mimo vesm\u00edr Federace si jej \u0159ada div\u00e1k\u016f dodnes pamatuje jako charismatick\u00e9ho pr\u016fvodce kultovn\u00edm po\u0159adem V\u011b\u0159te nev\u011b\u0159te, ve kter\u00e9m s typick\u00fdm \u00fasm\u011bvem pokl\u00e1dal legend\u00e1rn\u00ed ot\u00e1zku: \u201eStalo se to skute\u010dn\u011b, nebo jsme si to cel\u00e9 vymysleli<\/p>\n<p>Spole\u010dn\u011b s Frakesem doraz\u00ed i jeho seri\u00e1lov\u00e1 l\u00e1ska Marina Sirtis (71). Ta se nesmazateln\u011b zapsala do historie sci-fi \u017e\u00e1nru rol\u00ed Deanny Troi v seri\u00e1lu Star Trek: Nov\u00e1 generace. Svou ikonickou postavu n\u00e1sledn\u011b ztv\u00e1rnila tak\u00e9 ve filmech Star Trek: Generace, Star Trek: Prvn\u00ed kontakt, Star Trek: Vzpoura a Star Trek: Nemesis a vr\u00e1tila se k n\u00ed i v seri\u00e1lech Star Trek: Voyager, Star Trek: Enterprise, Star Trek: Picard a Star Trek: Lower Decks.<\/p>\n<p class=\"normal\">Comic-Con Prague se v posledn\u00edch letech za\u0159adil mezi nejv\u011bt\u0161\u00ed akce sv\u00e9ho druhu ve st\u0159edn\u00ed Evrop\u011b a ka\u017edoro\u010dn\u011b roz\u0161i\u0159uje sv\u016fj program, pro rok 2027 hned n\u011bkolika novinkami. N\u00e1v\u0161t\u011bvn\u00edci se mohou t\u011b\u0161it na obl\u00edben\u00e9 programov\u00e9 linie v\u011bnovan\u00e9 film\u016fm a seri\u00e1l\u016fm, science fiction, fantasy, komiks\u016fm, anime, videohr\u00e1m, dabingu \u010di literatu\u0159e, v\u010detn\u011b popul\u00e1rn\u00edch sc\u00e9n Serial Killer a Future Line.<\/p>\n<p>    <a aria-label=\"Zem\u0159ela hv\u011bzda Star Treku (\u202073): N\u00e1hl\u00fd skon velvyslance Sovala ozn\u00e1mila jeho ex\" title=\"Zem\u0159ela hv\u011bzda Star Treku (\u202073): N\u00e1hl\u00fd skon velvyslance Sovala ozn\u00e1mila jeho ex\" href=\"https:\/\/www.blesk.cz\/clanek\/celebrity-svetove-celebrity\/776843\/zemrela-hvezda-star-treku-73-nahly-skon-velvyslance-sovala-oznamila-jeho-ex.html\" class=\"article-card article-card--type-1 artobj\" data-track-click=\"{&quot;clickTo&quot;:&quot;button&quot;,&quot;link&quot;:{&quot;type&quot;:&quot;article-card&quot;,&quot;text&quot;:&quot;Zem\u0159ela hv\u011bzda Star Treku (\u202073): N\u00e1hl\u00fd skon velvyslance Sovala ozn\u00e1mila jeho ex&quot;,&quot;url&quot;:&quot;https:\/\/www.blesk.cz\/clanek\/celebrity-svetove-celebrity\/776843\/zemrela-hvezda-star-treku-73-nahly-skon-velvyslance-sovala-oznamila-jeho-ex.html&quot;,&quot;location&quot;:&quot;page&quot;}}\" data-track-element-id=\"artobject-article-link-2-776843\" data-track-list=\"{\" item=\"\" hv=\"\" star=\"\" treku=\"\" n=\"\" skon=\"\" velvyslance=\"\" sovala=\"\" ozn=\"\" jeho=\"\" ex=\"\" sko oz rel=\"nofollow noopener\" target=\"_blank\"><\/p>\n<p>\t<img decoding=\"async\" src=\"https:\/\/www.europesays.com\/cz\/wp-content\/uploads\/2026\/08\/8868823.jpg\" alt=\"Herec Gary Graham\" title=\"\" width=\"238\" height=\"158,67\" class=\"\" style=\"aspect-ratio: 238 \/ 158,67\" loading=\"lazy\"\/><\/p>\n<p>    Zem\u0159ela hv\u011bzda Star Treku (\u202073): N\u00e1hl\u00fd skon velvyslance Sovala ozn\u00e1mila jeho ex<\/p>\n<p>    <\/a><\/p>\n<p class=\"normal\">Ned\u00edlnou sou\u010d\u00e1st\u00ed festivalu jsou tak\u00e9 rozs\u00e1hl\u00e9 partnersk\u00e9 interaktivn\u00ed expozice, kter\u00e9 umo\u017en\u00ed fanou\u0161k\u016fm vstoupit do sv\u011bt\u016f jejich obl\u00edben\u00fdch zna\u010dek, vyzkou\u0161et si nejr\u016fzn\u011bj\u0161\u00ed aktivity a zapojit se do sout\u011b\u017e\u00ed. Deskoherna nab\u00eddne des\u00edtky hern\u00edch novinek i turnaj\u016f, videoherna pak stovky hern\u00edch m\u00edst s nejnov\u011bj\u0161\u00edmi i klasick\u00fdmi tituly. Chyb\u011bt nebudou cosplay sout\u011b\u017ee, v\u00fdstavy, workshopy, setk\u00e1n\u00ed fanou\u0161kovsk\u00fdch skupin ani rozs\u00e1hl\u00e1 prodejn\u00ed z\u00f3na s des\u00edtkami vystavovatel\u016f nab\u00edzej\u00edc\u00edch komiksy, knihy, sb\u011bratelsk\u00e9 p\u0159edm\u011bty, merchandise \u010di origin\u00e1ln\u00ed tvorbu autor\u016f v sekci Artist Alley. Comic-Con Prague tak nen\u00ed jen p\u0159\u00edle\u017eitost\u00ed setkat se s obl\u00edben\u00fdmi herci a tv\u016frci, ale p\u0159edev\u0161\u00edm jedine\u010dn\u00fdm v\u00edkendov\u00fdm z\u00e1\u017eitkem, kter\u00fd propojuje v\u0161echny oblasti modern\u00ed popkultury na jednom m\u00edst\u011b.<\/p>\n<p>Dal\u0161\u00ed host\u00e9, programov\u00e9 novinky a podrobnosti o vstupenk\u00e1ch budou organiz\u00e1to\u0159i postupn\u011b zve\u0159ej\u0148ovat na webu a soci\u00e1ln\u00edch s\u00edt\u00edch festivalu.<\/p>\n<p>Pro dal\u0161\u00ed novinky a aktuality sledujte web a soci\u00e1ln\u00ed s\u00edt\u011b, kam jsou postupn\u011b p\u0159id\u00e1v\u00e1ny fin\u00e1ln\u00ed,\u00a0podrobn\u011bj\u0161\u00ed informace:<\/p>\n<p>Web: <a href=\"https:\/\/www.comiccon.cz\/\" rel=\"nofollow noopener\" target=\"_blank\">https:\/\/www.comiccon.cz\/<\/a>\u00a0<\/p>\n<p>          <a class=\"galleryNext\" href=\"https:\/\/www.blesk.cz\/galerie\/celebrity-serialy-filmy-kino-a-tv\/1496361\/star-trek-oslavi-60-let-v-cesku-praha-i-brno-privitaji-nejvetsi-hvezdy-serialu?foto=2\" rel=\"nofollow noopener\" target=\"_blank\"><\/p>\n<p>          <\/a><br \/>\n          <a href=\"https:\/\/www.blesk.cz\/galerie\/celebrity-serialy-filmy-kino-a-tv\/1496361\/star-trek-oslavi-60-let-v-cesku-praha-i-brno-privitaji-nejvetsi-hvezdy-serialu?foto=1\" class=\"photoIn\" rel=\"nofollow noopener\" target=\"_blank\"><br \/>\n            <img decoding=\"async\" src=\"https:\/\/www.europesays.com\/cz\/wp-content\/uploads\/2026\/08\/9952579.jpg\" title=\"Marina Sirtis jako Deanna Troi\" alt=\"Marina Sirtis jako Deanna Troi\" width=\"520\" loading=\"lazy\"\/><br \/>\n          <\/a><\/p>\n<p>Marina Sirtis jako Deanna Troi<\/p>\n<p>Autor:\u00a0abl<\/p>\n<p>\u00a0<\/p>\n","protected":false},"excerpt":{"rendered":"Listopadov\u00fd\u00a0Comic-Con Brno &amp; Junior 2026 fanou\u0161k\u016fm Star Treku naordinoval hned dva herce, kte\u0159\u00ed si ve vesm\u00edru zahr\u00e1li doktory.&hellip;\n","protected":false},"author":2,"featured_media":196239,"comment_status":"","ping_status":"","sticky":false,"template":"","format":"standard","meta":{"footnotes":"","_share_on_mastodon":"0"},"categories":[30],"tags":[92,42,45187,45186,4000,45191,3547,45189,45190,98,99,45188,4045,45193,45192,1540],"class_list":["post-196238","post","type-post","status-publish","format-standard","has-post-thumbnail","category-praha","tag-brno","tag-cesko","tag-comic-con-brno-junior-2026","tag-comic-con-prague-2027","tag-film","tag-gates-mcfadden","tag-hvezda","tag-jonathan-frakes","tag-marina-sirtis","tag-prague","tag-praha","tag-robert-picardo","tag-star-trek","tag-star-trek-nova-generace","tag-star-trek-picard","tag-vesmir"],"share_on_mastodon":{"url":"https:\/\/pubeurope.com\/@cz\/117184435779186601","error":""},"_links":{"self":[{"href":"https:\/\/www.europesays.com\/cz\/wp-json\/wp\/v2\/posts\/196238","targetHints":{"allow":["GET"]}}],"collection":[{"href":"https:\/\/www.europesays.com\/cz\/wp-json\/wp\/v2\/posts"}],"about":[{"href":"https:\/\/www.europesays.com\/cz\/wp-json\/wp\/v2\/types\/post"}],"author":[{"embeddable":true,"href":"https:\/\/www.europesays.com\/cz\/wp-json\/wp\/v2\/users\/2"}],"replies":[{"embeddable":true,"href":"https:\/\/www.europesays.com\/cz\/wp-json\/wp\/v2\/comments?post=196238"}],"version-history":[{"count":0,"href":"https:\/\/www.europesays.com\/cz\/wp-json\/wp\/v2\/posts\/196238\/revisions"}],"wp:featuredmedia":[{"embeddable":true,"href":"https:\/\/www.europesays.com\/cz\/wp-json\/wp\/v2\/media\/196239"}],"wp:attachment":[{"href":"https:\/\/www.europesays.com\/cz\/wp-json\/wp\/v2\/media?parent=196238"}],"wp:term":[{"taxonomy":"category","embeddable":true,"href":"https:\/\/www.europesays.com\/cz\/wp-json\/wp\/v2\/categories?post=196238"},{"taxonomy":"post_tag","embeddable":true,"href":"https:\/\/www.europesays.com\/cz\/wp-json\/wp\/v2\/tags?post=196238"}],"curies":[{"name":"wp","href":"https:\/\/api.w.org\/{rel}","templated":true}]}}