{"id":196268,"date":"2026-08-30T12:56:08","date_gmt":"2026-08-30T12:56:08","guid":{"rendered":"https:\/\/www.europesays.com\/cz\/196268\/"},"modified":"2026-08-30T12:56:08","modified_gmt":"2026-08-30T12:56:08","slug":"foto-tady-zacina-pivo-polepske-chmelnice-drzi-tradici-i-stare-odrudy-novinky","status":"publish","type":"post","link":"https:\/\/www.europesays.com\/cz\/196268\/","title":{"rendered":"FOTO: Tady za\u010d\u00edn\u00e1 pivo. Polepsk\u00e9 chmelnice dr\u017e\u00ed tradici i star\u00e9 odr\u016fdy &#8211; Novinky"},"content":{"rendered":"<p><a href=\"https:\/\/news.google.com\/rss\/articles\/CBMitAFBVV95cUxPczZQTEduSzNycjN1U2FFZHg1Zk1YbTdrMFc5ZHdrVnpSd2hGb2RaOGhnMEhOeHc5dno2Z19BYVk5SS14cFhnV1NCdC1sYk9rU01FcXhjMlhpWldIRXpjUFdUNnNiQkVKd3VtdVBjZWU4anpMY1JLYl8zQXNrUm9Gdk1WeW92ZWh3R2s3MjYzU2Z0Tk0yY2FVWlNGcHhOMGZyLXNrR3BzY0NrblFFdjh3M3ZGZWc?oc=5\" target=\"_blank\" rel=\"nofollow noopener\">FOTO: Tady za\u010d\u00edn\u00e1 pivo. Polepsk\u00e9 chmelnice dr\u017e\u00ed tradici i star\u00e9 odr\u016fdy<\/a>&nbsp;&nbsp;Novinky<a href=\"https:\/\/news.google.com\/rss\/articles\/CBMipAFBVV95cUxNZWl6eDlaRXptZnRlcHNidWV5SnFpZHNJd2VJSU5MWVBFZDVYLU5jbHBLQ2s3NTE3VlZ3VEZZTm5kNEp1NGNfNWY5X2hSLVh1bWlrWE9aRlBTbndZeDNHQUhBWVNOdU9Vd01mSVByNEc1SlRFSGtXdHNsNTlVb2lEbEpjZUwyUmJCRTZzQnVINWxCS0g0SG9aeU1ES01JbVVEYV9WSw?oc=5\" target=\"_blank\" rel=\"nofollow noopener\">\u010cesa\u010dky v Kokor\u00e1ch se rozb\u011bhly. \u00daroda chmele bude podpr\u016fm\u011brn\u00e1<\/a>&nbsp;&nbsp;P\u0159erovsk\u00fd den\u00edk<a href=\"https:\/\/news.google.com\/rss\/articles\/CBMirwFBVV95cUxOLUhtbENYRDVNT180Ym5KeldBYl9ObXBFbWR0OVc4Wjh5WlBRQi1ib2NDVHN5ZTZJR0dSdHVuancyemxMZ3c1bUkxaWVqRUFkNlk4MEt2RTB2MkhyT3ZsZ3hRR0pfY0JTZlN4OVRGTGdOajZqS3RYdXo2d3R1N1FzR2h3a3BZNlFCdTF4Y3J2QlZSTXlLR0RGTmF0YlNGTXR4RU9EdzBicWI3Y05QZkdj?oc=5\" target=\"_blank\" rel=\"nofollow noopener\">Chmela\u0159i letos \u010dekaj\u00ed a\u017e o \u010dtvrtinu ni\u017e\u0161\u00ed \u00farodu kv\u016fli suchu a horku<\/a>&nbsp;&nbsp;Ekolist.cz<a href=\"https:\/\/news.google.com\/rss\/articles\/CBMirwFBVV95cUxPYWF0UnhHRUxCQk1Ic2xVbXlnUkp2MUh5MXNGUFBUaXRWSVFHa2M4OWt5VXdkS0htX2Y1b1RIaXc5RVB0M2pTYXRvU1IxaEJ5S3VYVng2MWVvLV9vNmlzT1paSTdvWFVuelYyTnFSaTZab1NyQzZRVEI5Rl8tX09nUXliWk5kWURXUjF4Q2o5eXJPZm10dUhZM1p1U1VVVjRPeWVnZVpjZGE1Ump3TW9Z?oc=5\" target=\"_blank\" rel=\"nofollow noopener\">Se zavla\u017eov\u00e1n\u00edm chmelnic na \u017datecku by m\u011bly do budoucna pomoci nov\u00e9 vodn\u00ed n\u00e1dr\u017ee<\/a>&nbsp;&nbsp;\u010cesk\u00fd rozhlas Sever<a href=\"https:\/\/news.google.com\/rss\/articles\/CBMizwFBVV95cUxNTVk1X25MMUo2R0trQXJwWDk0Ml9IeEc4TFJoZnpNNVd3eGxYOGlHV1QzNXo3d0ZTaUFhVjBNQlJPc3F0ZUtaLUlTUDluOWt1SmFIaFl6WXNFV2ZTazZQSEZaQ09RUmlwZnJsQ2FUdXRsRUF5Mk4xV3h0QnlLZmY4ODR2M3F1eS1iY1BXZnRGLV9RX2piT0s2MTVCSGZ6aGZYS1FTdERKeUx5MnNJenZhbkJ6OUo2STE2T0I3YldSMUw2V19qV2gtbmQ1ZVNycHc?oc=5\" target=\"_blank\" rel=\"nofollow noopener\">Sklize\u0148 chmele se rozjela naplno. \u00daroda bude hor\u0161\u00ed kv\u016fli vedru a suchu, ale piva by m\u011blo b\u00fdt i tak dost<\/a>&nbsp;&nbsp;Noviny Zbl\u00edzka<\/p>\n","protected":false},"excerpt":{"rendered":"FOTO: Tady za\u010d\u00edn\u00e1 pivo. Polepsk\u00e9 chmelnice dr\u017e\u00ed tradici i star\u00e9 odr\u016fdy&nbsp;&nbsp;Novinky\u010cesa\u010dky v Kokor\u00e1ch se rozb\u011bhly. \u00daroda chmele bude&hellip;\n","protected":false},"author":2,"featured_media":196269,"comment_status":"","ping_status":"","sticky":false,"template":"","format":"standard","meta":{"footnotes":"","_share_on_mastodon":"0"},"categories":[7],"tags":[43,42,7553,41,40,1470,22043],"class_list":["post-196268","post","type-post","status-publish","format-standard","has-post-thumbnail","category-cesko","tag-ceska-republika","tag-cesko","tag-chmel","tag-czech-republic","tag-czechia","tag-pivo","tag-pivovary"],"share_on_mastodon":{"url":"https:\/\/pubeurope.com\/@cz\/117184573305699923","error":""},"_links":{"self":[{"href":"https:\/\/www.europesays.com\/cz\/wp-json\/wp\/v2\/posts\/196268","targetHints":{"allow":["GET"]}}],"collection":[{"href":"https:\/\/www.europesays.com\/cz\/wp-json\/wp\/v2\/posts"}],"about":[{"href":"https:\/\/www.europesays.com\/cz\/wp-json\/wp\/v2\/types\/post"}],"author":[{"embeddable":true,"href":"https:\/\/www.europesays.com\/cz\/wp-json\/wp\/v2\/users\/2"}],"replies":[{"embeddable":true,"href":"https:\/\/www.europesays.com\/cz\/wp-json\/wp\/v2\/comments?post=196268"}],"version-history":[{"count":0,"href":"https:\/\/www.europesays.com\/cz\/wp-json\/wp\/v2\/posts\/196268\/revisions"}],"wp:featuredmedia":[{"embeddable":true,"href":"https:\/\/www.europesays.com\/cz\/wp-json\/wp\/v2\/media\/196269"}],"wp:attachment":[{"href":"https:\/\/www.europesays.com\/cz\/wp-json\/wp\/v2\/media?parent=196268"}],"wp:term":[{"taxonomy":"category","embeddable":true,"href":"https:\/\/www.europesays.com\/cz\/wp-json\/wp\/v2\/categories?post=196268"},{"taxonomy":"post_tag","embeddable":true,"href":"https:\/\/www.europesays.com\/cz\/wp-json\/wp\/v2\/tags?post=196268"}],"curies":[{"name":"wp","href":"https:\/\/api.w.org\/{rel}","templated":true}]}}