{"id":196318,"date":"2026-08-30T13:56:17","date_gmt":"2026-08-30T13:56:17","guid":{"rendered":"https:\/\/www.europesays.com\/cz\/196318\/"},"modified":"2026-08-30T13:56:17","modified_gmt":"2026-08-30T13:56:17","slug":"novy-cyklopruh-na-plzenske-v-praze-drazdi-sofery-i-cyklisty","status":"publish","type":"post","link":"https:\/\/www.europesays.com\/cz\/196318\/","title":{"rendered":"Nov\u00fd cyklopruh na\u00a0Plze\u0148sk\u00e9 v\u00a0Praze dr\u00e1\u017ed\u00ed \u0161of\u00e9ry i\u00a0cyklisty"},"content":{"rendered":"<p class=\"c_bB\">Pra\u017ean\u00e9 pohybuj\u00edc\u00ed se po m\u011bst\u011b p\u0159ev\u00e1\u017en\u011b za volantem si st\u011b\u017euj\u00ed na nesmyslnost opat\u0159en\u00ed, kter\u00e9 podle nich bude brzdit plynulost dopravy. \u201eTak u\u017e tu Plze\u0148skou \u00fapln\u011b zav\u0159ete pro auta a\u00a0bude klid. Jenom idiot ub\u00edr\u00e1 m\u00edsto pro auta na v\u00fdpadovce z\u00a0centra. Kdo m\u00e1 tohle na sv\u011bdom\u00ed?\u201c post\u011b\u017eoval si m\u00edstn\u00ed \u0161of\u00e9r Radek \u0160\u0165astn\u00fd v\u00a0<a data-dot=\"atm-link\" target=\"_blank\" rel=\"noopener nofollow\" href=\"https:\/\/www.facebook.com\/mestemnakole\/posts\/pfbid0VbkCHT3cQE1p2xKAjXEuCEmH76bLZ7otrJ2jn5VLaaJcqXaRsSpvznA646YACZ4ul?rdid=ffSZ0J1YD5gOitMN#\" class=\"c_I\">p\u0159\u00edsp\u011bvku<\/a> na soci\u00e1ln\u00edch s\u00edt\u00edch.<\/p>\n<p class=\"c_bB\">Jin\u00ed zase maj\u00ed obavy, \u017ee j\u00edzda na kole po ru\u0161n\u00e9 ulici vedle rychle jedouc\u00edch aut bude nebezpe\u010dn\u00e1. \u201eJ\u00e1 to v\u00edt\u00e1m. Plze\u0148sk\u00e1 je jedna z\u00a0m\u00e1la ulic, kam jsem se na kole v\u00a0Praze b\u00e1l\u2026 boj\u00edm se aut ileg\u00e1ln\u011b parkuj\u00edc\u00edch m\u00edsto na chodn\u00edku v\u00a0cyklopruhu. Obj\u00ed\u017ed\u011bt je bude extra nebezpe\u010dn\u00e9,\u201c dodal pra\u017esk\u00fd cyklista Zbyn\u011bk \u017ditn\u00fd.<\/p>\n<p>Zmizela parkovac\u00ed m\u00edsta<\/p>\n<p class=\"c_bB\">Pra\u017esk\u00fd n\u00e1m\u011bstek pro dopravu Jarom\u00edr Ber\u00e1nek (Pir\u00e1ti) na dotaz Novinek ohledn\u011b zm\u011bn argumentoval t\u00edm, \u017ee silnice by bez koridoru pro kola byla moc \u0161irok\u00e1. A\u00a0tak musela u\u00a0kraje zmizet p\u016fvodn\u00ed parkovac\u00ed m\u00edsta, proto\u017ee odstup od tramvajov\u00e9 trati \u010dinil kolem 5\u00a0metr\u016f. To je pr\u00fd moc m\u00e1lo na vyzna\u010den\u00ed dvou plnohodnotn\u00fdch j\u00edzdn\u00edch pruh\u016f, ale zase p\u0159\u00edli\u0161 hodn\u011b na pruh samostatn\u00fd.<\/p>\n<p><a data-dot=\"atm-link\" target=\"_self\" href=\"https:\/\/www.novinky.cz\/clanek\/domaci-zpravy-hlavni-mesto-praha-znacka-dovoli-vjet-dalsi-uz-ne-instruktor-ukazal-tri-mista-v-praze-ktera-matou-ridice-40594406\" class=\"c_I\" rel=\"nofollow noopener\"><img fetchpriority=\"high\" height=\"1080\" width=\"1920\" src=\"https:\/\/www.europesays.com\/cz\/wp-content\/uploads\/2026\/08\/1788098176_132_doprava-znaceni.jpeg\" loading=\"eager\" decoding=\"sync\" class=\"c_t c_r\"\/><\/a><\/p>\n<p class=\"c_bB\">\u201eNen\u00ed vhodn\u00e9 ponech\u00e1vat jeden p\u0159ibli\u017en\u011b p\u011bt metr\u016f \u0161irok\u00fd j\u00edzdn\u00ed pruh bez dal\u0161\u00edho \u010dlen\u011bn\u00ed, a\u00a0to i\u00a0s ohledem na rychlost vozidel, mo\u017enost bezpe\u010dn\u00e9ho p\u0159edj\u00ed\u017ed\u011bn\u00ed cyklist\u016f p\u0159i zachov\u00e1n\u00ed z\u00e1konn\u00e9ho bo\u010dn\u00edho odstupu nebo bezpe\u010dn\u00e9 vystoupen\u00ed ze zaparkovan\u00fdch vozidel. Zb\u00fdvaj\u00edc\u00ed \u010d\u00e1st profilu proto byla vyu\u017eita pro ochrann\u00fd j\u00edzdn\u00ed pruh pro cyklisty,\u201c od\u016fvodnil pro Novinky Ber\u00e1nek.<\/p>\n<p class=\"c_bB\">Situace mohla b\u00fdt nav\u00edc pro dopravu je\u0161t\u011b komplikovan\u011bj\u0161\u00ed, pokud by na m\u00edst\u011b z\u016fstal betonov\u00fd ostr\u016fvek u\u00a0odbo\u010dky do ulice U\u00a0Pali\u00e1rky. Ten na\u0161t\u011bst\u00ed nechali silni\u010d\u00e1\u0159i odstranit. Na vozovkov\u00e9 cyklotrase v\u00fd\u010dn\u011blek tr\u010del od obrubn\u00edku cca jeden metr sm\u011brem k\u00a0pruhu pro auta, a\u00a0t\u00edm nutil cyklisty zaj\u00ed\u017ed\u011bt nebezpe\u010dn\u011b bl\u00edzko pod\u00e9l motorov\u00fdch vozidel. Nakonec byl ale b\u011bhem srpna zbo\u0159en a\u00a0je zamalov\u00e1n silni\u010dn\u00edm \u0161rafov\u00e1n\u00edm s\u00a0pln\u00fdmi \u010darami.<\/p>\n<p class=\"c_bB\">\u201e\u0160lo o\u00a0p\u016fvodn\u00ed projektov\u00e9 \u0159e\u0161en\u00ed, kter\u00e9 bylo na z\u00e1klad\u011b n\u00e1sledn\u00fdch jedn\u00e1n\u00ed s\u00a0m\u011bstskou \u010d\u00e1st\u00ed upraveno,\u201c potvrdila Novink\u00e1m mluv\u010d\u00ed Technick\u00e9 spr\u00e1vy komunikac\u00ed Barbora Li\u0161kov\u00e1.<\/p>\n<p><a data-dot=\"atm-link\" target=\"_self\" href=\"https:\/\/www.novinky.cz\/clanek\/domaci-zpravy-hlavni-mesto-praha-novy-cyklopruh-na-cernem-moste-budi-vasne-jde-o-extremne-nebezpecny-usek-40531535\" class=\"c_I\" rel=\"nofollow noopener\"><img height=\"879\" width=\"1563\" src=\"https:\/\/www.europesays.com\/cz\/wp-content\/uploads\/2026\/08\/praha-cyklopruh-cerny-most-metro-b-kolo-chlumecka.jpeg\" loading=\"eager\" decoding=\"sync\" class=\"c_t c_r\"\/><\/a><\/p>\n","protected":false},"excerpt":{"rendered":"Pra\u017ean\u00e9 pohybuj\u00edc\u00ed se po m\u011bst\u011b p\u0159ev\u00e1\u017en\u011b za volantem si st\u011b\u017euj\u00ed na nesmyslnost opat\u0159en\u00ed, kter\u00e9 podle nich bude brzdit&hellip;\n","protected":false},"author":2,"featured_media":196319,"comment_status":"","ping_status":"","sticky":false,"template":"","format":"standard","meta":{"footnotes":"","_share_on_mastodon":"0"},"categories":[30],"tags":[12428,2408,5470,98,99,214,1638],"class_list":["post-196318","post","type-post","status-publish","format-standard","has-post-thumbnail","category-praha","tag-cyklopruhy","tag-magistrat-hlavniho-mesta-prahy","tag-nebezpeci","tag-prague","tag-praha","tag-praha-5","tag-technicka-sprava-komunikaci-tsk"],"share_on_mastodon":{"url":"https:\/\/pubeurope.com\/@cz\/117184809597164297","error":""},"_links":{"self":[{"href":"https:\/\/www.europesays.com\/cz\/wp-json\/wp\/v2\/posts\/196318","targetHints":{"allow":["GET"]}}],"collection":[{"href":"https:\/\/www.europesays.com\/cz\/wp-json\/wp\/v2\/posts"}],"about":[{"href":"https:\/\/www.europesays.com\/cz\/wp-json\/wp\/v2\/types\/post"}],"author":[{"embeddable":true,"href":"https:\/\/www.europesays.com\/cz\/wp-json\/wp\/v2\/users\/2"}],"replies":[{"embeddable":true,"href":"https:\/\/www.europesays.com\/cz\/wp-json\/wp\/v2\/comments?post=196318"}],"version-history":[{"count":0,"href":"https:\/\/www.europesays.com\/cz\/wp-json\/wp\/v2\/posts\/196318\/revisions"}],"wp:featuredmedia":[{"embeddable":true,"href":"https:\/\/www.europesays.com\/cz\/wp-json\/wp\/v2\/media\/196319"}],"wp:attachment":[{"href":"https:\/\/www.europesays.com\/cz\/wp-json\/wp\/v2\/media?parent=196318"}],"wp:term":[{"taxonomy":"category","embeddable":true,"href":"https:\/\/www.europesays.com\/cz\/wp-json\/wp\/v2\/categories?post=196318"},{"taxonomy":"post_tag","embeddable":true,"href":"https:\/\/www.europesays.com\/cz\/wp-json\/wp\/v2\/tags?post=196318"}],"curies":[{"name":"wp","href":"https:\/\/api.w.org\/{rel}","templated":true}]}}