{"id":196342,"date":"2026-08-30T14:25:07","date_gmt":"2026-08-30T14:25:07","guid":{"rendered":"https:\/\/www.europesays.com\/cz\/196342\/"},"modified":"2026-08-30T14:25:07","modified_gmt":"2026-08-30T14:25:07","slug":"zoo-praha-odchovala-zoborozce-kaferskeho-diky-triku-samec-nicil-snusky-chovatele-ho-prelstili","status":"publish","type":"post","link":"https:\/\/www.europesays.com\/cz\/196342\/","title":{"rendered":"Zoo Praha odchovala zoboro\u017ece kafersk\u00e9ho d\u00edky triku. Samec ni\u010dil sn\u016f\u0161ky, chovatel\u00e9 ho p\u0159elstili"},"content":{"rendered":"<p>Dubnov\u00e9 r\u00e1no v z\u00e1zem\u00ed trojsk\u00e9 zahrady. Chovatelky opatrn\u011b vyj\u00edmaj\u00ed z hn\u00edzda skute\u010dn\u00e9 vejce a na jeho m\u00edsto pokl\u00e1daj\u00ed atrapu.\n<\/p>\n<p>Samice si z\u00e1m\u011bny nev\u0161imne, d\u00e1l sed\u00ed. Prav\u00e9 vejce putuje do l\u00edhn\u011b. Za\u010d\u00edn\u00e1 operace, kter\u00e1 o \u010dty\u0159i m\u011bs\u00edce pozd\u011bji vynese na sv\u011btlo jedno z pouh\u00fdch sedmi leto\u0161n\u00edch evropsk\u00fdch ml\u00e1\u010fat zoboro\u017ece kafersk\u00e9ho, pt\u00e1ka, jeho\u017e reprodukce v zajet\u00ed p\u0159ipom\u00edn\u00e1 sp\u00ed\u0161 \u0161achovou partii ne\u017e rutinn\u00ed odchov.<\/p>\n<p>Pro\u010d musel Vendel\u00edn o vejce p\u0159ij\u00edt<\/p>\n<p>Jednat\u0159icetilet\u00fd samec Vendel\u00edn pat\u0159\u00ed k pra\u017esk\u00e9 historii druhu doslova od kol\u00e9bky. Vyl\u00edhl se v roce 1995 jako potomek p\u00e1ru, kter\u00fd o rok d\u0159\u00edve zvl\u00e1dl v\u016fbec prvn\u00ed evropsk\u00fd odchov zoboro\u017ece kafersk\u00e9ho. Jen\u017ee v posledn\u00edch sezon\u00e1ch opakovan\u011b ni\u010dil snesen\u00e1 vejce, z dosud nezve\u0159ejn\u011bn\u00fdch p\u0159\u00ed\u010din. Ka\u017ed\u00e1 zni\u010den\u00e1 sn\u016f\u0161ka p\u0159itom znamen\u00e1 ztr\u00e1tu cel\u00e9ho roku, proto\u017ee samice klade obvykle jen jednou za sezonu. U druhu, kde <a rel=\"nofollow noopener\" href=\"https:\/\/www.sanbi.org\/animal-of-the-week\/southern-ground-hornbill\/\" target=\"_blank\">SANBI<\/a> uv\u00e1d\u00ed pr\u016fm\u011br jednoho \u00fasp\u011b\u0161n\u011b vyveden\u00e9ho ml\u00e1d\u011bte za \u0161est let, si takov\u00fd luxus nem\u016f\u017ee dovolit \u017e\u00e1dn\u00e1 zahrada.<\/p>\n<p>Odborn\u00e1 literatura popisuje u zoboro\u017ec\u016f kafersk\u00fdch v zajet\u00ed zv\u00fd\u0161enou agresi, \u010dast\u011bji pr\u00e1v\u011b ze strany samc\u016f a v rozmno\u017eovac\u00edm obdob\u00ed. Zda p\u0159esn\u011b tohle stoj\u00ed za Vendel\u00ednov\u00fdm chov\u00e1n\u00edm, zoo ve\u0159ejn\u011b nepotvrdila. Chovatelsk\u00fd t\u00fdm se ka\u017edop\u00e1dn\u011b rozhodl jednat.<\/p>\n<p>Podkladek, l\u00edhe\u0148 a dvojit\u00e1 m\u0159\u00ed\u017eka: anatomie chovatelsk\u00e9ho triku<\/p>\n<p>Cel\u00fd postup m\u011bl t\u0159i f\u00e1ze, z nich\u017e ka\u017ed\u00e1 nesla vlastn\u00ed riziko.<\/p>\n<p>Z\u00e1m\u011bna vejce. Kr\u00e1tce p\u0159ed o\u010dek\u00e1van\u00fdm l\u00edhnut\u00edm chovatelky odebraly prav\u00e9 vejce a nahradily ho podkladkem, tedy fale\u0161nou sn\u016f\u0161kou, jej\u00edm\u017e \u00fakolem bylo udr\u017eet samici na hn\u00edzd\u011b a zachovat norm\u00e1ln\u00ed pr\u016fb\u011bh sezen\u00ed. Skute\u010dn\u00e9 vejce zam\u00ed\u0159ilo do inkub\u00e1toru.Stabilizace ml\u00e1d\u011bte. Po vyl\u00edhnut\u00ed v dubnu n\u00e1sledoval zhruba m\u011bs\u00edc p\u00e9\u010de lidsk\u00fdch rukou. Kl\u00ed\u010dov\u00e9 bylo ml\u00e1d\u011b rozkrmit, ale z\u00e1rove\u0148 nep\u0159ipustit siln\u00e9 vti\u0161t\u011bn\u00ed na \u010dlov\u011bka, kter\u00e9 by sn\u00ed\u017eilo jeho budouc\u00ed chovatelskou hodnotu v r\u00e1mci evropsk\u00e9ho programu.N\u00e1vrat k rodi\u010d\u016fm. Kolem 65. dne v\u011bku um\u00edstil t\u00fdm ml\u00e1d\u011b do speci\u00e1ln\u00ed boudi\u010dky ji\u0161t\u011bn\u00e9 dv\u011bma m\u0159\u00ed\u017ekami. Nejprve ho krmily chovatelky, rodi\u010de mohli potomka vid\u011bt a sly\u0161et. Pak padla prvn\u00ed bari\u00e9ra a krmen\u00ed p\u0159evzali Vendel\u00edn se samic\u00ed. O t\u00fdden pozd\u011bji zmizela i druh\u00e1 m\u0159\u00ed\u017eka. Rodi\u010dovsk\u00e1 vazba se podle <a rel=\"nofollow noopener\" href=\"https:\/\/www.zoopraha.cz\/vse-o-zoo\/press\/tiskove-zpravy\/16311-odchov-zoborozce-kaferskeho-letos-vyjimecne-pred-zraky-navstevniku\" target=\"_blank\">Zoo Praha<\/a> pln\u011b obnovila.<\/p>\n<p>Sama zahrada ozna\u010duje podsazov\u00e1n\u00ed takto velk\u00e9ho ml\u00e1d\u011bte pod rodi\u010de za unik\u00e1tn\u00ed metodu, kterou u\u017e aplikovala i u n\u011bkolika dal\u0161\u00edch pta\u010d\u00edch druh\u016f. Nejde tedy o jednor\u00e1zov\u00fd experiment, ale o ov\u011b\u0159en\u00e9 know-how.<\/p>\n<p>Sedm ml\u00e1\u010fat v cel\u00e9 Evrop\u011b: pro\u010d ka\u017ed\u00fd zoboro\u017eec kafersk\u00fd po\u010d\u00edt\u00e1<\/p>\n<p>Zoboro\u017eec kafersk\u00fd figuruje na \u010cerven\u00e9m seznamu IUCN jako zraniteln\u00fd druh. V ji\u017en\u00ed Africe mu hroz\u00ed sekund\u00e1rn\u00ed otravy olovem, elektrokuce na veden\u00edch vysok\u00e9ho nap\u011bt\u00ed i \u00fabytek star\u00fdch dutinov\u00fdch strom\u016f vhodn\u00fdch k hn\u00edzd\u011bn\u00ed. Reprodukce je extr\u00e9mn\u011b pomal\u00e1; kooperativn\u00ed skupiny v p\u0159\u00edrod\u011b vychov\u00e1vaj\u00ed pr\u016fm\u011brn\u011b jedno ml\u00e1d\u011b za \u0161est let.<\/p>\n<p>V Evrop\u011b spad\u00e1 druh pod koordinovan\u00fd z\u00e1chrann\u00fd program <a rel=\"nofollow noopener\" href=\"https:\/\/strapi.eaza.net\/uploads\/March_2026_c25e62d811.pdf\" target=\"_blank\">EAZA<\/a>, kter\u00fd \u0159\u00edd\u00ed \u0159eck\u00e1 Attica Zoological Park. Letos v evropsk\u00fdch zahrad\u00e1ch vyr\u016fst\u00e1 v\u010detn\u011b pra\u017esk\u00e9ho p\u0159\u00edr\u016fstku pouh\u00fdch sedm ml\u00e1\u010fat. Praha p\u0159itom dr\u017e\u00ed celkov\u00fd sou\u010det \u0161estn\u00e1cti odchovan\u00fdch jedinc\u016f a historick\u00e9 prvenstv\u00ed z roku 1994, kdy se zoboro\u017eec kafersk\u00fd v evropsk\u00e9 zoo rozmno\u017eil v\u016fbec poprv\u00e9, tehdy je\u0161t\u011b p\u0159irozen\u011b, v zimovi\u0161ti s budkou a kr\u00e1tkou vstupn\u00ed chodbou.<\/p>\n<p>Leto\u0161n\u00ed p\u0159\u00edpad je oproti tomu v\u00fdrazn\u011b interven\u010dn\u00ed. A pr\u00e1v\u011b v tom spo\u010d\u00edv\u00e1 jeho hodnota: uk\u00e1zal, \u017ee i u p\u00e1ru s problematick\u00fdm samcem dok\u00e1\u017ee precizn\u011b d\u00e1vkovan\u00fd z\u00e1sah p\u0159in\u00e9st v\u00fdsledek, kter\u00fd p\u0159irozen\u00e1 cesta opakovan\u011b nedok\u00e1zala zajistit.<\/p>\n<p>Kde a kdy ml\u00e1d\u011b v Zoo Praha spat\u0159it na vlastn\u00ed o\u010di<\/p>\n<p>Od konce \u010dervence 2026 se trojice (Vendel\u00edn, samice a ml\u00e1d\u011b) pohybuje ve venkovn\u00edm v\u00fdb\u011bhu mezi expozic\u00ed vyder severoamerick\u00fdch a Pavilonem hroch\u016f. V\u00fdb\u011bh sd\u00edlej\u00ed s vodu\u0161kami abok, o kter\u00e9 se staraj\u00ed chovatelky kopytn\u00edk\u016f; i ony se na cel\u00e9m procesu pod\u00edlely. Zoo Praha uv\u00e1d\u00ed, \u017ee ml\u00e1d\u011b je \u201ev\u00fdjime\u010dn\u011b k vid\u011bn\u00ed p\u0159ed zraky n\u00e1v\u0161t\u011bvn\u00edk\u016f\u201c, a tato informace z\u016fst\u00e1vala na webu zahrady aktu\u00e1ln\u00ed je\u0161t\u011b ve druh\u00e9 polovin\u011b srpna. Otev\u00edrac\u00ed doba v z\u00e1v\u011bru l\u00e9ta \u010din\u00ed denn\u011b od 9 do 19 hodin, by\u0165 stoprocentn\u00ed viditelnost zv\u00ed\u0159ete ve venkovn\u00edm v\u00fdb\u011bhu pochopiteln\u011b garantovat nelze.<\/p>\n<p>Zdroj: <a href=\"https:\/\/vedazive.cz\/priroda-zvirata\/31lety-zoborozec-v-zoo-praha-nici-vlastni-vejce-chovatele-ho-prelstili-podkladkem-a-obnovili-rodicovskou-vazbu-pres-mrizku\/\" rel=\"nofollow noopener\" target=\"_blank\">V\u011bda\u017div\u011b.cz<\/a><\/p>\n<p>Autor: <a href=\"https:\/\/vedazive.cz\/author\/veronika-holeckova\/\" rel=\"nofollow noopener\" target=\"_blank\">Veronika Hole\u010dkov\u00e1<\/a><\/p>\n","protected":false},"excerpt":{"rendered":"Dubnov\u00e9 r\u00e1no v z\u00e1zem\u00ed trojsk\u00e9 zahrady. Chovatelky opatrn\u011b vyj\u00edmaj\u00ed z hn\u00edzda skute\u010dn\u00e9 vejce a na jeho m\u00edsto pokl\u00e1daj\u00ed&hellip;\n","protected":false},"author":2,"featured_media":196343,"comment_status":"","ping_status":"","sticky":false,"template":"","format":"standard","meta":{"footnotes":"","_share_on_mastodon":"0"},"categories":[30],"tags":[2038,18881,98,99],"class_list":["post-196342","post","type-post","status-publish","format-standard","has-post-thumbnail","category-praha","tag-clanek","tag-homepage","tag-prague","tag-praha"],"share_on_mastodon":{"url":"https:\/\/pubeurope.com\/@cz\/117184923387612240","error":""},"_links":{"self":[{"href":"https:\/\/www.europesays.com\/cz\/wp-json\/wp\/v2\/posts\/196342","targetHints":{"allow":["GET"]}}],"collection":[{"href":"https:\/\/www.europesays.com\/cz\/wp-json\/wp\/v2\/posts"}],"about":[{"href":"https:\/\/www.europesays.com\/cz\/wp-json\/wp\/v2\/types\/post"}],"author":[{"embeddable":true,"href":"https:\/\/www.europesays.com\/cz\/wp-json\/wp\/v2\/users\/2"}],"replies":[{"embeddable":true,"href":"https:\/\/www.europesays.com\/cz\/wp-json\/wp\/v2\/comments?post=196342"}],"version-history":[{"count":0,"href":"https:\/\/www.europesays.com\/cz\/wp-json\/wp\/v2\/posts\/196342\/revisions"}],"wp:featuredmedia":[{"embeddable":true,"href":"https:\/\/www.europesays.com\/cz\/wp-json\/wp\/v2\/media\/196343"}],"wp:attachment":[{"href":"https:\/\/www.europesays.com\/cz\/wp-json\/wp\/v2\/media?parent=196342"}],"wp:term":[{"taxonomy":"category","embeddable":true,"href":"https:\/\/www.europesays.com\/cz\/wp-json\/wp\/v2\/categories?post=196342"},{"taxonomy":"post_tag","embeddable":true,"href":"https:\/\/www.europesays.com\/cz\/wp-json\/wp\/v2\/tags?post=196342"}],"curies":[{"name":"wp","href":"https:\/\/api.w.org\/{rel}","templated":true}]}}