{"id":196366,"date":"2026-08-30T14:50:16","date_gmt":"2026-08-30T14:50:16","guid":{"rendered":"https:\/\/www.europesays.com\/cz\/196366\/"},"modified":"2026-08-30T14:50:16","modified_gmt":"2026-08-30T14:50:16","slug":"muz-za-volantem-mercedesu-mel-devet-zakazu-rizeni-auto-bylo-bez-technicke-jihlavska-drbna","status":"publish","type":"post","link":"https:\/\/www.europesays.com\/cz\/196366\/","title":{"rendered":"Mu\u017e za volantem mercedesu m\u011bl dev\u011bt z\u00e1kaz\u016f \u0159\u00edzen\u00ed, auto bylo bez technick\u00e9 \u2013 Jihlavsk\u00e1 Drbna"},"content":{"rendered":"<p>V p\u00e1tek kolem p\u016fl jeden\u00e1ct\u00e9 zastavili policist\u00e9 v N\u00e1m\u011b\u0161ti nad Oslavou osmadvacetilet\u00e9ho \u0159idi\u010de vozu Mercedes Benz. Ten m\u011bl dev\u011bt z\u00e1kaz\u016f \u0159\u00edzen\u00ed, nav\u00edc odm\u00edtl test na drogy a auto nem\u011blo platnou technickou kontrolu.<\/p>\n<p>\u201e\u0158idi\u010d s vozidlem proj\u00ed\u017ed\u011bl z ulice Na V\u00fdslun\u00ed v N\u00e1m\u011b\u0161ti nad Oslavou, kde byl na k\u0159\u00ed\u017een\u00ed s ulic\u00ed Brn\u011bnsk\u00e1 zastaven a kontrolov\u00e1n hl\u00eddkou policist\u016f,\u201c sd\u011blila policejn\u00ed mluv\u010d\u00ed Dana \u010c\u00edrtkov\u00e1 s t\u00edm, \u017ee za volantem sed\u011bl mu\u017e, kter\u00fd m\u011bl dev\u011bt platn\u00fdch z\u00e1kaz\u016f \u0159\u00edzen\u00ed. \u201eTyto z\u00e1kazy \u0159\u00edzen\u00ed vydaly spr\u00e1vn\u00ed org\u00e1ny m\u011bstsk\u00fdch \u00fa\u0159ad\u016f \u0160lapanice, Ivan\u010dice, Brno, P\u0159erov, Vy\u0161kov a Velk\u00e9 Mezi\u0159\u00ed\u010d\u00ed,\u201c up\u0159esnila.<\/p>\n<p>Posledn\u00ed z\u00e1kaz dostal od \u00fa\u0159adu ve Velk\u00e9m Mezi\u0159\u00ed\u010d\u00ed, byl na 36 m\u011bs\u00edc\u016f s trv\u00e1n\u00edm do \u010dervence 2029. Dechov\u00e1 zkou\u0161ka byla negativn\u00ed, test na p\u0159\u00edtomnost omamn\u00fdch a psychotropn\u00edch l\u00e1tek \u0159idi\u010d bezd\u016fvodn\u011b odm\u00edtl, stejn\u011b jako odb\u011br krve v nemocnici. D\u00e1le policist\u00e9 zjistili, \u017ee auto m\u00e1 neplatnou technickou kontrolu. To tak z\u016fstalo na m\u00edst\u011b a mu\u017e m\u011bl zak\u00e1zanou dal\u0161\u00ed j\u00edzdu.\u00a0<\/p>\n","protected":false},"excerpt":{"rendered":"V p\u00e1tek kolem p\u016fl jeden\u00e1ct\u00e9 zastavili policist\u00e9 v N\u00e1m\u011b\u0161ti nad Oslavou osmadvacetilet\u00e9ho \u0159idi\u010de vozu Mercedes Benz. Ten m\u011bl&hellip;\n","protected":false},"author":2,"featured_media":196367,"comment_status":"","ping_status":"","sticky":false,"template":"","format":"standard","meta":{"footnotes":"","_share_on_mastodon":"0"},"categories":[7],"tags":[43,42,41,40],"class_list":["post-196366","post","type-post","status-publish","format-standard","has-post-thumbnail","category-cesko","tag-ceska-republika","tag-cesko","tag-czech-republic","tag-czechia"],"share_on_mastodon":{"url":"https:\/\/pubeurope.com\/@cz\/117185021358412812","error":""},"_links":{"self":[{"href":"https:\/\/www.europesays.com\/cz\/wp-json\/wp\/v2\/posts\/196366","targetHints":{"allow":["GET"]}}],"collection":[{"href":"https:\/\/www.europesays.com\/cz\/wp-json\/wp\/v2\/posts"}],"about":[{"href":"https:\/\/www.europesays.com\/cz\/wp-json\/wp\/v2\/types\/post"}],"author":[{"embeddable":true,"href":"https:\/\/www.europesays.com\/cz\/wp-json\/wp\/v2\/users\/2"}],"replies":[{"embeddable":true,"href":"https:\/\/www.europesays.com\/cz\/wp-json\/wp\/v2\/comments?post=196366"}],"version-history":[{"count":0,"href":"https:\/\/www.europesays.com\/cz\/wp-json\/wp\/v2\/posts\/196366\/revisions"}],"wp:featuredmedia":[{"embeddable":true,"href":"https:\/\/www.europesays.com\/cz\/wp-json\/wp\/v2\/media\/196367"}],"wp:attachment":[{"href":"https:\/\/www.europesays.com\/cz\/wp-json\/wp\/v2\/media?parent=196366"}],"wp:term":[{"taxonomy":"category","embeddable":true,"href":"https:\/\/www.europesays.com\/cz\/wp-json\/wp\/v2\/categories?post=196366"},{"taxonomy":"post_tag","embeddable":true,"href":"https:\/\/www.europesays.com\/cz\/wp-json\/wp\/v2\/tags?post=196366"}],"curies":[{"name":"wp","href":"https:\/\/api.w.org\/{rel}","templated":true}]}}