{"id":196382,"date":"2026-08-30T15:10:12","date_gmt":"2026-08-30T15:10:12","guid":{"rendered":"https:\/\/www.europesays.com\/cz\/196382\/"},"modified":"2026-08-30T15:10:12","modified_gmt":"2026-08-30T15:10:12","slug":"tatana-kucharova-se-znovu-vdala-vzala-si-opet-ondreje-brzobohaty-poslal-vzkaz","status":"publish","type":"post","link":"https:\/\/www.europesays.com\/cz\/196382\/","title":{"rendered":"Ta\u0165\u00e1na Kucha\u0159ov\u00e1 se znovu vdala. Vzala si op\u011bt Ond\u0159eje, Brzobohat\u00fd poslal vzkaz"},"content":{"rendered":"<p>\n                        Modelka Ta\u0165\u00e1na Kucha\u0159ov\u00e1 po\u0159\u00e1dn\u011b p\u0159ekvapila. Zat\u00edmco o jej\u00edm soukrom\u00e9m \u017eivot\u011b v m\u00e9di\u00edch kolovaly pouh\u00e9 spekulace a nebylo jasn\u00e9, zda si po bou\u0159liv\u00e9m rozvodu s Ond\u0159ejem Brzobohat\u00fdm na\u0161la nov\u00e9ho partnera, podle webu Expres m\u00e1 Kucha\u0159ov\u00e1 b\u00fdt od soboty vdanou pan\u00ed. Jej\u00ed nov\u00fd man\u017eel se nav\u00edc m\u00e1 jmenovat tak\u00e9 Ond\u0159ej. Brzobohat\u00fd se k nov\u00e9mu s\u0148atku sv\u00e9 exman\u017eelky kr\u00e1tce vyj\u00e1d\u0159il.\n                    <\/p>\n<p>S\u00a0nov\u00fdm partnerem je Kucha\u0159ov\u00e1 podle webu <a target=\"_blank\" href=\"https:\/\/www.expres.cz\/celebrity\/kucharova-vsem-vypalila-rybnik-roky-hrala-single-pak-se-ukazalo-ze-ma-nejen-chlapa-ale-rovnou-manzel.A260830_142621_dx-celebrity_bpet\" rel=\"nofollow noopener\">Expres<\/a> u\u017e del\u0161\u00ed dobu. Vztah se tedy dvojici poda\u0159ilo \u00fasp\u011b\u0161n\u011b tajit a oproti medializovan\u00e9mu \u017eivotu s\u00a0Brzobohat\u00fdm tak dlouho z\u016fst\u00e1val nov\u00fd mu\u017e Kucha\u0159ov\u00e9 velkou nezn\u00e1mou.<\/p>\n<p>\u010cT\u011aTE TAK\u00c9: <a target=\"_blank\" href=\"https:\/\/cnn.iprima.cz\/show-time\/chyby-se-deji-tomase-miluju-kristelova-promluvila-o-repkove-aferce-a-pohrozila-soudem-520445\" rel=\"nofollow noopener\">Chyby se d\u011bj\u00ed, Tom\u00e1\u0161e miluju. Kristelov\u00e1 promluvila o \u0158epkov\u011b \u201eaf\u00e9rce\u201c a pohrozila soudem<\/a><\/p>\n<p>Svatba prob\u011bhla v\u00a0sobotu v\u00a0Opo\u010dn\u011b, k\u00a0n\u011bmu\u017e m\u00e1 modelka i jej\u00ed rodina bl\u00edzko. P\u0159ed t\u0159emi lety se tam vd\u00e1vala jej\u00ed sestra. Web Expres p\u00ed\u0161e, \u017ee nov\u00fd man\u017eel Kucha\u0159ov\u00e9 se jmenuje Ond\u0159ej a je majitelem stomatologick\u00e9 kliniky.<\/p>\n<p>Brzobohat\u00fd poslal vzkaz novoman\u017eelovi<\/p>\n<p>Den\u00edk <a target=\"_blank\" href=\"https:\/\/www.blesk.cz\/clanek\/celebrity-ceske-celebrity\/847155\/tatana-kucharova-se-opet-vdala-vzala-si-zase-ondreje-prvni-reakce-brzobohateho.html\" rel=\"nofollow noopener\">Blesk <\/a>s novou informac\u00ed oslovil Brzobohat\u00e9ho. \u201eTo je hezk\u00e9. Nezb\u00fdv\u00e1 ne\u017e pop\u0159\u00e1t novoman\u017eelovi hodn\u011b \u0161t\u011bst\u00ed,\u201c reagoval herec na nov\u00fd s\u0148atek sv\u00e9 exman\u017eelky.<\/p>\n<p>Svatba Kucha\u0159ov\u00e9 s Brzobohat\u00fdm prob\u011bhla v roce 2016, o p\u011bt let pozd\u011bji p\u00e1r ozn\u00e1mil rozchod a v roce 2022 i rozvod. Rozpad jejich man\u017eelstv\u00ed bedliv\u011b sledovala m\u00e9dia a p\u0159\u00edpad prov\u00e1zelo n\u011bkolik soudn\u00edch st\u00e1n\u00ed, na ve\u0159ejnost se dostala i c\u00edrkevn\u00ed \u017ealoba o anulaci s\u0148atku a citliv\u00e9 informace ze \u017eivota partner\u016f.<\/p>\n<p>MOHLO BY V\u00c1S ZAJ\u00cdMAT: <a target=\"_blank\" href=\"https:\/\/cnn.iprima.cz\/show-time\/trha-nam-to-srdce-rikaji-sousede-takto-dnes-vypada-vila-libuse-safrankove-a-josefa-abrhama-478350\" rel=\"nofollow noopener\">Vila Libu\u0161e \u0160afr\u00e1nkov\u00e9 ch\u00e1tr\u00e1. Zahrada je jako d\u017eungle, trh\u00e1 n\u00e1m to srdce, \u0159\u00edkaj\u00ed soused\u00e9.<\/a><\/p>\n","protected":false},"excerpt":{"rendered":"Modelka Ta\u0165\u00e1na Kucha\u0159ov\u00e1 po\u0159\u00e1dn\u011b p\u0159ekvapila. Zat\u00edmco o jej\u00edm soukrom\u00e9m \u017eivot\u011b v m\u00e9di\u00edch kolovaly pouh\u00e9 spekulace a nebylo jasn\u00e9,&hellip;\n","protected":false},"author":2,"featured_media":196383,"comment_status":"","ping_status":"","sticky":false,"template":"","format":"standard","meta":{"footnotes":"","_share_on_mastodon":"0"},"categories":[10],"tags":[1538,17,21,4777,2491,16,8710,19868,651,2493,8397,649,1776,7136,18,19,22,20],"class_list":["post-196382","post","type-post","status-publish","format-standard","has-post-thumbnail","category-zpravy","tag-celebrity","tag-headlines","tag-hlavni-udalosti","tag-manzele","tag-manzelstvi","tag-news","tag-ondrej-brzobohaty","tag-opocno","tag-rodina","tag-rozvod","tag-spolecenska-rubrika","tag-spolecnost","tag-svatba","tag-tatana-kucharova","tag-top-news","tag-top-stories","tag-udalosti-dne","tag-zpravy"],"share_on_mastodon":{"url":"https:\/\/pubeurope.com\/@cz\/117185100164437913","error":""},"_links":{"self":[{"href":"https:\/\/www.europesays.com\/cz\/wp-json\/wp\/v2\/posts\/196382","targetHints":{"allow":["GET"]}}],"collection":[{"href":"https:\/\/www.europesays.com\/cz\/wp-json\/wp\/v2\/posts"}],"about":[{"href":"https:\/\/www.europesays.com\/cz\/wp-json\/wp\/v2\/types\/post"}],"author":[{"embeddable":true,"href":"https:\/\/www.europesays.com\/cz\/wp-json\/wp\/v2\/users\/2"}],"replies":[{"embeddable":true,"href":"https:\/\/www.europesays.com\/cz\/wp-json\/wp\/v2\/comments?post=196382"}],"version-history":[{"count":0,"href":"https:\/\/www.europesays.com\/cz\/wp-json\/wp\/v2\/posts\/196382\/revisions"}],"wp:featuredmedia":[{"embeddable":true,"href":"https:\/\/www.europesays.com\/cz\/wp-json\/wp\/v2\/media\/196383"}],"wp:attachment":[{"href":"https:\/\/www.europesays.com\/cz\/wp-json\/wp\/v2\/media?parent=196382"}],"wp:term":[{"taxonomy":"category","embeddable":true,"href":"https:\/\/www.europesays.com\/cz\/wp-json\/wp\/v2\/categories?post=196382"},{"taxonomy":"post_tag","embeddable":true,"href":"https:\/\/www.europesays.com\/cz\/wp-json\/wp\/v2\/tags?post=196382"}],"curies":[{"name":"wp","href":"https:\/\/api.w.org\/{rel}","templated":true}]}}