{"id":196410,"date":"2026-08-30T15:42:14","date_gmt":"2026-08-30T15:42:14","guid":{"rendered":"https:\/\/www.europesays.com\/cz\/196410\/"},"modified":"2026-08-30T15:42:14","modified_gmt":"2026-08-30T15:42:14","slug":"daniel-landa-uzavrel-hrady-cz-prvni-ucinkujici-pro-pristi-rok-budou-zverejneni-na-konci-zari","status":"publish","type":"post","link":"https:\/\/www.europesays.com\/cz\/196410\/","title":{"rendered":"Daniel Landa uzav\u0159el Hrady CZ. Prvn\u00ed \u00fa\u010dinkuj\u00edc\u00ed pro p\u0159\u00ed\u0161t\u00ed rok budou zve\u0159ejn\u011bni na konci z\u00e1\u0159\u00ed"},"content":{"rendered":"<p class=\"c_bB\">I na posledn\u00ed zast\u00e1vce se p\u0159edstavili kapely a\u00a0zp\u011bv\u00e1ci, kte\u0159\u00ed u\u00a0toho letos byli od za\u010d\u00e1tku. V\u00a0p\u00e1tek to byli Vega Elektra, Trautenberk, Grey256, Rytmus, Mig 21\u00a0\u010di Rybi\u010dky 48.\u00a0V\u00a0sobotu pak Adaline, Tom\u00e1\u0161 Klus, Lenny, Xindl X, Krucip\u00fcsk, Vypsan\u00e1 fixa, Harlej, Mirai \u010di zm\u00edn\u011bn\u00fd Daniel Landa.<\/p>\n<p class=\"c_bB\">\u201eLeto\u0161n\u00ed Hrady CZ byly super. Perfektn\u011b n\u00e1m vy\u0161lo po\u010das\u00ed a\u00a0dob\u0159e p\u0159ijat\u00e1 byla i\u00a0v\u00fdm\u011bna jednoho z\u00a0m\u00edst kon\u00e1n\u00ed, kdy\u017e Ro\u017emberk vyst\u0159\u00eddala Hlubok\u00e1 nad Vltavou,\u201c \u0159ekl Novink\u00e1m jeden z\u00a0hlavn\u00edch po\u0159adatel\u016f Michal \u0160est\u00e1k.<\/p>\n<p class=\"c_bB\">Dodal, \u017ee cht\u011bj\u00ed v\u00a0Hlubok\u00e9 z\u016fstat i\u00a0v p\u0159\u00ed\u0161t\u00edm roce. \u201eZastupitel\u00e9 m\u011bsta s\u00a0n\u00e1mi nem\u011bli probl\u00e9m, dali n\u00e1m najevo, \u017ee se jim akce l\u00edbila. My m\u00e1me z\u00e1jem tam z\u016fstat, a\u00a0pokud bude i\u00a0ze strany z\u00e1stupc\u016f m\u011bsta, r\u00e1di bychom se tam p\u0159\u00ed\u0161t\u00ed rok vr\u00e1tili,\u201c vysv\u011btlil \u0160est\u00e1k.<\/p>\n<p><img fetchpriority=\"high\" height=\"1000\"   width=\"1500\" src=\"https:\/\/www.europesays.com\/cz\/wp-content\/uploads\/2026\/08\/mirai-hrady-cz.jpeg\" loading=\"eager\" decoding=\"sync\" class=\"c_t c_r\"\/>Foto: archiv Hrady CZ<\/p>\n<p class=\"c_bB\">Po\u010det div\u00e1k\u016f nezve\u0159ejnil, ned\u011bl\u00e1 to u\u017e mnoho let. P\u0159ipustil ale, \u017ee ten leto\u0161n\u00ed je v\u00a0sou\u010dtu zhruba takov\u00fd, jak\u00fd byl loni. N\u00e1v\u0161t\u011bvnost na jednotliv\u00fdch m\u00edstech se pohybuje mezi patn\u00e1cti a\u017e p\u011btadvaceti tis\u00edci div\u00e1ky.<\/p>\n<p class=\"c_bB\">Jm\u00e9no n\u011bjak\u00e9 kapely pro p\u0159\u00ed\u0161t\u00ed rok \u0160est\u00e1k zat\u00edm neuvedl. \u201eMysl\u00edm si, \u017ee ta prvn\u00ed zve\u0159ejn\u00edme u\u017e na konci z\u00e1\u0159\u00ed,\u201c dodal.<\/p>\n<p><a data-dot=\"atm-link\" target=\"_self\" href=\"https:\/\/www.novinky.cz\/clanek\/kultura-hudba-obrazem-zabky-hasici-a-dan-landa-hrady-cz-objevily-zlatou-zilu-na-hluboke-40590853\" class=\"c_I\" rel=\"nofollow noopener\"><img height=\"1080\" width=\"1920\" src=\"https:\/\/www.europesays.com\/cz\/wp-content\/uploads\/2026\/08\/1788104533_44_hrady-cz.jpeg\" loading=\"eager\" decoding=\"sync\" class=\"c_t c_r\"\/><\/a><a data-dot=\"atm-link\" target=\"_self\" href=\"https:\/\/www.novinky.cz\/clanek\/kultura-hudba-daniel-landa-mirai-rybicky-48-mig-21-rytmus-xindl-x-a-trautenberk-festival-hrady-cz-je-kompletni-40577555\" class=\"c_I\" rel=\"nofollow noopener\"><img height=\"2304\" width=\"4096\" src=\"https:\/\/www.europesays.com\/cz\/wp-content\/uploads\/2026\/08\/1788104534_792_daniel-landa.jpeg\" loading=\"eager\" decoding=\"sync\" class=\"c_t c_r\"\/><\/a><\/p>\n","protected":false},"excerpt":{"rendered":"I na posledn\u00ed zast\u00e1vce se p\u0159edstavili kapely a\u00a0zp\u011bv\u00e1ci, kte\u0159\u00ed u\u00a0toho letos byli od za\u010d\u00e1tku. V\u00a0p\u00e1tek to byli Vega&hellip;\n","protected":false},"author":2,"featured_media":196411,"comment_status":"","ping_status":"","sticky":false,"template":"","format":"standard","meta":{"footnotes":"","_share_on_mastodon":"0"},"categories":[14],"tags":[15980,79,9838,45213,18453,18454,45214,3393,23861,80],"class_list":["post-196410","post","type-post","status-publish","format-standard","has-post-thumbnail","category-zabava","tag-daniel-landa","tag-entertainment","tag-festivaly","tag-harlej","tag-hrady-cz","tag-hudebni-skupina-mig-21","tag-lenka-filipova-lenny","tag-mirai","tag-xindl-x","tag-zabava"],"share_on_mastodon":{"url":"https:\/\/pubeurope.com\/@cz\/117185226350214465","error":""},"_links":{"self":[{"href":"https:\/\/www.europesays.com\/cz\/wp-json\/wp\/v2\/posts\/196410","targetHints":{"allow":["GET"]}}],"collection":[{"href":"https:\/\/www.europesays.com\/cz\/wp-json\/wp\/v2\/posts"}],"about":[{"href":"https:\/\/www.europesays.com\/cz\/wp-json\/wp\/v2\/types\/post"}],"author":[{"embeddable":true,"href":"https:\/\/www.europesays.com\/cz\/wp-json\/wp\/v2\/users\/2"}],"replies":[{"embeddable":true,"href":"https:\/\/www.europesays.com\/cz\/wp-json\/wp\/v2\/comments?post=196410"}],"version-history":[{"count":0,"href":"https:\/\/www.europesays.com\/cz\/wp-json\/wp\/v2\/posts\/196410\/revisions"}],"wp:featuredmedia":[{"embeddable":true,"href":"https:\/\/www.europesays.com\/cz\/wp-json\/wp\/v2\/media\/196411"}],"wp:attachment":[{"href":"https:\/\/www.europesays.com\/cz\/wp-json\/wp\/v2\/media?parent=196410"}],"wp:term":[{"taxonomy":"category","embeddable":true,"href":"https:\/\/www.europesays.com\/cz\/wp-json\/wp\/v2\/categories?post=196410"},{"taxonomy":"post_tag","embeddable":true,"href":"https:\/\/www.europesays.com\/cz\/wp-json\/wp\/v2\/tags?post=196410"}],"curies":[{"name":"wp","href":"https:\/\/api.w.org\/{rel}","templated":true}]}}