{"id":196452,"date":"2026-08-30T16:19:15","date_gmt":"2026-08-30T16:19:15","guid":{"rendered":"https:\/\/www.europesays.com\/cz\/196452\/"},"modified":"2026-08-30T16:19:15","modified_gmt":"2026-08-30T16:19:15","slug":"karlos-totalne-na-odstrel-byvalka-soukupa-na-nej-vytahla-drogove-video","status":"publish","type":"post","link":"https:\/\/www.europesays.com\/cz\/196452\/","title":{"rendered":"Karlos tot\u00e1ln\u011b na odst\u0159el! B\u00fdvalka Soukupa na n\u011bj vyt\u00e1hla drogov\u00e9 video!"},"content":{"rendered":"<p>Kdy\u017e se slavn\u00ed pot\u00ed\u017eist\u00e9 zamotaj\u00ed do pavu\u010diny vlastn\u00edch kauz, v\u011bt\u0161inou \u010d\u00edh\u00e1 v\u00a0okol\u00ed i b\u00fdval\u00e1 \u00fa\u010dastnice reality show VyVolen\u00ed, kter\u00e1 p\u00e1n\u016fm zasad\u00ed fin\u00e1ln\u00ed r\u00e1nu. Sv\u00e9 o tom v\u00ed b\u00fdval\u00fd magn\u00e1t <a class=\"celebrity celebwiki\" href=\"https:\/\/celebwiki.blesk.cz\/osobnost\/5617\/jaromir-soukup\/\" target=\"_blank\" rel=\"nofollow noopener\">Jarom\u00edr Soukup<\/a> (57), man\u017eel <a class=\"celebrity celebwiki\" href=\"https:\/\/celebwiki.blesk.cz\/osobnost\/1113\/agata-hanychova\/\" target=\"_blank\" rel=\"nofollow noopener\">Ag\u00e1ty Hanychov\u00e9 (41)<\/a> <a class=\"celebrity celebwiki\" href=\"https:\/\/celebwiki.blesk.cz\/osobnost\/1577\/miroslav-dopita\/\" target=\"_blank\" rel=\"nofollow noopener\">Miroslav Dopita<\/a> (44) a nyn\u00ed i MMA z\u00e1pasn\u00edk <a class=\"celebrity celebwiki\" href=\"https:\/\/celebwiki.blesk.cz\/osobnost\/6117\/karlos-vemola-zapasnik\/\" target=\"_blank\" rel=\"nofollow noopener\">Karlos V\u00e9mola<\/a>.<\/p>\n<p>Telefon <a class=\"celebrity celebwiki\" href=\"https:\/\/celebwiki.blesk.cz\/osobnost\/642\/eva-feuereislova\/\" target=\"_blank\" rel=\"nofollow noopener\">Evy Feuereislov\u00e9<\/a> je v\u00a0podstat\u011b archivem pr\u016f\u0161vih\u016f celebrit a b\u011bda tomu, kdo se zrovna ocitne v\u00a0nelib\u011b spole\u010dnosti. V\u00a0takov\u00fd moment toti\u017e Eva tas\u00ed kompromituj\u00edc\u00ed sn\u00edmky, kter\u00e9 slavn\u00fdm jejich situaci rozhodn\u011b neuleh\u010d\u00ed. Ale popo\u0159ad\u011b\u2026<\/p>\n<p style=\"text-align: center;\">Kauza V\u00e9mola: Propu\u0161t\u011bn\u00ed za 15 milion\u016f, pa\u0161ov\u00e1n\u00ed kokainu a reputa\u010dn\u00ed riziko pro Oktagon<\/p>\n<p>    <a href=\"https:\/\/www.ahaonline.cz\/clanek\/zhave-drby\/215270\/sorry-agato-vzkazala-hanychove-dopitova-milenka.html\" rel=\"nofollow noopener\" target=\"_blank\"><\/p>\n<p>        <img decoding=\"async\" src=\"https:\/\/www.europesays.com\/cz\/wp-content\/uploads\/2026\/08\/9086636-crop.jpg\" alt=\"Sorry, Ag\u00e1to! Vzk\u00e1zala Hanychov\u00e9 Dopitova milenka\" title=\"Sorry, Ag\u00e1to! Vzk\u00e1zala Hanychov\u00e9 Dopitova milenka\" height=\"140\" width=\"220\" class=\"lazyload \" loading=\"lazy\" \/><\/p>\n<p>    <\/a><\/p>\n<p>V\u00e9mola na konci roku 2025 za\u010dal figurovat ve v\u00e1\u017en\u00e9m p\u0159\u00edpadu. Den p\u0159ed \u0160t\u011bdr\u00fdm dnem ho b\u011bhem z\u00e1sahu \u00datvaru rychl\u00e9ho nasazen\u00ed zadr\u017eela policie a z\u00e1pasn\u00edk n\u00e1sledn\u011b skon\u010dil ve vazb\u011b. Policie v souvislosti s kauzou hovo\u0159ila o podez\u0159en\u00ed na organizovanou trestnou \u010dinnost spojenou s dovozem narkotik. V\u00e9molovi pr\u00e1vn\u00edci ale od sam\u00e9ho za\u010d\u00e1tku jak\u00e9koli jeho zapojen\u00ed do trestn\u00e9 \u010dinnosti odm\u00edtaj\u00ed a tvrd\u00ed, \u017ee jejich klient s p\u0159\u00edpadem nem\u00e1 nic spole\u010dn\u00e9ho.Po slo\u017een\u00ed kauce se v lednu \u201eTermin\u00e1tor\u201c sice dostal na svobodu, vy\u0161et\u0159ov\u00e1n\u00ed cel\u00e9ho p\u0159\u00edpadu v\u0161ak pokra\u010duje.\u00a0<\/p>\n<p style=\"text-align: center;\">\u201cKarlosovi ve\u0159\u00edme,\u201d vysv\u011btloval Ond\u0159ej Novotn\u00fd v Prostoru X<\/p>\n<p>Do p\u0159\u00edpadu p\u0159itom policie vnesla v\u00edce sv\u011btla u\u017e na za\u010d\u00e1tku roku 2026. \u201eDovoz kokainu m\u011bl zajistit a koordinovat jeden z \u010cech\u016f zadr\u017een\u00fdch a obvin\u011bn\u00fdch koncem lo\u0148sk\u00e9ho roku v \u010cesk\u00e9 republice. Podle zji\u0161t\u011bn\u00ed kriminalist\u016f na trestn\u00e9 \u010dinnosti spolupracoval s cizincem Chrisem M., kter\u00e9ho znal z prost\u0159ed\u00ed bojov\u00fdch sport\u016f,\u201c prozradila tehdy podle webu eXtra.cz tiskov\u00e1 mluv\u010d\u00ed NPC Lucie \u0160moldasov\u00e1.<\/p>\n<p>Karlos nic, Karlos muzikant!<\/p>\n<p>Do kauzy se nyn\u00ed horliv\u011b vlo\u017eila influencerka Eva Feuereislov\u00e1. Ve sv\u00e9m podcastu Freakshow, kter\u00fd zve\u0159ej\u0148uje na platform\u011b HeroHero, publikovala video, o n\u011bm\u017e tvrd\u00ed, \u017ee vzniklo v \u010dervenci 2020. Na z\u00e1b\u011brech se m\u00e1 objevovat Karlos V\u00e9mola, pornohere\u010dka Terra Twain a dal\u0161\u00ed \u017eena, jej\u00ed\u017e toto\u017enost nen\u00ed zn\u00e1m\u00e1. Pr\u00e1v\u011b Terra Twain m\u00e1 na z\u00e1znamu p\u0159ed sebou na stole p\u0159ipravovat b\u00edl\u00fd pr\u00e1\u0161ek.<\/p>\n<p>  <a href=\"https:\/\/www.ahaonline.cz\/galerie\/391642\/?foto=15\" class=\"imgInGallery galleryTransition\" title=\"Eva Feuereislov\u00e1 \" onclick=\"saveImageId(9130836)\" rel=\"nofollow noopener\" target=\"_blank\"><\/p>\n<p>      <img decoding=\"async\" src=\"https:\/\/www.europesays.com\/cz\/wp-content\/uploads\/2026\/08\/9130836.jpg\" alt=\"\" title=\"\" height=\"300\" width=\"262\" class=\"lazyload \" loading=\"lazy\" \/><\/p>\n<p>  <\/a><\/p>\n<p>Eva Feuereislov\u00e1 <\/p>\n<p>Podle zdroj\u016f redakce eXtra.cz m\u011bl video v roce 2020 \u00fadajn\u011b rozes\u00edlat samotn\u00fd V\u00e9mola. Z\u00e1znam Feuereislov\u00e1 vyt\u00e1hla na sv\u011btlo v dob\u011b, kdy kolem z\u00e1pasn\u00edka st\u00e1le panuj\u00ed ot\u00e1zky souvisej\u00edc\u00ed s prob\u00edhaj\u00edc\u00edm vy\u0161et\u0159ov\u00e1n\u00edm. \u201eKarlos dlouhodob\u011b tvrd\u00ed, \u017ee je nevinn\u00fd, chod\u00ed do r\u016fzn\u00fdch podcast\u016f a tam ze sebe d\u011bl\u00e1 chud\u00e1ka. Spousta lid\u00ed kolem n\u011bj ale v\u00ed, \u017ee l\u017ee. Karlos l\u017ee ve spoust\u011b v\u011bc\u00ed a m\u011b to jeho pokrytectv\u00ed irituje,\u201c uvedla pro CNN Prima News influencerka. Feuereislov\u00e1 z\u00e1rove\u0148 nazna\u010dila, \u017ee se neboj\u00ed p\u0159\u00edpadn\u00e9ho soudn\u00edho \u0159\u00edzen\u00ed.<\/p>\n<p>    <a href=\"https:\/\/www.ahaonline.cz\/clanek\/zhave-drby\/229311\/rozzurena-feuereislova-o-ex-soukupovi-hraje-si-na-milionare-ale.html\" rel=\"nofollow noopener\" target=\"_blank\"><\/p>\n<p>        <img decoding=\"async\" src=\"https:\/\/www.europesays.com\/cz\/wp-content\/uploads\/2026\/08\/9664415-crop.jpg\" alt=\"Rozzu\u0159en\u00e1 Feuereislov\u00e1 o ex Soukupovi: Hraje si na milion\u00e1\u0159e, ale\u2026\" title=\"Rozzu\u0159en\u00e1 Feuereislov\u00e1 o ex Soukupovi: Hraje si na milion\u00e1\u0159e, ale\u2026\" height=\"140\" width=\"220\" class=\"lazyload \" loading=\"lazy\" \/><\/p>\n<p>    <\/a><\/p>\n","protected":false},"excerpt":{"rendered":"Kdy\u017e se slavn\u00ed pot\u00ed\u017eist\u00e9 zamotaj\u00ed do pavu\u010diny vlastn\u00edch kauz, v\u011bt\u0161inou \u010d\u00edh\u00e1 v\u00a0okol\u00ed i b\u00fdval\u00e1 \u00fa\u010dastnice reality show VyVolen\u00ed,&hellip;\n","protected":false},"author":2,"featured_media":196453,"comment_status":"","ping_status":"","sticky":false,"template":"","format":"standard","meta":{"footnotes":"","_share_on_mastodon":"0"},"categories":[15],"tags":[2117,45221,1801,10505,94,93,424,45222,163],"class_list":["post-196452","post","type-post","status-publish","format-standard","has-post-thumbnail","category-sport","tag-drogy","tag-eva-feuereislova","tag-karlos-vemola","tag-kauza","tag-sport","tag-sports","tag-video","tag-zapasnik","tag-zhave-drby"],"share_on_mastodon":{"url":"https:\/\/pubeurope.com\/@cz\/117185371945434317","error":""},"_links":{"self":[{"href":"https:\/\/www.europesays.com\/cz\/wp-json\/wp\/v2\/posts\/196452","targetHints":{"allow":["GET"]}}],"collection":[{"href":"https:\/\/www.europesays.com\/cz\/wp-json\/wp\/v2\/posts"}],"about":[{"href":"https:\/\/www.europesays.com\/cz\/wp-json\/wp\/v2\/types\/post"}],"author":[{"embeddable":true,"href":"https:\/\/www.europesays.com\/cz\/wp-json\/wp\/v2\/users\/2"}],"replies":[{"embeddable":true,"href":"https:\/\/www.europesays.com\/cz\/wp-json\/wp\/v2\/comments?post=196452"}],"version-history":[{"count":0,"href":"https:\/\/www.europesays.com\/cz\/wp-json\/wp\/v2\/posts\/196452\/revisions"}],"wp:featuredmedia":[{"embeddable":true,"href":"https:\/\/www.europesays.com\/cz\/wp-json\/wp\/v2\/media\/196453"}],"wp:attachment":[{"href":"https:\/\/www.europesays.com\/cz\/wp-json\/wp\/v2\/media?parent=196452"}],"wp:term":[{"taxonomy":"category","embeddable":true,"href":"https:\/\/www.europesays.com\/cz\/wp-json\/wp\/v2\/categories?post=196452"},{"taxonomy":"post_tag","embeddable":true,"href":"https:\/\/www.europesays.com\/cz\/wp-json\/wp\/v2\/tags?post=196452"}],"curies":[{"name":"wp","href":"https:\/\/api.w.org\/{rel}","templated":true}]}}