{"id":196490,"date":"2026-08-30T17:10:24","date_gmt":"2026-08-30T17:10:24","guid":{"rendered":"https:\/\/www.europesays.com\/cz\/196490\/"},"modified":"2026-08-30T17:10:24","modified_gmt":"2026-08-30T17:10:24","slug":"zvrat-v-pripadu-viktorky-otce-uz-nevini-z-vrazdy-ale-z-opilstvi","status":"publish","type":"post","link":"https:\/\/www.europesays.com\/cz\/196490\/","title":{"rendered":"Zvrat v\u00a0p\u0159\u00edpadu Viktorky. Otce u\u017e nevin\u00ed z\u00a0vra\u017edy, ale z\u00a0opilstv\u00ed"},"content":{"rendered":"<p class=\"e_bX\">Policie u\u017e otce t\u0159\u00edlet\u00e9 Viktorky nest\u00edh\u00e1 pro vra\u017edu. P\u011bt m\u011bs\u00edc\u016f po brut\u00e1ln\u00edm usmrcen\u00ed sv\u00e9 dcery z\u016fst\u00e1v\u00e1 d\u00e1l ve vazb\u011b, ale p\u0159ed soudem se bude zpov\u00eddat z\u00a0jin\u00e9ho trestn\u00e9ho \u010dinu, takzvan\u00e9ho opilstv\u00ed.<\/p>\n<p class=\"e_bX\">\u201eP\u0159\u00edpad byl p\u0159ekvalifikov\u00e1n kv\u016fli z\u00e1v\u011bru znaleck\u00e9ho posudku v\u00a0oboru psychiatrie a\u00a0klinick\u00e9 psychologie,\u201c uvedl pro Seznam Zpr\u00e1vy policejn\u00ed mluv\u010d\u00ed Jan Dan\u011bk. \u201eZnalec v\u00a0posudku uvedl, \u017ee v\u00a0inkriminovan\u00e9 dob\u011b byly rozpozn\u00e1vac\u00ed i\u00a0ovl\u00e1dac\u00ed schopnosti obvin\u011bn\u00e9ho vymizel\u00e9 pro akutn\u00ed psychotickou poruchu.\u201c<\/p>\n<p class=\"e_bX\">Jde o\u00a0z\u00e1sadn\u00ed obrat v\u00a0prob\u00edhaj\u00edc\u00edm trestn\u00edm \u0159\u00edzen\u00ed. Otec byl dosud st\u00edh\u00e1n pro vra\u017edu sv\u00e9 dcery pot\u00e9, co Viktorka letos na ja\u0159e jeho rukou zem\u0159ela.<\/p>\n<p class=\"e_bX\">Stalo se tak p\u011bt a\u00a0p\u016fl m\u011bs\u00edce od rozhodnut\u00ed soudu, kter\u00fd zru\u0161il p\u011bstounskou p\u00e9\u010di a\u00a0d\u011bv\u010d\u00e1tko sv\u011b\u0159il biologick\u00fdm rodi\u010d\u016fm. I\u00a0se znalost\u00ed toho, \u017ee otec dlouh\u00e1 l\u00e9ta bojuje se z\u00e1vislost\u00ed na drog\u00e1ch, trp\u00ed paranoidn\u00ed schizofreni\u00ed, m\u00e1 \u010d\u00e1ste\u010dn\u011b omezenou sv\u00e9pr\u00e1vnost a\u00a0za sebou n\u00e1silnickou trestn\u00ed minulost. <\/p>\n<p class=\"e_bX\">\u201eProbl\u00e9my je zvykl\u00fd \u0159e\u0161it alkoholem a\u00a0pervitinem. P\u00e9\u010di o\u00a0d\u00edt\u011b zvl\u00e1dne,\u201c ocitovala tehdy soudkyn\u011b v\u00a0rozsudku znaleck\u00fd z\u00e1v\u011br psychiatri\u010dky. <\/p>\n<p class=\"e_bX\">Cel\u00fd proces vyd\u00e1n\u00ed Viktorky od p\u011bstounky do biologick\u00e9 rodiny a\u017e po n\u00e1slednou trag\u00e9dii letos rekonstruovala podcastov\u00e1 s\u00e9rie z\u00a0investigativn\u00edho po\u0159adu <a data-dot=\"atm-link\" target=\"_blank\" href=\"https:\/\/www.seznamzpravy.cz\/sekce\/porady-ve-stinu-256\" class=\"e_n\" rel=\"nofollow noopener\">Ve st\u00ednu<\/a>.<\/p>\n<p class=\"e_bX\">Nov\u00fd znaleck\u00fd z\u00e1v\u011br, vypracov\u00e1van\u00fd po obvin\u011bn\u00ed otce z\u00a0vra\u017edy sv\u00e9 dcery, vrac\u00ed znovu pozornost k\u00a0ot\u00e1zce, kter\u00e1 p\u0159\u00edpad Viktorky prov\u00e1z\u00ed od sam\u00e9ho za\u010d\u00e1tku: Jak je mo\u017en\u00e9, \u017ee soudkyn\u011b sv\u011b\u0159ila d\u00edt\u011b \u010dlov\u011bku, o\u00a0jeho\u017e nebezpe\u010dnosti v\u00a0p\u0159\u00edpad\u011b poru\u0161en\u00ed abstinence byla informovan\u00e1.<\/p>\n<p>Nep\u0159\u00ed\u010detn\u00fd, ale trestn\u011b odpov\u011bdn\u00fd<\/p>\n<p class=\"e_bX\">Nov\u00e1 pr\u00e1vn\u00ed kvalifikace\u00a0\u2013 trestn\u00fd \u010din opilstv\u00ed\u00a0\u2013 m\u016f\u017ee na prvn\u00ed pohled p\u016fsobit paradoxn\u011b.<\/p>\n<p class=\"e_bX\">Podle znalce byly rozpozn\u00e1vac\u00ed i\u00a0ovl\u00e1dac\u00ed schopnosti otce v\u00a0dob\u011b \u010dinu vymizel\u00e9, byl tedy nep\u0159\u00ed\u010detn\u00fd. A\u00a0nep\u0159\u00ed\u010detn\u00fd \u010dlov\u011bk za sv\u00e9 jedn\u00e1n\u00ed zpravidla trestn\u011b neodpov\u00edd\u00e1. Opilstv\u00ed je ale v\u00fdjimkou.<\/p>\n<p class=\"e_bX\">\u201eTrestn\u00fd \u010din opilstv\u00ed je v\u00a0r\u00e1mci \u010desk\u00e9ho trestn\u00edho z\u00e1kon\u00edku hodn\u011b zvl\u00e1\u0161tn\u00ed. P\u0159edstavuje v\u00fdjimku z\u00a0pravidla, \u017ee osoba, kter\u00e1 se v\u00a0dob\u011b \u010dinu nach\u00e1zela ve stavu nep\u0159\u00ed\u010detnosti, nen\u00ed trestn\u011b odpov\u011bdn\u00e1,\u201c vysv\u011btluje Filip \u0160\u010derba, vedouc\u00ed Katedry trestn\u00edho pr\u00e1va Pr\u00e1vnick\u00e9 fakulty Univerzity Palack\u00e9ho v\u00a0Olomouci.<\/p>\n<p class=\"e_bX\">Rozhoduj\u00edc\u00ed je, pro\u010d se pachatel do stavu nep\u0159\u00ed\u010detnosti dostal.<\/p>\n<p>Co je trestn\u00fd \u010din opilstv\u00ed (\u00a7 360\u00a0trestn\u00edho z\u00e1kon\u00edku)<\/p>\n<p class=\"e_bX\">N\u00e1zev trestn\u00e9ho \u010dinu opilstv\u00ed m\u016f\u017ee b\u00fdt zav\u00e1d\u011bj\u00edc\u00ed. Neznamen\u00e1 toti\u017e jednodu\u0161e, \u017ee pachatel sp\u00e1chal trestn\u00fd \u010din opil\u00fd, a\u00a0nemus\u00ed v\u016fbec j\u00edt pouze o\u00a0alkohol.<\/p>\n<p class=\"e_bX\">Podle \u00a7 360\u00a0trestn\u00edho z\u00e1kon\u00edku se opilstv\u00ed dopust\u00ed ten, kdo se po\u017eit\u00edm nebo aplikac\u00ed n\u00e1vykov\u00e9 l\u00e1tky, by\u0165 i\u00a0z nedbalosti, p\u0159ivede do stavu nep\u0159\u00ed\u010detnosti a\u00a0v n\u011bm sp\u00e1ch\u00e1 \u010din, kter\u00fd by jinak byl trestn\u00fd. Trestn\u00ed sazba jsou t\u0159i roky v\u011bzen\u00ed a\u017e deset let.<\/p>\n<p class=\"e_bX\">\u010cesk\u00e1 pr\u00e1vn\u00ed \u00faprava vych\u00e1z\u00ed z\u00a0n\u011bmeck\u00e9ho konceptu ozna\u010dovan\u00e9ho jako \u201erauschdelikt\u201c, co\u017e lze voln\u011b p\u0159elo\u017eit jako delikt sp\u00e1chan\u00fd \u201ev rau\u0161i\u201c.<\/p>\n<p class=\"e_bX\">Z\u00e1kladn\u00edm pravidlem trestn\u00edho pr\u00e1va je, \u017ee \u010dlov\u011bk, kter\u00fd kv\u016fli du\u0161evn\u00ed poru\u0161e v\u00a0dob\u011b \u010dinu nedok\u00e1zal rozpoznat jeho protipr\u00e1vnost nebo sv\u00e9 jedn\u00e1n\u00ed ovl\u00e1dat, nen\u00ed trestn\u011b odpov\u011bdn\u00fd. Opilstv\u00ed p\u0159edstavuje v\u00fdjimku.<\/p>\n<p class=\"e_bX\">Pachatel toti\u017e neodpov\u00edd\u00e1 stejn\u00fdm zp\u016fsobem za samotn\u00fd \u010din sp\u00e1chan\u00fd v\u00a0nep\u0159\u00ed\u010detnosti, ale za to, \u017ee se zavin\u011bn\u011b po\u017eit\u00edm \u010di aplikac\u00ed n\u00e1vykov\u00e9 l\u00e1tky do stavu nep\u0159\u00ed\u010detnosti p\u0159ivedl a\u00a0v n\u011bm n\u00e1sledn\u011b sp\u00e1chal \u201e\u010din jinak trestn\u00fd\u201c.<\/p>\n<p class=\"e_bX\">Pr\u00e1vn\u00edci takov\u00fd \u010din ozna\u010duj\u00ed jako kvazidelikt. \u201eJe to ur\u010dit\u00fd kompromis mezi dv\u011bma krajn\u00edmi modely,\u201c vysv\u011btluje Filip \u0160\u010derba, vedouc\u00ed katedry trestn\u00ed pr\u00e1va Pr\u00e1vnick\u00e9 fakulty Univerzity Palack\u00e9ho v\u00a0Olomouci.<\/p>\n<p class=\"e_bX\">Prvn\u00ed mo\u017enost\u00ed by bylo \u0159\u00edci: \u010dlov\u011bk byl nep\u0159\u00ed\u010detn\u00fd, a\u00a0proto za sv\u00e9 jedn\u00e1n\u00ed v\u016fbec neodpov\u00edd\u00e1. Druhou: nep\u0159\u00ed\u010detnost si zp\u016fsobil s\u00e1m, tak\u017ee ji budeme \u00fapln\u011b ignorovat a\u00a0potrest\u00e1me ho stejn\u011b, jako kdyby byl pln\u011b p\u0159\u00ed\u010detn\u00fd. Trestn\u00fd \u010din opilstv\u00ed stoj\u00ed podle \u0160\u010derby mezi t\u011bmito variantami.<\/p>\n<p class=\"e_bX\">Trestn\u00e9ho \u010dinu opilstv\u00ed se podle z\u00e1kona dopust\u00ed \u010dlov\u011bk, kter\u00fd se po\u017eit\u00edm nebo aplikac\u00ed n\u00e1vykov\u00e9 l\u00e1tky, by\u0165 i\u00a0z nedbalosti, p\u0159ivede do stavu nep\u0159\u00ed\u010detnosti a\u00a0v n\u011bm sp\u00e1ch\u00e1 \u010din, kter\u00fd by jinak byl trestn\u00fdm \u010dinem.<\/p>\n<p class=\"e_bX\">\u201eOn zodpov\u011bdn\u00fd bude, ale je odpov\u011bdn\u00fd m\u00e9n\u011b,\u201c shrnuje d\u016fsledek \u0160\u010derba.<\/p>\n<p class=\"e_bX\">Za opilstv\u00ed stanov\u00ed z\u00e1kon sazbu t\u0159i a\u017e deset let v\u011bzen\u00ed. Za vra\u017edu d\u00edt\u011bte p\u0159itom hroz\u00ed a\u017e patn\u00e1ct a\u017e dvacet let, v\u00a0nejz\u00e1va\u017en\u011bj\u0161\u00edch p\u0159\u00edpadech i\u00a0v\u00fdjime\u010dn\u00fd trest, tedy v\u011bzen\u00ed nad dvacet let a\u017e do\u017eivot\u00ed.<\/p>\n<p class=\"e_bX\">Obvin\u011bn\u00ed z\u00a0opilstv\u00ed je podle \u0160\u010derby ur\u010dit\u00fdm kompromisem. Na jedn\u00e9 stran\u011b stoj\u00ed princip, \u017ee nep\u0159\u00ed\u010detn\u00fd \u010dlov\u011bk za sv\u00e9 jedn\u00e1n\u00ed neodpov\u00edd\u00e1. Na druh\u00e9 skute\u010dnost, \u017ee si stav nep\u0159\u00ed\u010detnosti s\u00e1m zavin\u011bn\u011b p\u0159ivodil n\u00e1vykovou l\u00e1tkou.<\/p>\n<p class=\"e_bX\">Pr\u00e1v\u011b mezi t\u011bmito dv\u011bma krajn\u00edmi mo\u017enostmi stoj\u00ed trestn\u00fd \u010din opilstv\u00ed. N\u00e1zev je podle \u0160\u010derby p\u0159itom pon\u011bkud zav\u00e1d\u011bj\u00edc\u00ed, proto\u017ee paragraf 360\u00a0trestn\u00edho z\u00e1kon\u00edku mluv\u00ed o\u00a0stavu nep\u0159\u00ed\u010detnosti, kter\u00fd si pachatel zp\u016fsob\u00ed po\u017eit\u00edm alkoholu nebo i\u00a0aplikac\u00ed drog. Z\u00a0d\u0159\u00edv\u011bj\u0161\u00edch zji\u0161t\u011bn\u00ed Seznam Zpr\u00e1v vyplynulo, \u017ee Viktor\u010din otec byl v\u00a0dob\u011b vra\u017edy pod vlivem pervitinu.<\/p>\n<p>\u201eDal\u0161\u00ed ob\u017ealoba t\u011bch, kte\u0159\u00ed rozhodovali\u201c<\/p>\n<p class=\"e_bX\">Pr\u00e1vn\u00ed z\u00e1stupkyn\u011b \u010d\u00e1sti poz\u016fstal\u00e9 rodiny, sen\u00e1torka Hana Marvanov\u00e1, vid\u00ed v\u00a0nov\u00e9m v\u00fdvoji v\u00a0trestn\u00edm \u0159\u00edzen\u00ed dal\u0161\u00ed d\u016fvod k\u00a0ot\u00e1zk\u00e1m, jak je mo\u017en\u00e9, \u017ee takov\u00fd otec se m\u011bl starat o\u00a0Viktorku.<\/p>\n<p class=\"e_bX\">\u201eBude to takov\u00e1 dal\u0161\u00ed ob\u017ealoba t\u011bch, kte\u0159\u00ed o\u00a0osudu Viktorky rozhodli, kte\u0159\u00ed rozhodli o\u00a0tom, \u017ee mu byla d\u00e1na do p\u00e9\u010de,\u201c \u0159ekla Seznam Zpr\u00e1v\u00e1m.<\/p>\n<p class=\"e_bX\">Sama je p\u0159ekvalifikov\u00e1n\u00edm trestn\u00e9ho \u010dinu na opilstv\u00ed p\u0159ekvapen\u00e1. Mluvila o\u00a0tom i\u00a0s \u010d\u00e1st\u00ed poz\u016fstal\u00e9 rodiny: \u201eJsou z\u00a0toho v\u00a0\u0161oku.\u201c<\/p>\n<p>Viktorka. S\u00e9rie z\u00a0investigativn\u00edho po\u0159adu Ve st\u00ednu<\/p>\n<p class=\"e_bX\">Investigativn\u00ed s\u00e9rie report\u00e9ra Ji\u0159\u00edho Kub\u00edka z\u00a0po\u0159adu Ve st\u00ednu mapuje p\u0159\u00edpad t\u0159\u00edlet\u00e9 d\u00edvky, kter\u00e1 zem\u0159ela pot\u00e9, co ji soud sv\u011b\u0159il do p\u00e9\u010de biologick\u00fdch rodi\u010d\u016f. S\u00e9rie krok za krokem ukazuje, co v\u0161echno instituce v\u011bd\u011bly\u00a0\u2013 a\u00a0pro\u010d p\u0159esto nedok\u00e1zaly d\u00edt\u011b ochr\u00e1nit.<\/p>\n<p class=\"e_bX\"><a data-dot=\"atm-link\" target=\"_blank\" href=\"https:\/\/www.seznamzpravy.cz\/clanek\/porady-ve-stinu-viktorka-uz-nezije-soud-vedel-jak-nebezpecnemu-otci-dite-sveruje-304563\" class=\"e_n\" rel=\"nofollow noopener\">D\u00edl prvn\u00ed: Ob\u011btovan\u00e9 d\u00edt\u011b.<\/a> Rekonstrukce p\u0159\u00edpadu a\u00a0kl\u00ed\u010dov\u00fdch rozhodnut\u00ed. Co v\u0161echno soud v\u011bd\u011bl o\u00a0rodin\u011b a\u00a0pro\u010d p\u0159esto rozhodl o\u00a0n\u00e1vratu d\u00edt\u011bte. \/ sobota 25.\u00a0dubna<\/p>\n<p class=\"e_bX\"><a data-dot=\"atm-link\" target=\"_blank\" href=\"https:\/\/www.seznamzpravy.cz\/clanek\/porady-ve-stinu-rekl-ze-ji-nechce-pestounka-varovala-presto-soud-sveril-viktorku-otci-304646\" class=\"e_n\" rel=\"nofollow noopener\">D\u00edl druh\u00fd: Varovn\u00e9 sign\u00e1ly.<\/a> Sv\u011bdectv\u00ed p\u011bstounky a\u00a0dal\u0161\u00ed varov\u00e1n\u00ed, kter\u00e1 zazn\u00edvala p\u0159ed rozhodnut\u00edm soudu\u00a0\u2013 a\u00a0mohla trag\u00e9dii zabr\u00e1nit. \/ ned\u011ble 26.\u00a0dubna<\/p>\n<p class=\"e_bX\"><a data-dot=\"atm-link\" target=\"_blank\" href=\"https:\/\/www.seznamzpravy.cz\/clanek\/porady-ve-stinu-mame-zaznam-ze-soudu-vedeli-o-nemoci-i-drogach-a-dali-viktorku-otci-proc-304660\" class=\"e_n\" rel=\"nofollow noopener\">D\u00edl t\u0159et\u00ed: Rozhodnut\u00ed.<\/a> Co zazn\u011blo u\u00a0soudu a\u00a0jak soudkyn\u011b vysv\u011btlovala sv\u00e9 rozhodnut\u00ed. Paradox p\u0159\u00edpadu: Stejn\u00e9 skute\u010dnosti se dnes \u0159e\u0161\u00ed v\u00a0trestn\u00edm \u0159\u00edzen\u00ed s\u00a0otcem. \/ pond\u011bl\u00ed 27.\u00a0dubna<\/p>\n<p class=\"e_bX\"><a data-dot=\"atm-link\" target=\"_blank\" href=\"https:\/\/www.seznamzpravy.cz\/clanek\/porady-ve-stinu-rikal-ze-je-vyleceny-svedci-popisuji-promenu-otce-viktorky-pred-vrazdou-305573\" class=\"e_n\" rel=\"nofollow noopener\">D\u00edl \u010dtvrt\u00fd: Psych\u00f3za. <\/a>Co se d\u011blo pot\u00e9, co bylo d\u00edt\u011b sv\u011b\u0159eno do p\u00e9\u010de. Sv\u011bdectv\u00ed z\u00a0okol\u00ed otce ukazuj\u00ed zhor\u0161uj\u00edc\u00ed se stav, vysazen\u00ed l\u00e9\u010dby i\u00a0varov\u00e1n\u00ed, kter\u00e1 z\u016fstala bez reakce. \/ sobota 9.\u00a0kv\u011btna<\/p>\n<p class=\"e_bX\"><a data-dot=\"atm-link\" target=\"_blank\" href=\"https:\/\/www.seznamzpravy.cz\/clanek\/porady-ve-stinu-dite-nechte-v-rodine-neumre-li-do-peti-minut-kauza-viktorky-ma-novy-smer-305601\" class=\"e_n\" rel=\"nofollow noopener\">D\u00edl p\u00e1t\u00fd: Selh\u00e1n\u00ed.<\/a> Kdo m\u011bl zas\u00e1hnout\u00a0\u2013 a\u00a0pro\u010d nikdo nezas\u00e1hl. Fin\u00e1ln\u00ed d\u00edl ukazuje, jak se varov\u00e1n\u00ed, rozhodnut\u00ed i\u00a0ne\u010dinnost spojily v\u00a0trag\u00e9dii. \/ ned\u011ble 10.\u00a0kv\u011btna<\/p>\n<p>Schopen p\u00e9\u010de\u00a0\u2013 ale za jasn\u00fdch podm\u00ednek<\/p>\n<p class=\"e_bX\">Odpov\u011bdnost instituc\u00ed, kter\u00e9 o\u00a0p\u0159ed\u00e1n\u00ed Viktorky do p\u00e9\u010de otce rozhodly, u\u017e p\u0159ed aktu\u00e1ln\u00edm obratem v\u00a0trestn\u00edm \u0159\u00edzen\u00ed za\u010dal \u0159e\u0161it ministr spravedlnosti Jeron\u00fdm Tejc. Na soudkyni bene\u0161ovsk\u00e9ho okresn\u00edho soudu Sandru Kimmelovou podal koncem \u010dervna k\u00e1rn\u00fd n\u00e1vrh.<\/p>\n<p class=\"e_bX\">V n\u011bm j\u00ed vyt\u00fdk\u00e1, \u017ee p\u0159i rozhodov\u00e1n\u00ed dostate\u010dn\u011b nezohlednila informace o\u00a0rizic\u00edch spojen\u00fdch s\u00a0rodi\u010di d\u00edt\u011bte.<\/p>\n<p class=\"e_bX\">Pr\u00e1v\u011b n\u011bkter\u00e9 star\u0161\u00ed znaleck\u00e9 z\u00e1v\u011bry z\u00edsk\u00e1vaj\u00ed ve sv\u011btle nyn\u011bj\u0161\u00edho v\u00fdvoje nov\u00fd v\u00fdznam.<\/p>\n<p class=\"e_bX\">Jeden z\u00a0posudk\u016f podle k\u00e1rn\u00e9ho n\u00e1vrhu uv\u00e1d\u011bl, \u017ee otec kv\u016fli sv\u00e9 du\u0161evn\u00ed poru\u0161e nebyl schopen v\u00fdkonu rodi\u010dovsk\u00e9 odpov\u011bdnosti a\u00a0p\u00e9\u010de o\u00a0d\u00edt\u011b.<\/p>\n<p class=\"e_bX\">Sou\u010dasn\u011b obsahoval pom\u011brn\u011b konkr\u00e9tn\u00ed varov\u00e1n\u00ed: \u201ePro p\u0159\u00edpad dekompenzace schizofrenie, akutn\u00ed intoxikace \u010di psychotick\u00e9 symptomatiky toxick\u00e9 etiologie by mohl b\u00fdt pro d\u00edt\u011b i\u00a0nebezpe\u010dn\u00fdm.\u201c Tedy pokud by se jeho schizofrenie znovu zhor\u0161ila, nebo by byl pod vlivem alkoholu \u010di drog a\u00a0to by u\u00a0n\u011bj vyvolalo psychotick\u00e9 stavy, mohl by d\u00edt\u011b ohrozit.<\/p>\n<p class=\"e_bX\">Jin\u00fd znaleck\u00fd posudek, kter\u00fd si nechal zpracovat opatrovnick\u00fd soud, dosp\u011bl pozd\u011bji k\u00a0p\u0159\u00edzniv\u011bj\u0161\u00edmu z\u00e1v\u011bru. Schopnost otce starat se o\u00a0d\u00edt\u011b ale podm\u00ednil n\u011bkolika po\u017eadavky.<\/p>\n<p class=\"e_bX\">\u201eZa p\u0159edpokladu pln\u00e9 abstinence od v\u0161ech n\u00e1vykov\u00fdch l\u00e1tek, bran\u00ed medikace a\u00a0doch\u00e1zen\u00ed do terapeutick\u00fdch jak individu\u00e1ln\u00edch, tak p\u0159\u00edpadn\u011b p\u00e1rov\u00fdch a\u00a0rodinn\u00fdch terapi\u00ed je posuzovan\u00fd schopen b\u00fdt natolik komponovan\u00fd, \u017ee je schopen pe\u010dovat o\u00a0d\u00edt\u011b,\u201c stoj\u00ed podle k\u00e1rn\u00e9ho n\u00e1vrhu v\u00a0posudku.<\/p>\n<p class=\"e_bX\">Jen\u017ee plnou abstinenci v\u00a0p\u0159\u00edpad\u011b Viktor\u010dina otce nikdo systematicky nekontroloval. A\u00a0u\u017e p\u0159i soudn\u00edm jedn\u00e1n\u00ed vy\u0161lo najevo, \u017ee ji v\u00a0minulosti poru\u0161il.<\/p>\n<p>\u201eJe to dal\u0161\u00ed f\u00e1ze m\u00e9 dosp\u011blosti,\u201c \u0159\u00edkal otec u\u00a0soudu<\/p>\n<p class=\"e_bX\">Tento d\u00edl podcastov\u00e9 s\u00e9rie Viktorka se vracel do soudn\u00ed s\u00edn\u011b, k\u00a0okam\u017eiku, kdy bene\u0161ovsk\u00fd soud rozhodoval o\u00a0osudu tehdy dvouap\u016fllet\u00e9ho d\u00edt\u011bte\u00a0\u2013 a\u00a0kdy zazn\u011blo v\u0161echno podstatn\u00e9. Z\u00e1znam ze soudn\u00edho jedn\u00e1n\u00ed  mimo jin\u00e9 dokazuje, \u017ee dost z\u00e1va\u017en\u00e9 v\u011bci se do rozsudku v\u016fbec neprom\u00edtly.<\/p>\n<p class=\"e_bX\">U soudu tak\u00e9 promluvil otec Viktorky: \u201eJsem otec, m\u00e1m d\u00edt\u011b a\u00a0prost\u011b to beru jako zodpov\u011bdn\u00fd po\u010din ve sv\u00e9m \u017eivot\u011b,\u201c zn\u00ed jeho odpov\u011b\u010f na ot\u00e1zku soudkyn\u011b, pro\u010d s\u00a0partnerkou \u017e\u00e1daj\u00ed o\u00a0sv\u011b\u0159en\u00ed Viktorky do sv\u00e9 p\u00e9\u010de (\u017e\u00e1dost podal otec, ale pe\u010dovat cht\u011bj\u00ed spole\u010dn\u011b s\u00a0matkou hol\u010di\u010dky). \u201eJe to dal\u0161\u00ed f\u00e1ze m\u00e9 dosp\u011blosti. Nechci, aby byla u\u00a0ciz\u00edch lid\u00ed, chci, abychom se o\u00a0ni starali my.\u201c<\/p>\n<p class=\"e_bX\">Zvukov\u00fd z\u00e1znam najdete v\u00a0t\u00e9to epizod\u011b.<\/p>\n<p><a data-dot=\"mol-article-card-media\" aria-hidden=\"true\" tabindex=\"-1\" href=\"https:\/\/www.seznamzpravy.cz\/clanek\/porady-ve-stinu-mame-zaznam-ze-soudu-vedeli-o-nemoci-i-drogach-a-dali-viktorku-otci-proc-304660\" class=\"e_n f_l8\" rel=\"nofollow noopener\" target=\"_blank\"><img fetchpriority=\"high\" height=\"1080\"   width=\"1920\" src=\"https:\/\/www.europesays.com\/cz\/wp-content\/uploads\/2026\/08\/1788109821_221_ve-stinu-viktorka.png\" loading=\"eager\" decoding=\"sync\" class=\"e_aa e_Z\"\/><\/a><\/p>\n<p class=\"e_bX\">Znalkyn\u011b v\u00a0r\u00e1mci opatrovnick\u00e9ho \u0159\u00edzen\u00ed v\u00a0l\u00e9t\u011b 2025\u00a0p\u0159i jedn\u00e1n\u00ed upozornila, \u017ee n\u011bkolikam\u011bs\u00ed\u010dn\u00ed abstinence n\u00e1sledovala po nejm\u00e9n\u011b deseti letech aktivn\u00ed z\u00e1vislosti. \u201eOtec m\u016f\u017ee p\u0159estat b\u00fdt v\u00a0kontaktu s\u00a0realitou, pokud vysad\u00ed l\u00e9ky a\u00a0bude m\u00edt kontakt s\u00a0drogami. K\u00a0tomu, aby mohl vychov\u00e1vat d\u00edt\u011b, bude muset m\u00edt vysokou podporu rodiny,\u201c uvedla znalkyn\u011b.<\/p>\n<p class=\"e_bX\">Soudkyn\u011b n\u00e1sledn\u011b d\u00edt\u011b otci do p\u00e9\u010de vydala. Otec p\u0159itom p\u0159i soudn\u00edm jedn\u00e1n\u00ed p\u0159iznal, \u017ee abstinenci n\u011bkolik m\u011bs\u00edc\u016f p\u0159ed rozhodnut\u00edm o\u00a0Viktorce poru\u0161il. I\u00a0tento zvukov\u00fd d\u016fkaz letos v\u00a0dubnu p\u0159inesla podcastov\u00e1 s\u00e9rie Viktorka z\u00a0investigativn\u00edho po\u0159adu Ve st\u00ednu.<\/p>\n<p>V\u011bd\u011bl, co s\u00a0n\u00edm drogy mohou ud\u011blat?<\/p>\n<p class=\"e_bX\">Pr\u00e1v\u011b p\u0159edchoz\u00ed zku\u0161enosti pachatele s\u00a0n\u00e1vykov\u00fdmi l\u00e1tkami mohou b\u00fdt te\u010f podle Filipa \u0160\u010derby d\u016fle\u017eit\u00e9 i\u00a0p\u0159i p\u0159\u00edpadn\u00e9m rozhodov\u00e1n\u00ed o\u00a0trestu za opilstv\u00ed.<\/p>\n<p class=\"e_bX\">Obecn\u011b plat\u00ed, \u017ee jinak lze hodnotit \u010dlov\u011bka, pro kter\u00e9ho je stav nep\u0159\u00ed\u010detnosti po u\u017eit\u00ed n\u00e1vykov\u00e9 l\u00e1tky zcela nep\u0159edv\u00eddateln\u00fd, a\u00a0jinak \u010dlov\u011bka, kter\u00fd u\u017e dob\u0159e v\u00ed, jak na n\u011bj droga nebo alkohol p\u016fsob\u00ed.<\/p>\n<p class=\"e_bX\">Pr\u00e1v\u011b to m\u016f\u017ee b\u00fdt v\u00a0p\u0159\u00edpad\u011b Viktor\u010dina otce podstatn\u00e9. Ze star\u0161\u00edch znaleck\u00fdch posudk\u016f toti\u017e vypl\u00fdv\u00e1, \u017ee rizika spojen\u00e1 s\u00a0u\u017e\u00edv\u00e1n\u00edm n\u00e1vykov\u00fdch l\u00e1tek a\u00a0jeho du\u0161evn\u00edm stavem znal.<\/p>\n<p class=\"e_bX\">\u201ePokud m\u00e1 pachatel se zneu\u017e\u00edv\u00e1n\u00edm n\u00e1vykov\u00fdch l\u00e1tek bohat\u00e9 zku\u0161enosti a\u00a0v\u00ed, jak\u00fdm zp\u016fsobem na n\u011bj p\u016fsob\u00ed, podstatn\u00fdm zp\u016fsobem to zvy\u0161uje stupe\u0148 jeho zavin\u011bn\u00ed p\u0159i uveden\u00ed se do nep\u0159\u00ed\u010detnosti,\u201c \u0159\u00edk\u00e1 \u0160\u010derba.<\/p>\n<p class=\"e_bX\">Takov\u00e1 okolnost by podle n\u011bj spolu s\u00a0dal\u0161\u00edmi faktory mohla b\u00fdt d\u016fvodem pro trest sp\u00ed\u0161e p\u0159i horn\u00ed hranici sazby v\u00a0trestn\u00e9m \u010dinu opilstv\u00ed, a\u00a0to je v\u00a0tomto p\u0159\u00edpad\u011b deset let.<\/p>\n<p class=\"e_bX\">Pokud by p\u0159\u00edpad skon\u010dil ob\u017ealobou a\u00a0odsuzuj\u00edc\u00edm rozsudkem, bude o\u00a0konkr\u00e9tn\u00edm trestu rozhodovat soud. Ten m\u016f\u017ee trest odn\u011bt\u00edm svobody doprovodit i\u00a0na\u0159\u00edzen\u00edm ochrann\u00e9 \u00fastavn\u00ed l\u00e9\u010dby na psychiatrii.<\/p>\n<p>Ministr Tejc: I\u00a0relaps mohl d\u00edt\u011b ohrozit<\/p>\n<p class=\"e_bX\">Do konce leto\u0161n\u00edho roku by mohlo padnout i\u00a0rozhodnut\u00ed o\u00a0soudkyni bene\u0161ovsk\u00e9ho soudu Sand\u0159e Kimmelov\u00e9, kter\u00e1 Viktorku otci sv\u011b\u0159ila.<\/p>\n<p class=\"e_bX\">Ministr spravedlnosti Jeron\u00fdm Tejc v\u00a0k\u00e1rn\u00e9m n\u00e1vrhu vyt\u00fdk\u00e1 soudkyni, \u017ee d\u00edt\u011b sv\u011b\u0159ila do prost\u0159ed\u00ed, kter\u00e9 nebylo dostate\u010dn\u011b stabiln\u00ed a\u00a0bezpe\u010dn\u00e9.<\/p>\n<p class=\"e_bX\">\u201eDomn\u00edv\u00e1m se, \u017ee soud nezjistil natolik stabiln\u00ed situaci, aby bylo bezpe\u010dn\u00e9 do n\u00ed sv\u011b\u0159it t\u0159\u00edlet\u00e9 d\u00edt\u011b. I\u00a0pokud by nedo\u0161lo k\u00a0vra\u017ed\u011b, pouh\u00fd relaps rodi\u010d\u016f ve vztahu k\u00a0u\u017e\u00edv\u00e1n\u00ed drog \u010di zhor\u0161en\u00ed psychick\u00fdch probl\u00e9m\u016f by u\u00a0tak mal\u00e9ho d\u00edt\u011bte, kter\u00e9 logicky je\u0161t\u011b nen\u00ed schopno se o\u00a0sebe postarat, vedly k\u00a0jeho ohro\u017een\u00ed na \u017eivot\u011b \u010di na jeho dal\u0161\u00edm v\u00fdvoji,\u201c uvedl Tejc v\u00a0n\u00e1vrhu k\u00e1rn\u00e9 \u017ealoby.<\/p>\n<p class=\"e_bX\">Jako trest pro soudkyni navrhuje t\u0159icetiprocentn\u00ed sn\u00ed\u017een\u00ed platu po dobu jednoho roku.<\/p>\n<p>Soudkyn\u011b: Jinak rozhodnout ne\u0161lo<\/p>\n<p class=\"e_bX\">Soudkyn\u011b Kimmelov\u00e1 se z\u00e1v\u011bry ministra spravedlnosti nesouhlas\u00ed.<\/p>\n<p class=\"e_bX\">Ve vyj\u00e1d\u0159en\u00ed ke k\u00e1rn\u00e9mu n\u00e1vrhu, kter\u00e9 vzniklo je\u0161t\u011b p\u0159ed nyn\u011bj\u0161\u00ed zm\u011bnou pr\u00e1vn\u00ed kvalifikace, uvedla, \u017ee si ani s\u00a0odstupem nen\u00ed v\u011bdoma \u017e\u00e1dn\u00e9ho excesu ve sv\u00e9m rozhodov\u00e1n\u00ed. Vych\u00e1zela podle n\u00ed ze skute\u010dnost\u00ed zn\u00e1m\u00fdch v\u00a0dob\u011b, kdy o\u00a0d\u00edt\u011bti rozhodovala.<\/p>\n<p class=\"e_bX\">Jej\u00ed obhajoba stoj\u00ed mimo jin\u00e9 pr\u00e1v\u011b na tehdej\u0161\u00edm hodnocen\u00ed abstinence otce. \u201eN\u00e1siln\u00e9 chov\u00e1n\u00ed otce v\u00a0minulosti bylo v\u017edy pod vlivem drog. Otec dlouhodob\u011b abstinoval a\u00a0znalkyn\u011b mimo jin\u00e9 p\u0159ed soudem uvedla, \u017ee ze znaleck\u00e9ho zkoum\u00e1n\u00ed nevyplynulo, \u017ee by byl schopen obr\u00e1tit agresi proti d\u00edt\u011bti,\u201c uvedla v\u00a0reakci na ministr\u016fv n\u00e1vrh soudkyn\u011b Kimmelov\u00e1.<\/p>\n<p class=\"e_bX\">Ve sv\u00e9m vyj\u00e1d\u0159en\u00ed tak\u00e9 napsala, \u017ee ji p\u0159\u00edpad \u201eosobn\u011b zas\u00e1hl\u201c, ale \u017ee trv\u00e1 na tom, \u017ee \u201ena z\u00e1klad\u011b tehdy dostupn\u00fdch d\u016fkaz\u016f nebylo mo\u017en\u00e9 rozhodnout jin\u00fdm zp\u016fsobem\u201c.<\/p>\n<p>\u201eKone\u010dn\u011b si toho n\u011bkdo v\u0161iml\u201c<\/p>\n<p class=\"e_bX\">\u201eD\u00e1v\u00e1me \u0161anci rodi\u010d\u016fm. Bereme ji d\u011btem.\u201c P\u0159\u00edpad mal\u00e9 Viktorky otev\u0159el ot\u00e1zku, jestli st\u00e1t um\u00ed ohro\u017een\u00e9 d\u011bti v\u010das ochr\u00e1nit. Blanka Vildov\u00e1, kter\u00e1 v\u00a0oboru pracuje \u010dty\u0159icet let, vid\u00ed probl\u00e9m v\u00a0chyb\u00e1ch lid\u00ed i\u00a0v nastaven\u00ed syst\u00e9mu.<\/p>\n<p class=\"e_bX\">\u201ePro m\u011b byl p\u0159\u00edpad Viktorka nov\u00fd vlastn\u011b hlavn\u011b t\u00edm, \u017ee si toho kone\u010dn\u011b n\u011bkdo v\u0161iml. \u017de se d\u00edt\u011b m\u016f\u017ee dostat do nebezpe\u010dn\u00e9ho prost\u0159ed\u00ed &#8211; a\u00a0p\u0159ij\u00edt o\u00a0\u017eivot. J\u00e1 jsem na tohle upozor\u0148ovala soustavn\u011b, \u017ee pokud se syst\u00e9m nastav\u00ed t\u00edmhle zp\u016fsobem, budou to odn\u00e1\u0161et d\u011bti. A\u00a0pak v\u00e1m lid\u00e9 \u0159\u00edkaj\u00ed, \u017ee jste alarmistka, \u017ee sej\u010dkujete, \u017ee malujete \u010derty na ze\u010f. J\u00e1 nerada \u0159\u00edk\u00e1m: \u201aJ\u00e1 jsem v\u00e1m to \u0159\u00edkala.\u2018 Proto\u017ee u\u00a0n\u011b\u010deho takov\u00e9ho je stra\u0161n\u00e9 m\u00edt pravdu.\u201c<\/p>\n<p class=\"e_bX\">Velk\u00fd rozhovor s\u00a0Blankou Vildovou jsme vydali minul\u00fd t\u00fdden.<\/p>\n<p><a data-dot=\"mol-article-card-media\" aria-hidden=\"true\" tabindex=\"-1\" href=\"https:\/\/www.seznamzpravy.cz\/clanek\/domaci-je-strasne-mit-pravdu-40-let-chrani-deti-viktorka-potvrdila-jeji-obavy-313798\" class=\"e_n f_l8\" rel=\"nofollow noopener\" target=\"_blank\"><img height=\"1912\"   width=\"3400\" src=\"https:\/\/www.europesays.com\/cz\/wp-content\/uploads\/2026\/08\/072b.jpeg\" loading=\"eager\" decoding=\"sync\" class=\"e_aa e_Z\"\/><\/a><\/p>\n<p class=\"e_bX\">Tuto jej\u00ed argumentaci odm\u00edt\u00e1 Hana Marvanov\u00e1: \u201eSoudce p\u0159ece v\u00a0takov\u00e9m p\u0159\u00edpad\u011b nem\u016f\u017ee jenom v\u011b\u0159it,\u201c reagovala. \u201eOna trestuhodn\u011b rozhodla tak, \u017ee ignorovala rizika, o\u00a0kter\u00fdch byla informovan\u00e1. A\u00a0proto m\u00e1 n\u00e9st odpov\u011bdnost.\u201c<\/p>\n<p class=\"e_bX\">Jm\u00e9nem poz\u016fstal\u00fdch chce podniknout dal\u0161\u00ed kroky. Vedle ji\u017e zah\u00e1jen\u00e9ho k\u00e1rn\u00e9ho \u0159\u00edzen\u00ed se soudkyn\u00ed se chce dom\u00e1hat i\u00a0prov\u011b\u0159en\u00ed odpov\u011bdnosti Org\u00e1nu soci\u00e1ln\u011b-pr\u00e1vn\u00ed ochrany d\u011bt\u00ed (OSPOD), kter\u00fd vyd\u00e1n\u00ed Viktorky otci podpo\u0159il, a\u00a0tak\u00e9 znalkyn\u011b, kter\u00e1 v\u00a0opatrovnick\u00e9m \u0159\u00edzen\u00ed vystupovala.<\/p>\n<p class=\"e_bX\">\u201eCht\u011bla bych u\u010dinit st\u00ed\u017enost, pod\u00e1n\u00ed, aby byla vyvozena konkr\u00e9tn\u00ed odpov\u011bdnost v\u016f\u010di konkr\u00e9tn\u00edm osob\u00e1m,\u201c uvedla Marvanov\u00e1.<\/p>\n<p class=\"e_bX\">Vedle trestn\u00edho \u0159\u00edzen\u00ed s\u00a0Viktor\u010din\u00fdm otcem a\u00a0k\u00e1rn\u00e9ho \u0159\u00edzen\u00ed se soudkyn\u00ed tak pokra\u010duje je\u0161t\u011b t\u0159et\u00ed prov\u011b\u0159ov\u00e1n\u00ed p\u0159\u00edpadu. Komise pro nep\u0159irozen\u00e1 \u00famrt\u00ed p\u0159i ministerstvu pr\u00e1ce a\u00a0soci\u00e1ln\u00edch v\u011bc\u00ed m\u00e1 popsat, zda a\u00a0kde v\u00a0ochran\u011b Viktorky selhal syst\u00e9m.<\/p>\n<p class=\"e_bX\">Seznam Zpr\u00e1vy budou p\u0159\u00edpad d\u00e1l sledovat.<\/p>\n<p>Investigativn\u00ed po\u0159ad Ve st\u00ednu<img height=\"640\"   width=\"1920\" src=\"https:\/\/www.europesays.com\/cz\/wp-content\/uploads\/2026\/08\/1788109824_111_ve-stinu-grafika-2025.jpeg\" loading=\"eager\" decoding=\"sync\" class=\"e_aa e_Z\"\/>Foto: Seznam Zpr\u00e1vy<\/p>\n<p class=\"e_bX\">\u010cleny t\u00fdmu Ji\u0159\u00edho Kub\u00edka (uprost\u0159ed) jsou Vojt\u011bch Jank\u016f, Iva Pacnerov\u00e1, Jana Mi\u010dov\u00e1 a\u00a0Jaroslav Hroch (zleva).<\/p>\n<p class=\"e_bX\">P\u0159\u00edpady a\u00a0p\u0159\u00edb\u011bhy od v\u00e1s. Z\u00a0m\u00edst, kam m\u00e9dia v\u011bt\u0161inou nevid\u00ed, je na sv\u011btlo vyn\u00e1\u0161\u00ed investigativn\u00ed a\u00a0report\u00e1\u017en\u00ed <a data-dot=\"atm-link\" target=\"_blank\" href=\"https:\/\/www.seznamzpravy.cz\/autor\/tym-ve-stinu-1613\" class=\"e_n\" rel=\"nofollow noopener\">t\u00fdm Ji\u0159\u00edho Kub\u00edka<\/a>. Nov\u00e1 epizoda v\u017edy v\u00a0ned\u011bli na Seznam Zpr\u00e1v\u00e1ch. <a data-dot=\"atm-link\" target=\"_blank\" href=\"https:\/\/www.seznamzpravy.cz\/sekce\/porady-ve-stinu-256\" class=\"e_n\" rel=\"nofollow noopener\">Archiv<\/a> d\u00edl\u016f najdete na na\u0161ich str\u00e1nk\u00e1ch.<\/p>\n<p class=\"e_bX\">St\u0159ih, sound design: David Kaiser<\/p>\n<p class=\"e_bX\">Sv\u00e9 n\u00e1m\u011bty \u010di p\u0159ipom\u00ednky n\u00e1m pi\u0161te na e-mail: vestinu@sz.cz.<\/p>\n","protected":false},"excerpt":{"rendered":"Policie u\u017e otce t\u0159\u00edlet\u00e9 Viktorky nest\u00edh\u00e1 pro vra\u017edu. P\u011bt m\u011bs\u00edc\u016f po brut\u00e1ln\u00edm usmrcen\u00ed sv\u00e9 dcery z\u016fst\u00e1v\u00e1 d\u00e1l ve&hellip;\n","protected":false},"author":2,"featured_media":196491,"comment_status":"","ping_status":"","sticky":false,"template":"","format":"standard","meta":{"footnotes":"","_share_on_mastodon":"0"},"categories":[7],"tags":[43,42,41,40,29768,1166,9996,41920,10283,3272,258,1644],"class_list":["post-196490","post","type-post","status-publish","format-standard","has-post-thumbnail","category-cesko","tag-ceska-republika","tag-cesko","tag-czech-republic","tag-czechia","tag-hana-kordova-marvanova","tag-jeronym-tejc","tag-karna-zaloba","tag-kauza-viktorka","tag-organ-socialne-pravni-ochrany-deti-ospod","tag-porad-ve-stinu","tag-soud","tag-vrazda"],"share_on_mastodon":{"url":"https:\/\/pubeurope.com\/@cz\/117185572618196339","error":""},"_links":{"self":[{"href":"https:\/\/www.europesays.com\/cz\/wp-json\/wp\/v2\/posts\/196490","targetHints":{"allow":["GET"]}}],"collection":[{"href":"https:\/\/www.europesays.com\/cz\/wp-json\/wp\/v2\/posts"}],"about":[{"href":"https:\/\/www.europesays.com\/cz\/wp-json\/wp\/v2\/types\/post"}],"author":[{"embeddable":true,"href":"https:\/\/www.europesays.com\/cz\/wp-json\/wp\/v2\/users\/2"}],"replies":[{"embeddable":true,"href":"https:\/\/www.europesays.com\/cz\/wp-json\/wp\/v2\/comments?post=196490"}],"version-history":[{"count":0,"href":"https:\/\/www.europesays.com\/cz\/wp-json\/wp\/v2\/posts\/196490\/revisions"}],"wp:featuredmedia":[{"embeddable":true,"href":"https:\/\/www.europesays.com\/cz\/wp-json\/wp\/v2\/media\/196491"}],"wp:attachment":[{"href":"https:\/\/www.europesays.com\/cz\/wp-json\/wp\/v2\/media?parent=196490"}],"wp:term":[{"taxonomy":"category","embeddable":true,"href":"https:\/\/www.europesays.com\/cz\/wp-json\/wp\/v2\/categories?post=196490"},{"taxonomy":"post_tag","embeddable":true,"href":"https:\/\/www.europesays.com\/cz\/wp-json\/wp\/v2\/tags?post=196490"}],"curies":[{"name":"wp","href":"https:\/\/api.w.org\/{rel}","templated":true}]}}