{"id":196528,"date":"2026-08-30T17:53:09","date_gmt":"2026-08-30T17:53:09","guid":{"rendered":"https:\/\/www.europesays.com\/cz\/196528\/"},"modified":"2026-08-30T17:53:09","modified_gmt":"2026-08-30T17:53:09","slug":"manzelova-zrada-fialove-bydleni-a-vareni-pred-kamerou-v-prostreno-bez-zkusenosti","status":"publish","type":"post","link":"https:\/\/www.europesays.com\/cz\/196528\/","title":{"rendered":"Man\u017eelova zrada, fialov\u00e9 bydlen\u00ed a va\u0159en\u00ed p\u0159ed kamerou v Prost\u0159eno! bez zku\u0161enost\u00ed"},"content":{"rendered":"<p>\n                                Dal\u0161\u00ed prost\u0159en\u00fd t\u00fdden prob\u011bhne v \u00dasteck\u00e9m kraji, kde rozhodn\u011b nen\u00ed snadn\u00fd \u017eivot. P\u011btice sout\u011b\u017e\u00edc\u00edch se od pond\u011bl\u00ed pust\u00ed do va\u0159en\u00ed, hodnocen\u00ed i vz\u00e1jemn\u00e9ho pom\u011b\u0159ov\u00e1n\u00ed sil. M\u016f\u017eeme \u010dekat tradi\u010dn\u00ed nervy, ne\u010dekan\u00e9 chut\u011b, rozd\u00edln\u00e9 n\u00e1zory i \u00fakol t\u00fddne. Premi\u00e9rov\u00e9 d\u00edly nav\u00edc po letn\u00ed pauze za\u0159azuj\u00ed nov\u00e9 bodov\u00e1n\u00ed, kter\u00e9 zam\u00edch\u00e1 karty.\n                            <\/p>\n<p>Premi\u00e9rov\u00e9 d\u00edly obl\u00edben\u00e9ho kucha\u0159sk\u00e9ho kl\u00e1n\u00ed se tentokr\u00e1t odehraj\u00ed v \u00dasteck\u00e9m kraji. Krom\u011b va\u0159en\u00ed se bude \u0159e\u0161it tak\u00e9 bydlen\u00ed, chov\u00e1n\u00ed u stolu i atmosf\u00e9ra mezi soupe\u0159i. A po\u0159\u00e1dn\u011b zam\u00edchat po\u0159ad\u00edm m\u016f\u017ee \u00fakol t\u00fddne. Tentokr\u00e1t mus\u00ed sout\u011b\u017e\u00edc\u00ed p\u0159ipravit <a target=\"_blank\" href=\"https:\/\/fresh.iprima.cz\/ty-nejlepsi-recepty-na-tradicni-pastiky-masove-pomazanky-rillettes\" rel=\"nofollow noopener\">pa\u0161tiku<\/a> a nen\u00e1padn\u011b ji zakomponovat do sv\u00e9ho menu tak, aby ji ostatn\u00ed nepoznali. Prost\u0159eno! je po letn\u00ed pauze zp\u00e1tky s nov\u00fdm bodov\u00e1n\u00edm.<\/p>\n<p>                <a href=\"#gallery-asset-carousel-c444b2e6\" rel=\"asset:open\" class=\"leading-0 block aspect-169\"><\/p>\n<p>                            <img decoding=\"async\" loading=\"lazy\" src=\"https:\/\/www.europesays.com\/cz\/wp-content\/uploads\/2026\/08\/b54f172dfbd707de1b90d572e0f6ed85.jpg\" class=\"main-image article-content-image w-full aspect-169\" alt=\"Spole\u010dn\u00e1 fotka sout\u011b\u017e\u00edc\u00edch z \u00dasteck\u00e9ho kraje\"\/><\/p>\n<p>                                    <\/a><\/p>\n<p>                                                                                                                                                                                                        <img decoding=\"async\" loading=\"lazy\" src=\"https:\/\/www.europesays.com\/cz\/wp-content\/uploads\/2026\/08\/1788112334_543_b54f172dfbd707de1b90d572e0f6ed85.jpg\"   class=\"bg-preloader\" alt=\"Spole\u010dn\u00e1 fotka sout\u011b\u017e\u00edc\u00edch z \u00dasteck\u00e9ho kraje\"\/><\/p>\n<p class=\"atom-image-description \">\n<p>                                                                                                            Spole\u010dn\u00e1 fotka sout\u011b\u017e\u00edc\u00edch z \u00dasteck\u00e9ho kraje<\/p>\n<p>                                                        Zdroj: FTV Prima\n                                                                                            <\/p>\n<p>                                                                                                                                                                                                        <img decoding=\"async\" loading=\"lazy\" src=\"https:\/\/www.europesays.com\/cz\/wp-content\/uploads\/2026\/08\/d7126ac9b6f1a9bf768253cf83ea6905.jpg\"   class=\"bg-preloader\" alt=\"Pavel Jar\u00fd\"\/><\/p>\n<p class=\"atom-image-description \">\n<p>                                                                                                            Pavel Jar\u00fd<\/p>\n<p>                                                        Zdroj: FTV Prima\n                                                                                            <\/p>\n<p>                                                                                                                                                                                                        <img decoding=\"async\" loading=\"lazy\" src=\"https:\/\/www.europesays.com\/cz\/wp-content\/uploads\/2026\/08\/ffc6b0f69b8ff21b0bcc3eef40917bb3.jpg\"   class=\"bg-preloader\" alt=\"Ta\u0161ti\u010dky na indick\u00fd zp\u016fsob, dip z kysan\u00e9 smetany a bylinek\"\/><\/p>\n<p class=\"atom-image-description \">\n<p>                                                                                                            Ta\u0161ti\u010dky na indick\u00fd zp\u016fsob, dip z kysan\u00e9 smetany a bylinek<\/p>\n<p>                                                        Zdroj: FTV Prima\n                                                                                            <\/p>\n<p>                                                                                                                                                                                                        <img decoding=\"async\" loading=\"lazy\" src=\"https:\/\/www.europesays.com\/cz\/wp-content\/uploads\/2026\/08\/7a58d2a06c950432cd5d33f14ae5c595.jpg\"   class=\"bg-preloader\" alt=\"Bat\u00e1tov\u00e1 pol\u00e9vka s indick\u00fdm chlebem naan\"\/><\/p>\n<p class=\"atom-image-description \">\n<p>                                                                                                            Bat\u00e1tov\u00e1 pol\u00e9vka s indick\u00fdm chlebem naan<\/p>\n<p>                                                        Zdroj: FTV Prima\n                                                                                            <\/p>\n<p>                                                                                                                                                                                                        <img decoding=\"async\" loading=\"lazy\" src=\"https:\/\/www.europesays.com\/cz\/wp-content\/uploads\/2026\/08\/5a05d6cd3e5133bbd8c16fa31026e9b2.jpg\"   class=\"bg-preloader\" alt=\"Ku\u0159ec\u00ed tikka masala s r\u00fd\u017e\u00ed\"\/><\/p>\n<p class=\"atom-image-description \">\n<p>                                                                                                            Ku\u0159ec\u00ed tikka masala s r\u00fd\u017e\u00ed<\/p>\n<p>                                                        Zdroj: FTV Prima\n                                                                                            <\/p>\n<p>                                                                                                                                                                                                        <img decoding=\"async\" loading=\"lazy\" src=\"https:\/\/www.europesays.com\/cz\/wp-content\/uploads\/2026\/08\/172e0bcec3df2a2baaf925d871bf8025.jpg\"   class=\"bg-preloader\" alt=\"Indick\u00e9 \u201ed\u017eald\u00ed-d\u017eald\u00ed\u201c\"\/><\/p>\n<p class=\"atom-image-description \">\n<p>                                                                                                            Indick\u00e9 \u201ed\u017eald\u00ed-d\u017eald\u00ed\u201c<\/p>\n<p>                                                        Zdroj: FTV Prima\n                                                                                            <\/p>\n<p>                                                                                                                                                                                                        <img decoding=\"async\" loading=\"lazy\" src=\"https:\/\/www.europesays.com\/cz\/wp-content\/uploads\/2026\/08\/324880b2408432a541fbd237be99dbac.jpg\"   class=\"bg-preloader\" alt=\"Tamara Ol\u00e1hov\u00e1\"\/><\/p>\n<p class=\"atom-image-description \">\n<p>                                                                                                            Tamara Ol\u00e1hov\u00e1<\/p>\n<p>                                                        Zdroj: FTV Prima\n                                                                                            <\/p>\n<p>                                                                                                                                                                                                        <img decoding=\"async\" loading=\"lazy\" src=\"https:\/\/www.europesays.com\/cz\/wp-content\/uploads\/2026\/08\/6e3205eda5a471a697695516971afd44.jpg\"   class=\"bg-preloader\" alt=\"Variace kanapek\"\/><\/p>\n<p class=\"atom-image-description \">\n<p>                                                                                                            Variace kanapek<\/p>\n<p>                                                        Zdroj: FTV Prima\n                                                                                            <\/p>\n<p>                                                                                                                                                                                                        <img decoding=\"async\" loading=\"lazy\" src=\"https:\/\/www.europesays.com\/cz\/wp-content\/uploads\/2026\/08\/3d31fd35a55ef370db4f86147d3f23a5.jpg\"   class=\"bg-preloader\" alt=\"Uzen\u00e1 pecka z hrnce\"\/><\/p>\n<p class=\"atom-image-description \">\n<p>                                                                                                            Uzen\u00e1 pecka z hrnce<\/p>\n<p>                                                        Zdroj: FTV Prima\n                                                                                            <\/p>\n<p>                                                                                                                                                                                                        <img decoding=\"async\" loading=\"lazy\" src=\"https:\/\/www.europesays.com\/cz\/wp-content\/uploads\/2026\/08\/bb1503fbb2309e2db169e98ea3c93c7d.jpg\"   class=\"bg-preloader\" alt=\"Ku\u0159ec\u00ed pl\u00e1tek se \u0161\u0165ouchan\u00fdmi bramborami, smetanovo-klob\u00e1sov\u00e9 poku\u0161en\u00ed, zeleninov\u00fd sal\u00e1t\"\/><\/p>\n<p class=\"atom-image-description \">\n<p>                                                                                                            Ku\u0159ec\u00ed pl\u00e1tek se \u0161\u0165ouchan\u00fdmi bramborami, smetanovo-klob\u00e1sov\u00e9 poku\u0161en\u00ed, zeleninov\u00fd sal\u00e1t<\/p>\n<p>                                                        Zdroj: FTV Prima\n                                                                                            <\/p>\n<p>                                                                                                                                                                                                        <img decoding=\"async\" loading=\"lazy\" src=\"https:\/\/www.europesays.com\/cz\/wp-content\/uploads\/2026\/08\/7093a916826ba91d247eb39df0617a02.jpg\"   class=\"bg-preloader\" alt=\"Sladk\u00e1 radost na l\u017ei\u010dce\"\/><\/p>\n<p class=\"atom-image-description \">\n<p>                                                                                                            Sladk\u00e1 radost na l\u017ei\u010dce<\/p>\n<p>                                                        Zdroj: FTV Prima\n                                                                                            <\/p>\n<p>                                                                                                                                                                                                        <img decoding=\"async\" loading=\"lazy\" src=\"https:\/\/www.europesays.com\/cz\/wp-content\/uploads\/2026\/08\/d3e81b166030bce2d0429ef354ff9abe.jpg\"   class=\"bg-preloader\" alt=\"V\u00e1clav Pek\"\/><\/p>\n<p class=\"atom-image-description \">\n<p>                                                                                                            V\u00e1clav Pek<\/p>\n<p>                                                        Zdroj: FTV Prima\n                                                                                            <\/p>\n<p>                                                                                                                                                                                                        <img decoding=\"async\" loading=\"lazy\" src=\"https:\/\/www.europesays.com\/cz\/wp-content\/uploads\/2026\/08\/b6457cf74451e549e9f76503cf84e24d.jpg\"   class=\"bg-preloader\" alt=\"Barevn\u00e9 p\u0159ekvapen\u00ed\"\/><\/p>\n<p class=\"atom-image-description \">\n<p>                                                                                                            Barevn\u00e9 p\u0159ekvapen\u00ed<\/p>\n<p>                                                        Zdroj: FTV Prima\n                                                                                            <\/p>\n<p>                                                                                                                                                                                                        <img decoding=\"async\" loading=\"lazy\" src=\"https:\/\/www.europesays.com\/cz\/wp-content\/uploads\/2026\/08\/9fd7749cd98cf970f48316538c889590.jpg\"   class=\"bg-preloader\" alt=\"P\u00f3rkov\u00fd kr\u00e9m\"\/><\/p>\n<p class=\"atom-image-description \">\n<p>                                                                                                            P\u00f3rkov\u00fd kr\u00e9m<\/p>\n<p>                                                        Zdroj: FTV Prima\n                                                                                            <\/p>\n<p>                                                                                                                                                                                                        <img decoding=\"async\" loading=\"lazy\" src=\"https:\/\/www.europesays.com\/cz\/wp-content\/uploads\/2026\/08\/25d523e87fc661bf681a870bd58389a7.jpg\"   class=\"bg-preloader\" alt=\"Pe\u010den\u00e1 krkovice na jablk\u00e1ch a cibuli, \u0161\u0165ouchan\u00e9 brambory a zeln\u00fd sal\u00e1t\"\/><\/p>\n<p class=\"atom-image-description \">\n<p>                                                                                                            Pe\u010den\u00e1 krkovice na jablk\u00e1ch a cibuli, \u0161\u0165ouchan\u00e9 brambory a zeln\u00fd sal\u00e1t<\/p>\n<p>                                                        Zdroj: FTV Prima\n                                                                                            <\/p>\n<p>                                                                                                                                                                                                        <img decoding=\"async\" loading=\"lazy\" src=\"https:\/\/www.europesays.com\/cz\/wp-content\/uploads\/2026\/08\/c059093dfb997088365dbf3d668467b0.jpg\"   class=\"bg-preloader\" alt=\"Sladk\u00e9 pot\u011b\u0161en\u00ed\"\/><\/p>\n<p class=\"atom-image-description \">\n<p>                                                                                                            Sladk\u00e9 pot\u011b\u0161en\u00ed<\/p>\n<p>                                                        Zdroj: FTV Prima\n                                                                                            <\/p>\n<p>                                                                                                                                                                                                        <img decoding=\"async\" loading=\"lazy\" src=\"https:\/\/www.europesays.com\/cz\/wp-content\/uploads\/2026\/08\/197c0a42cb3588e6d09bf327ff0678c7.jpg\"   class=\"bg-preloader\" alt=\"Dana Compelov\u00e1\"\/><\/p>\n<p class=\"atom-image-description \">\n<p>                                                                                                            Dana Compelov\u00e1<\/p>\n<p>                                                        Zdroj: FTV Prima\n                                                                                            <\/p>\n<p>                                                                                                                                                                                                        <img decoding=\"async\" loading=\"lazy\" src=\"https:\/\/www.europesays.com\/cz\/wp-content\/uploads\/2026\/08\/5153735b950de1db7567ed0ae32c5db5.jpg\"   class=\"bg-preloader\" alt=\"Vejce s p\u0159ekvapen\u00edm\"\/><\/p>\n<p class=\"atom-image-description \">\n<p>                                                                                                            Vejce s p\u0159ekvapen\u00edm<\/p>\n<p>                                                        Zdroj: FTV Prima\n                                                                                            <\/p>\n<p>                                                                                                                                                                                                        <img decoding=\"async\" loading=\"lazy\" src=\"https:\/\/www.europesays.com\/cz\/wp-content\/uploads\/2026\/08\/8982f50acd5eff2732663a3cb7c3318d.jpg\"   class=\"bg-preloader\" alt=\"Hov\u011bz\u00ed v\u00fdvar s j\u00e1trov\u00fdmi knedl\u00ed\u010dky a droben\u00edm\"\/><\/p>\n<p class=\"atom-image-description \">\n<p>                                                                                                            Hov\u011bz\u00ed v\u00fdvar s j\u00e1trov\u00fdmi knedl\u00ed\u010dky a droben\u00edm<\/p>\n<p>                                                        Zdroj: FTV Prima\n                                                                                            <\/p>\n<p>                                                                                                                                                                                                        <img decoding=\"async\" loading=\"lazy\" src=\"https:\/\/www.europesays.com\/cz\/wp-content\/uploads\/2026\/08\/e111f2f47a1ec364e3e16e0ffeeee461.jpg\"   class=\"bg-preloader\" alt=\"Hov\u011bz\u00ed na \u010desneku, bramborov\u00fd knedl\u00edk, \u0161pen\u00e1t\"\/><\/p>\n<p class=\"atom-image-description \">\n<p>                                                                                                            Hov\u011bz\u00ed na \u010desneku, bramborov\u00fd knedl\u00edk, \u0161pen\u00e1t<\/p>\n<p>                                                        Zdroj: FTV Prima\n                                                                                            <\/p>\n<p>                                                                                                                                                                                                        <img decoding=\"async\" loading=\"lazy\" src=\"https:\/\/www.europesays.com\/cz\/wp-content\/uploads\/2026\/08\/343a8a7cb5b3ea30f66b1763a6679455.jpg\"   class=\"bg-preloader\" alt=\"Pa\u0159\u00ed\u017esk\u00e9 \u0159ezy\"\/><\/p>\n<p class=\"atom-image-description \">\n<p>                                                                                                            Pa\u0159\u00ed\u017esk\u00e9 \u0159ezy<\/p>\n<p>                                                        Zdroj: FTV Prima\n                                                                                            <\/p>\n<p>                                                                                                                                                                                                        <img decoding=\"async\" loading=\"lazy\" src=\"https:\/\/www.europesays.com\/cz\/wp-content\/uploads\/2026\/08\/8a135c216c790ec66403dc16755616a7.jpg\"   class=\"bg-preloader\" alt=\"Mat\u011bj Zelinger\"\/><\/p>\n<p class=\"atom-image-description \">\n<p>                                                                                                            Mat\u011bj Zelinger<\/p>\n<p>                                                        Zdroj: FTV Prima\n                                                                                            <\/p>\n<p>                                                                                                                                                                                                        <img decoding=\"async\" loading=\"lazy\" src=\"https:\/\/www.europesays.com\/cz\/wp-content\/uploads\/2026\/08\/64c74a55a0aad66c2088a95bad9d28c1.jpg\"   class=\"bg-preloader\" alt=\"Bruschetta s raj\u010daty\"\/><\/p>\n<p class=\"atom-image-description \">\n<p>                                                                                                            Bruschetta s raj\u010daty<\/p>\n<p>                                                        Zdroj: FTV Prima\n                                                                                            <\/p>\n<p>                                                                                                                                                                                                        <img decoding=\"async\" loading=\"lazy\" src=\"https:\/\/www.europesays.com\/cz\/wp-content\/uploads\/2026\/08\/0f0925d492b479946849ab2ddc09eab7.jpg\"   class=\"bg-preloader\" alt=\"Pomodoro\"\/><\/p>\n<p class=\"atom-image-description \">\n<p>                                                                                                            Pomodoro<\/p>\n<p>                                                        Zdroj: FTV Prima\n                                                                                            <\/p>\n<p>                                                                                                                                                                                                        <img decoding=\"async\" loading=\"lazy\" src=\"https:\/\/www.europesays.com\/cz\/wp-content\/uploads\/2026\/08\/41652a25bd121c3fe164c122825d966f.jpg\"   class=\"bg-preloader\" alt=\"Carbonara\"\/><\/p>\n<p class=\"atom-image-description \">\n<p>                                                                                                            Carbonara<\/p>\n<p>                                                        Zdroj: FTV Prima\n                                                                                            <\/p>\n<p>                                                                                                                                                                                                        <img decoding=\"async\" loading=\"lazy\" src=\"https:\/\/www.europesays.com\/cz\/wp-content\/uploads\/2026\/08\/1610a29c66f9b4f7ac9cb47762a86951.jpg\"   class=\"bg-preloader\" alt=\"Tiramisu\"\/><\/p>\n<p class=\"atom-image-description \">\n<p>                                                                                                            Tiramisu<\/p>\n<p>                                                        Zdroj: FTV Prima\n                                                                                            <\/p>\n<p>                                    <a href=\"\" data-index=\"1\"><br \/>\n                                                                                                                                <img decoding=\"async\" loading=\"lazy\" class=\"bg-preloader\" src=\"https:\/\/www.europesays.com\/cz\/wp-content\/uploads\/2026\/08\/1788112362_320_b54f172dfbd707de1b90d572e0f6ed85.jpg\"  alt=\"Spole\u010dn\u00e1 fotka sout\u011b\u017e\u00edc\u00edch z \u00dasteck\u00e9ho kraje\"\/><br \/>\n                                                                            <\/a><\/p>\n<p class=\"atom-image-description\">\n                                                                                            Spole\u010dn\u00e1 fotka sout\u011b\u017e\u00edc\u00edch z \u00dasteck\u00e9ho kraje<\/p>\n<p>                                                    Zdroj: FTV Prima\n                                                                                    <\/p>\n<p>                                    <a href=\"\" data-index=\"2\"><br \/>\n                                                                                                                                <img decoding=\"async\" loading=\"lazy\" class=\"bg-preloader\" src=\"https:\/\/www.europesays.com\/cz\/wp-content\/uploads\/2026\/08\/1788112363_62_d7126ac9b6f1a9bf768253cf83ea6905.jpg\"  alt=\"Pavel Jar\u00fd\"\/><br \/>\n                                                                            <\/a><\/p>\n<p class=\"atom-image-description\">\n                                                                                            Pavel Jar\u00fd<\/p>\n<p>                                                    Zdroj: FTV Prima\n                                                                                    <\/p>\n<p>                                    <a href=\"\" data-index=\"3\"><br \/>\n                                                                                                                                <img decoding=\"async\" loading=\"lazy\" class=\"bg-preloader\" src=\"https:\/\/www.europesays.com\/cz\/wp-content\/uploads\/2026\/08\/1788112364_204_ffc6b0f69b8ff21b0bcc3eef40917bb3.jpg\"  alt=\"Ta\u0161ti\u010dky na indick\u00fd zp\u016fsob, dip z kysan\u00e9 smetany a bylinek\"\/><br \/>\n                                                                            <\/a><\/p>\n<p class=\"atom-image-description\">\n                                                                                            Ta\u0161ti\u010dky na indick\u00fd zp\u016fsob, dip z kysan\u00e9 smetany a bylinek<\/p>\n<p>                                                    Zdroj: FTV Prima\n                                                                                    <\/p>\n<p>                                    <a href=\"\" data-index=\"4\"><br \/>\n                                                                                                                                <img decoding=\"async\" loading=\"lazy\" class=\"bg-preloader\" src=\"https:\/\/www.europesays.com\/cz\/wp-content\/uploads\/2026\/08\/1788112364_176_7a58d2a06c950432cd5d33f14ae5c595.jpg\"  alt=\"Bat\u00e1tov\u00e1 pol\u00e9vka s indick\u00fdm chlebem naan\"\/><br \/>\n                                                                            <\/a><\/p>\n<p class=\"atom-image-description\">\n                                                                                            Bat\u00e1tov\u00e1 pol\u00e9vka s indick\u00fdm chlebem naan<\/p>\n<p>                                                    Zdroj: FTV Prima\n                                                                                    <\/p>\n<p>                                    <a href=\"\" data-index=\"5\"><br \/>\n                                                                                                                                <img decoding=\"async\" loading=\"lazy\" class=\"bg-preloader\" src=\"https:\/\/www.europesays.com\/cz\/wp-content\/uploads\/2026\/08\/1788112365_993_5a05d6cd3e5133bbd8c16fa31026e9b2.jpg\"  alt=\"Ku\u0159ec\u00ed tikka masala s r\u00fd\u017e\u00ed\"\/><br \/>\n                                                                            <\/a><\/p>\n<p class=\"atom-image-description\">\n                                                                                            Ku\u0159ec\u00ed tikka masala s r\u00fd\u017e\u00ed<\/p>\n<p>                                                    Zdroj: FTV Prima\n                                                                                    <\/p>\n<p>                                    <a href=\"\" data-index=\"6\"><br \/>\n                                                                                                                                <img decoding=\"async\" loading=\"lazy\" class=\"bg-preloader\" src=\"https:\/\/www.europesays.com\/cz\/wp-content\/uploads\/2026\/08\/1788112366_302_172e0bcec3df2a2baaf925d871bf8025.jpg\"  alt=\"Indick\u00e9 \u201ed\u017eald\u00ed-d\u017eald\u00ed\u201c\"\/><br \/>\n                                                                            <\/a><\/p>\n<p class=\"atom-image-description\">\n                                                                                            Indick\u00e9 \u201ed\u017eald\u00ed-d\u017eald\u00ed\u201c<\/p>\n<p>                                                    Zdroj: FTV Prima\n                                                                                    <\/p>\n<p>                                    <a href=\"\" data-index=\"7\"><br \/>\n                                                                                                                                <img decoding=\"async\" loading=\"lazy\" class=\"bg-preloader\" src=\"https:\/\/www.europesays.com\/cz\/wp-content\/uploads\/2026\/08\/1788112367_445_324880b2408432a541fbd237be99dbac.jpg\"  alt=\"Tamara Ol\u00e1hov\u00e1\"\/><br \/>\n                                                                            <\/a><\/p>\n<p class=\"atom-image-description\">\n                                                                                            Tamara Ol\u00e1hov\u00e1<\/p>\n<p>                                                    Zdroj: FTV Prima\n                                                                                    <\/p>\n<p>                                    <a href=\"\" data-index=\"8\"><br \/>\n                                                                                                                                <img decoding=\"async\" loading=\"lazy\" class=\"bg-preloader\" src=\"https:\/\/www.europesays.com\/cz\/wp-content\/uploads\/2026\/08\/1788112368_884_6e3205eda5a471a697695516971afd44.jpg\"  alt=\"Variace kanapek\"\/><br \/>\n                                                                            <\/a><\/p>\n<p class=\"atom-image-description\">\n                                                                                            Variace kanapek<\/p>\n<p>                                                    Zdroj: FTV Prima\n                                                                                    <\/p>\n<p>                                    <a href=\"\" data-index=\"9\"><br \/>\n                                                                                                                                <img decoding=\"async\" loading=\"lazy\" class=\"bg-preloader\" src=\"https:\/\/www.europesays.com\/cz\/wp-content\/uploads\/2026\/08\/1788112368_651_3d31fd35a55ef370db4f86147d3f23a5.jpg\"  alt=\"Uzen\u00e1 pecka z hrnce\"\/><br \/>\n                                                                            <\/a><\/p>\n<p class=\"atom-image-description\">\n                                                                                            Uzen\u00e1 pecka z hrnce<\/p>\n<p>                                                    Zdroj: FTV Prima\n                                                                                    <\/p>\n<p>                                    <a href=\"\" data-index=\"10\"><br \/>\n                                                                                                                                <img decoding=\"async\" loading=\"lazy\" class=\"bg-preloader\" src=\"https:\/\/www.europesays.com\/cz\/wp-content\/uploads\/2026\/08\/1788112369_573_bb1503fbb2309e2db169e98ea3c93c7d.jpg\"  alt=\"Ku\u0159ec\u00ed pl\u00e1tek se \u0161\u0165ouchan\u00fdmi bramborami, smetanovo-klob\u00e1sov\u00e9 poku\u0161en\u00ed, zeleninov\u00fd sal\u00e1t\"\/><br \/>\n                                                                            <\/a><\/p>\n<p class=\"atom-image-description\">\n                                                                                            Ku\u0159ec\u00ed pl\u00e1tek se \u0161\u0165ouchan\u00fdmi bramborami, smetanovo-klob\u00e1sov\u00e9 poku\u0161en\u00ed, zeleninov\u00fd sal\u00e1t<\/p>\n<p>                                                    Zdroj: FTV Prima\n                                                                                    <\/p>\n<p>                                    <a href=\"\" data-index=\"11\"><br \/>\n                                                                                                                                <img decoding=\"async\" loading=\"lazy\" class=\"bg-preloader\" src=\"https:\/\/www.europesays.com\/cz\/wp-content\/uploads\/2026\/08\/1788112370_517_7093a916826ba91d247eb39df0617a02.jpg\"  alt=\"Sladk\u00e1 radost na l\u017ei\u010dce\"\/><br \/>\n                                                                            <\/a><\/p>\n<p class=\"atom-image-description\">\n                                                                                            Sladk\u00e1 radost na l\u017ei\u010dce<\/p>\n<p>                                                    Zdroj: FTV Prima\n                                                                                    <\/p>\n<p>                                    <a href=\"\" data-index=\"12\"><br \/>\n                                                                                                                                <img decoding=\"async\" loading=\"lazy\" class=\"bg-preloader\" src=\"https:\/\/www.europesays.com\/cz\/wp-content\/uploads\/2026\/08\/1788112371_81_d3e81b166030bce2d0429ef354ff9abe.jpg\"  alt=\"V\u00e1clav Pek\"\/><br \/>\n                                                                            <\/a><\/p>\n<p class=\"atom-image-description\">\n                                                                                            V\u00e1clav Pek<\/p>\n<p>                                                    Zdroj: FTV Prima\n                                                                                    <\/p>\n<p>                                    <a href=\"\" data-index=\"13\"><br \/>\n                                                                                                                                <img decoding=\"async\" loading=\"lazy\" class=\"bg-preloader\" src=\"https:\/\/www.europesays.com\/cz\/wp-content\/uploads\/2026\/08\/1788112372_171_b6457cf74451e549e9f76503cf84e24d.jpg\"  alt=\"Barevn\u00e9 p\u0159ekvapen\u00ed\"\/><br \/>\n                                                                            <\/a><\/p>\n<p class=\"atom-image-description\">\n                                                                                            Barevn\u00e9 p\u0159ekvapen\u00ed<\/p>\n<p>                                                    Zdroj: FTV Prima\n                                                                                    <\/p>\n<p>                                    <a href=\"\" data-index=\"14\"><br \/>\n                                                                                                                                <img decoding=\"async\" loading=\"lazy\" class=\"bg-preloader\" src=\"https:\/\/www.europesays.com\/cz\/wp-content\/uploads\/2026\/08\/1788112373_225_9fd7749cd98cf970f48316538c889590.jpg\"  alt=\"P\u00f3rkov\u00fd kr\u00e9m\"\/><br \/>\n                                                                            <\/a><\/p>\n<p class=\"atom-image-description\">\n                                                                                            P\u00f3rkov\u00fd kr\u00e9m<\/p>\n<p>                                                    Zdroj: FTV Prima\n                                                                                    <\/p>\n<p>                                    <a href=\"\" data-index=\"15\"><br \/>\n                                                                                                                                <img decoding=\"async\" loading=\"lazy\" class=\"bg-preloader\" src=\"https:\/\/www.europesays.com\/cz\/wp-content\/uploads\/2026\/08\/1788112374_783_25d523e87fc661bf681a870bd58389a7.jpg\"  alt=\"Pe\u010den\u00e1 krkovice na jablk\u00e1ch a cibuli, \u0161\u0165ouchan\u00e9 brambory a zeln\u00fd sal\u00e1t\"\/><br \/>\n                                                                            <\/a><\/p>\n<p class=\"atom-image-description\">\n                                                                                            Pe\u010den\u00e1 krkovice na jablk\u00e1ch a cibuli, \u0161\u0165ouchan\u00e9 brambory a zeln\u00fd sal\u00e1t<\/p>\n<p>                                                    Zdroj: FTV Prima\n                                                                                    <\/p>\n<p>                                    <a href=\"\" data-index=\"16\"><br \/>\n                                                                                                                                <img decoding=\"async\" loading=\"lazy\" class=\"bg-preloader\" src=\"https:\/\/www.europesays.com\/cz\/wp-content\/uploads\/2026\/08\/1788112375_287_c059093dfb997088365dbf3d668467b0.jpg\"  alt=\"Sladk\u00e9 pot\u011b\u0161en\u00ed\"\/><br \/>\n                                                                            <\/a><\/p>\n<p class=\"atom-image-description\">\n                                                                                            Sladk\u00e9 pot\u011b\u0161en\u00ed<\/p>\n<p>                                                    Zdroj: FTV Prima\n                                                                                    <\/p>\n<p>                                    <a href=\"\" data-index=\"17\"><br \/>\n                                                                                                                                <img decoding=\"async\" loading=\"lazy\" class=\"bg-preloader\" src=\"https:\/\/www.europesays.com\/cz\/wp-content\/uploads\/2026\/08\/1788112375_477_197c0a42cb3588e6d09bf327ff0678c7.jpg\"  alt=\"Dana Compelov\u00e1\"\/><br \/>\n                                                                            <\/a><\/p>\n<p class=\"atom-image-description\">\n                                                                                            Dana Compelov\u00e1<\/p>\n<p>                                                    Zdroj: FTV Prima\n                                                                                    <\/p>\n<p>                                    <a href=\"\" data-index=\"18\"><br \/>\n                                                                                                                                <img decoding=\"async\" loading=\"lazy\" class=\"bg-preloader\" src=\"https:\/\/www.europesays.com\/cz\/wp-content\/uploads\/2026\/08\/1788112376_573_5153735b950de1db7567ed0ae32c5db5.jpg\"  alt=\"Vejce s p\u0159ekvapen\u00edm\"\/><br \/>\n                                                                            <\/a><\/p>\n<p class=\"atom-image-description\">\n                                                                                            Vejce s p\u0159ekvapen\u00edm<\/p>\n<p>                                                    Zdroj: FTV Prima\n                                                                                    <\/p>\n<p>                                    <a href=\"\" data-index=\"19\"><br \/>\n                                                                                                                                <img decoding=\"async\" loading=\"lazy\" class=\"bg-preloader\" src=\"https:\/\/www.europesays.com\/cz\/wp-content\/uploads\/2026\/08\/1788112377_651_8982f50acd5eff2732663a3cb7c3318d.jpg\"  alt=\"Hov\u011bz\u00ed v\u00fdvar s j\u00e1trov\u00fdmi knedl\u00ed\u010dky a droben\u00edm\"\/><br \/>\n                                                                            <\/a><\/p>\n<p class=\"atom-image-description\">\n                                                                                            Hov\u011bz\u00ed v\u00fdvar s j\u00e1trov\u00fdmi knedl\u00ed\u010dky a droben\u00edm<\/p>\n<p>                                                    Zdroj: FTV Prima\n                                                                                    <\/p>\n<p>                                    <a href=\"\" data-index=\"20\"><br \/>\n                                                                                                                                <img decoding=\"async\" loading=\"lazy\" class=\"bg-preloader\" src=\"https:\/\/www.europesays.com\/cz\/wp-content\/uploads\/2026\/08\/1788112378_625_e111f2f47a1ec364e3e16e0ffeeee461.jpg\"  alt=\"Hov\u011bz\u00ed na \u010desneku, bramborov\u00fd knedl\u00edk, \u0161pen\u00e1t\"\/><br \/>\n                                                                            <\/a><\/p>\n<p class=\"atom-image-description\">\n                                                                                            Hov\u011bz\u00ed na \u010desneku, bramborov\u00fd knedl\u00edk, \u0161pen\u00e1t<\/p>\n<p>                                                    Zdroj: FTV Prima\n                                                                                    <\/p>\n<p>                                    <a href=\"\" data-index=\"21\"><br \/>\n                                                                                                                                <img decoding=\"async\" loading=\"lazy\" class=\"bg-preloader\" src=\"https:\/\/www.europesays.com\/cz\/wp-content\/uploads\/2026\/08\/1788112379_822_343a8a7cb5b3ea30f66b1763a6679455.jpg\"  alt=\"Pa\u0159\u00ed\u017esk\u00e9 \u0159ezy\"\/><br \/>\n                                                                            <\/a><\/p>\n<p class=\"atom-image-description\">\n                                                                                            Pa\u0159\u00ed\u017esk\u00e9 \u0159ezy<\/p>\n<p>                                                    Zdroj: FTV Prima\n                                                                                    <\/p>\n<p>                                    <a href=\"\" data-index=\"22\"><br \/>\n                                                                                                                                <img decoding=\"async\" loading=\"lazy\" class=\"bg-preloader\" src=\"https:\/\/www.europesays.com\/cz\/wp-content\/uploads\/2026\/08\/1788112380_178_8a135c216c790ec66403dc16755616a7.jpg\"  alt=\"Mat\u011bj Zelinger\"\/><br \/>\n                                                                            <\/a><\/p>\n<p class=\"atom-image-description\">\n                                                                                            Mat\u011bj Zelinger<\/p>\n<p>                                                    Zdroj: FTV Prima\n                                                                                    <\/p>\n<p>                                    <a href=\"\" data-index=\"23\"><br \/>\n                                                                                                                                <img decoding=\"async\" loading=\"lazy\" class=\"bg-preloader\" src=\"https:\/\/www.europesays.com\/cz\/wp-content\/uploads\/2026\/08\/1788112381_388_64c74a55a0aad66c2088a95bad9d28c1.jpg\"  alt=\"Bruschetta s raj\u010daty\"\/><br \/>\n                                                                            <\/a><\/p>\n<p class=\"atom-image-description\">\n                                                                                            Bruschetta s raj\u010daty<\/p>\n<p>                                                    Zdroj: FTV Prima\n                                                                                    <\/p>\n<p>                                    <a href=\"\" data-index=\"24\"><br \/>\n                                                                                                                                <img decoding=\"async\" loading=\"lazy\" class=\"bg-preloader\" src=\"https:\/\/www.europesays.com\/cz\/wp-content\/uploads\/2026\/08\/1788112381_616_0f0925d492b479946849ab2ddc09eab7.jpg\"  alt=\"Pomodoro\"\/><br \/>\n                                                                            <\/a><\/p>\n<p class=\"atom-image-description\">\n                                                                                            Pomodoro<\/p>\n<p>                                                    Zdroj: FTV Prima\n                                                                                    <\/p>\n<p>                                    <a href=\"\" data-index=\"25\"><br \/>\n                                                                                                                                <img decoding=\"async\" loading=\"lazy\" class=\"bg-preloader\" src=\"https:\/\/www.europesays.com\/cz\/wp-content\/uploads\/2026\/08\/1788112382_267_41652a25bd121c3fe164c122825d966f.jpg\"  alt=\"Carbonara\"\/><br \/>\n                                                                            <\/a><\/p>\n<p class=\"atom-image-description\">\n                                                                                            Carbonara<\/p>\n<p>                                                    Zdroj: FTV Prima\n                                                                                    <\/p>\n<p>                                    <a href=\"\" data-index=\"26\"><br \/>\n                                                                                                                                <img decoding=\"async\" loading=\"lazy\" class=\"bg-preloader\" src=\"https:\/\/www.europesays.com\/cz\/wp-content\/uploads\/2026\/08\/1788112383_277_1610a29c66f9b4f7ac9cb47762a86951.jpg\"  alt=\"Tiramisu\"\/><br \/>\n                                                                            <\/a><\/p>\n<p class=\"atom-image-description\">\n                                                                                            Tiramisu<\/p>\n<p>                                                    Zdroj: FTV Prima\n                                                                                    <\/p>\n<p>Rozd\u00e1vat se budou nejen \u010derven\u00e1 \u010d\u00edsla za j\u00eddlo, ale tak\u00e9 zelen\u00e1 za v\u0161echno ostatn\u00ed \u2013 za atmosf\u00e9ru a to, co ji tvo\u0159\u00ed \u2013 prost\u0159ed\u00ed, z\u00e1bava, \u00fasm\u011bv hostitele, ale t\u0159eba i prost\u0159en\u00fd st\u016fl, \u010dist\u00e9 n\u00e1dob\u00ed, nebo naopak nevl\u00eddn\u00e9 zach\u00e1zen\u00ed, h\u00e1dky a podobn\u011b. Ka\u017ed\u00fd hostitel tak m\u016f\u017ee od ka\u017ed\u00e9ho hosta dostat nejm\u00e9n\u011b 2 body \u2013 nejv\u00edce pak 20 bod\u016f. Hra se tak po\u0159\u00e1dn\u011b zamot\u00e1v\u00e1 a taktik\u016fm u\u017e nesta\u010d\u00ed um\u011bt napo\u010d\u00edtat na prstech jedn\u00e9 ruky.<\/p>\n<p>Mo\u017enost taktizov\u00e1n\u00ed se z\u00e1sadn\u011b sni\u017euje, proto\u017ee bodov\u00fd zvrat m\u016f\u017ee p\u0159ij\u00edt s ka\u017ed\u00fdm bodov\u00e1n\u00edm a celkov\u011b se hraje o 80 bod\u016f, kter\u00e9 mohou jednotliv\u00ed hostitel\u00e9 z\u00edskat. Sledujte premi\u00e9rov\u00e9 Prost\u0159eno! od pond\u011bl\u00ed do p\u00e1tku a <a target=\"_blank\" href=\"https:\/\/fresh.iprima.cz\/prostreno\/hlasovani\" rel=\"nofollow noopener\">obodujte svoje favority<\/a> i vy.<\/p>\n<p>                            <img decoding=\"async\" class=\"main-image aspect-169\" loading=\"lazy\" src=\"https:\/\/www.europesays.com\/cz\/wp-content\/uploads\/2026\/08\/1788112384_384_d7126ac9b6f1a9bf768253cf83ea6905.jpg\"  alt=\"Pavel Jar\u00fd\"\/><\/p>\n<p class=\"atom-image-description\">\n                                    Pavel Jar\u00fd<br \/>\n                                                    Zdroj: FTV Prima\n                            <\/p>\n<p>Je \u017eenat\u00fd a\u00a0s\u00a0man\u017eelkou maj\u00ed syna, kter\u00fd studuje. Do po\u0159adu ho p\u0159ihl\u00e1sil n\u011bkdo z\u00a0jeho okol\u00ed a on se postupn\u011b sna\u017e\u00ed p\u0159ij\u00edt na to, kdo to byl. V\u00fdzvu p\u0159ijal a douf\u00e1, \u017ee si neud\u011bl\u00e1 ostudu. Pokud by vyhr\u00e1l, tak by pen\u00edze investoval do bydlen\u00ed. Ve voln\u00e9m \u010dase se v\u011bnuje plav\u00e1n\u00ed. Bav\u00ed ho \u010dten\u00ed literatury faktu, fantasy a pr\u00e1ce na zahr\u00e1dce. Doma jim d\u011bl\u00e1 spole\u010dnost fenka, se kterou chod\u00ed na proch\u00e1zky.<\/p>\n<p>        <a href=\"https:\/\/zeny.iprima.cz\/frantisek-prizna-co-ho-vytaci-520223\" class=\"smaller-article-heading min-h-[10rem]\" rel=\"nofollow noopener\" target=\"_blank\"><br \/>\n            <img decoding=\"async\" loading=\"lazy\" src=\"https:\/\/www.europesays.com\/cz\/wp-content\/uploads\/2026\/08\/1788112385_664_e9f179ec8d5296a066e6e336b9c80827.jpg\" alt=\"Franti\u0161ek p\u0159izn\u00e1, co ho vyt\u00e1\u010d\u00ed, Svoji z\u00e1vislost ozna\u010duje za &quot;zava\u0159ov\u00e1n\u00ed kompot\u016f&quot;\" class=\"article-image\"\/><\/p>\n<p>                    <\/a><\/p>\n<p>                <a href=\"https:\/\/zeny.iprima.cz\/frantisek-prizna-co-ho-vytaci-520223\" rel=\"nofollow noopener\" target=\"_blank\"><br \/>\n                    Franti\u0161ek p\u0159izn\u00e1, co ho vyt\u00e1\u010d\u00ed, Svoji z\u00e1vislost ozna\u010duje za &#8222;zava\u0159ov\u00e1n\u00ed kompot\u016f&#8220;<\/p>\n<p>                                    <\/a><\/p>\n<p>Pavel s\u00e1z\u00ed v\u0161echno na jednu kartu. Na indick\u00e9 menu: Ta\u0161ti\u010dky na indick\u00fd zp\u016fsob, dip z kysan\u00e9 smetany a bylinek, bat\u00e1tov\u00e1 pol\u00e9vka s indick\u00fdm <a target=\"_blank\" href=\"https:\/\/fresh.iprima.cz\/recepty\/cesnekovy-naan-indicka-chlebova-placka\" rel=\"nofollow noopener\">chlebem naan<\/a>, ku\u0159ec\u00ed tikka masala s r\u00fd\u017e\u00ed a <a target=\"_blank\" href=\"https:\/\/fresh.iprima.cz\/vonave-lahodne-jablecne-kolace-prave-k-odpolednimu-mlsani\" rel=\"nofollow noopener\">indick\u00e9 \u201ed\u017eald\u00ed-d\u017eald\u00ed\u201c<\/a>. Toto menu si vybral, proto\u017ee indick\u00e1 kuchyn\u011b je u n\u00e1s opom\u00edjen\u00e1. Vybral si jednoduch\u00e9 recepty pro zpest\u0159en\u00ed ka\u017edodenn\u00ed rutiny. Jenom\u017ee se uk\u00e1\u017ee, \u017ee to bude hodn\u011b po\u010de\u0161t\u011bn\u00e1 Indie a bude o \u010dem diskutovat.<\/p>\n<p>                            <img decoding=\"async\" class=\"main-image aspect-169\" loading=\"lazy\" src=\"https:\/\/www.europesays.com\/cz\/wp-content\/uploads\/2026\/08\/1788112386_591_324880b2408432a541fbd237be99dbac.jpg\"  alt=\"Tamara Ol\u00e1hov\u00e1\"\/><\/p>\n<p class=\"atom-image-description\">\n                                    Tamara Ol\u00e1hov\u00e1<br \/>\n                                                    Zdroj: FTV Prima\n                            <\/p>\n<p>Je vdan\u00e1 a s man\u017eelem maj\u00ed syna, kter\u00e9mu je dev\u011bt let. Jejich \u017eivot je klidn\u00fd, spokojen\u00fd a v\u011bt\u0161inu \u010dasu tr\u00e1v\u00ed spole\u010dn\u011b s rodinou. R\u00e1di jezd\u00ed na v\u00fdlety, chod\u00ed na proch\u00e1zky a man\u017eel se synem r\u00e1di jezd\u00ed na kole. Do po\u0159adu ji p\u0159ihl\u00e1sil jej\u00ed man\u017eel, proto\u017ee r\u00e1da sleduje Prost\u0159eno! v televizi a r\u00e1da va\u0159\u00ed. O sv\u00e9m man\u017eelovi prozrad\u00ed pikantn\u00ed detaily. Na za\u010d\u00e1tku jejich vztahu doma skoro nejedl. Tamara pak zjistila, \u017ee se po pr\u00e1ci chodil tajn\u011b naj\u00edst k mamince.<\/p>\n<p><a target=\"_blank\" href=\"https:\/\/fresh.iprima.cz\/magazin\/tamara-olahova-z-prostreno-ma-rada-klid\" rel=\"nofollow noopener\">Man\u017eel necht\u011bl j\u00edst jej\u00ed j\u00eddlo:<\/a><\/p>\n<p>Tomu u\u017e je ale konec a Tamara sv\u00e9 kucha\u0159sk\u00e9 um\u011bn\u00ed m\u016f\u017ee p\u0159edv\u00e9st nejen p\u0159ed man\u017eelem, ale i p\u0159ed sv\u00fdmi \u010dty\u0159mi hosty, pro kter\u00e9 p\u0159iprav\u00ed: variaci kanapek, z hrnce, <a target=\"_blank\" href=\"https:\/\/fresh.iprima.cz\/originalni-zpusoby-jak-zpracovat-kureci-prsicka\" rel=\"nofollow noopener\">ku\u0159ec\u00ed pl\u00e1tek <\/a>se \u0161\u0165ouchan\u00fdmi bramborami, smetanovo-klob\u00e1sov\u00e9 poku\u0161en\u00ed, zeleninov\u00fd sal\u00e1t a sladkou radost na l\u017ei\u010dce. Bude Tama\u0159ino va\u0159en\u00ed dostate\u010dn\u011b l\u00e1kav\u00e9 pro ciz\u00ed str\u00e1vn\u00edky? Pochutnaj\u00ed si na klob\u00e1skovo-smetanov\u00e9 om\u00e1\u010dce?<\/p>\n<p>                            <img decoding=\"async\" class=\"main-image aspect-169\" loading=\"lazy\" src=\"https:\/\/www.europesays.com\/cz\/wp-content\/uploads\/2026\/08\/1788112386_413_d3e81b166030bce2d0429ef354ff9abe.jpg\"  alt=\"V\u00e1clav Pek\"\/><\/p>\n<p class=\"atom-image-description\">\n                                    V\u00e1clav Pek<br \/>\n                                                    Zdroj: FTV Prima\n                            <\/p>\n<p>St\u0159eda bude pat\u0159it automechanikovi s vlastn\u00edm autoservisem V\u00e1clavovi. Ten se netaj\u00ed t\u00edm, \u017ee v\u00edc ne\u017e recept\u016fm rozum\u00ed motor\u016fm. Je \u017eenat\u00fd a s man\u017eelkou maj\u00ed jednoho dosp\u011bl\u00e9ho syna. Jeho nejv\u011bt\u0161\u00edm kon\u00ed\u010dkem jsou auta a v\u0161e kolem nich. S\u00e1m o sob\u011b tvrd\u00ed, \u017ee je spole\u010densk\u00fd, pozitivn\u00ed a bere v\u0161e s nadhledem. \u017divot je dle n\u011bj kr\u00e1sn\u00fd. Do po\u0159adu ho p\u0159ihl\u00e1sila jeho man\u017eelka, proto\u017ee se spole\u010dn\u011b koukaj\u00ed na po\u0159ad v televizi a V\u00e1clav prohl\u00e1sil, \u017ee by to zvl\u00e1dl tak\u00e9.<\/p>\n<p>        <a href=\"https:\/\/zeny.iprima.cz\/ivana-chylkova-o-nove-rade-serie-pod-hladinou-518399\" class=\"smaller-article-heading min-h-[10rem]\" rel=\"nofollow noopener\" target=\"_blank\"><br \/>\n            <img decoding=\"async\" loading=\"lazy\" src=\"https:\/\/www.europesays.com\/cz\/wp-content\/uploads\/2026\/08\/f838e318e3d27b13b2824806adf261b1.jpg\" alt=\"Ve\u0161kerou pr\u00e1ci za kolegy odd\u0159u j\u00e1, sm\u011bje se Ivana Ch\u00fdlkov\u00e1, kdy\u017e mluv\u00ed o nov\u00e9 roli\" class=\"article-image\"\/><\/p>\n<p>                    <\/a><\/p>\n<p>                <a href=\"https:\/\/zeny.iprima.cz\/ivana-chylkova-o-nove-rade-serie-pod-hladinou-518399\" rel=\"nofollow noopener\" target=\"_blank\"><br \/>\n                    Ve\u0161kerou pr\u00e1ci za kolegy odd\u0159u j\u00e1, sm\u011bje se Ivana Ch\u00fdlkov\u00e1, kdy\u017e mluv\u00ed o nov\u00e9 roli<\/p>\n<p>                                    <\/a><\/p>\n<p>Te\u010f to mus\u00ed p\u0159edv\u00e9st p\u0159ed televizn\u00edmi kamerami. A docela se mu da\u0159\u00ed. I kdy\u017e se v kuchyni zapot\u00ed, nakonec si se sv\u00fdm menu porad\u00ed. P\u0159iprav\u00ed barevn\u00e9 p\u0159ekvapen\u00ed, <a target=\"_blank\" href=\"https:\/\/fresh.iprima.cz\/recepty\/smetanova-porkova-polevka-s-bramborami\" rel=\"nofollow noopener\">p\u00f3rkov\u00fd kr\u00e9m<\/a>, <a target=\"_blank\" href=\"https:\/\/fresh.iprima.cz\/vyborne-recepty-kde-ma-hlavni-slovo-veprova-krkovice-pripravte-grily\" rel=\"nofollow noopener\">pe\u010denou krkovici na jablk\u00e1ch <\/a>a cibuli, \u0161\u0165ouchan\u00e9 brambory a zeln\u00fd sal\u00e1t a sladk\u00e9 pot\u011b\u0161en\u00ed. Pochutnaj\u00ed si host\u00e9 na V\u00e1clavov\u00fdch obl\u00edben\u00fdch receptech? Aut\u016fm, kter\u00e1 m\u00e1 V\u00e1clav ze v\u0161eho nejrad\u011bji, bude pat\u0159it i z\u00e1bava \u2013 V\u00e1clav si pro sv\u00e9 hosty p\u0159iprav\u00ed z\u00e1vody s autem na d\u00e1lkov\u00e9 ovl\u00e1d\u00e1n\u00ed na \u010das.<\/p>\n<p>                            <img decoding=\"async\" class=\"main-image aspect-169\" loading=\"lazy\" src=\"https:\/\/www.europesays.com\/cz\/wp-content\/uploads\/2026\/08\/1788112387_279_197c0a42cb3588e6d09bf327ff0678c7.jpg\"  alt=\"Dana Compelov\u00e1\"\/><\/p>\n<p class=\"atom-image-description\">\n                                    Dana Compelov\u00e1<br \/>\n                                                    Zdroj: FTV Prima\n                            <\/p>\n<p>Dana pracuje jako obsluha benz\u00ednov\u00e9 stanice, m\u00e1 \u010dern\u00e9 vlasy a fialov\u00fd byt. A pr\u00e1v\u011b fialov\u00e1 barva v byt\u011b se stane hlavn\u00edm t\u00e9matem debat u stolu. P\u00e1nov\u00e9 z n\u00ed budou \u00fapln\u011b paf. V\u00e1clav by zase nejrad\u011bji vzal n\u00e1\u0159ad\u00ed do ruky a opravil p\u00e1r v\u011bc\u00ed v Danin\u011b byt\u011b. Je toti\u017e rozveden\u00e1 a mu\u017esk\u00e1 ruka v byt\u011b by se n\u011bkdy hodila. Dana si ale jinak nest\u011b\u017euje, vede spokojen\u00fd \u017eivot pln\u00fd l\u00e1sky a pohody. Mezi jej\u00ed kon\u00ed\u010dky pat\u0159\u00ed sport. R\u00e1da chod\u00ed do sauny.<\/p>\n<p>        <a href=\"https:\/\/zeny.iprima.cz\/veronika-arichteva-popisuje-serialove-manzelstvi-520143\" class=\"smaller-article-heading min-h-[10rem]\" rel=\"nofollow noopener\" target=\"_blank\"><br \/>\n            <img decoding=\"async\" loading=\"lazy\" src=\"https:\/\/www.europesays.com\/cz\/wp-content\/uploads\/2026\/08\/0587b1c1a01bd0455e5255724a6462a9.jpg\" alt=\"Veronika Arichteva popisuje seri\u00e1lov\u00e9 man\u017eelstv\u00ed s Benonim: Jsme spolu teprve od dubna\" class=\"article-image\"\/><\/p>\n<p>                    <\/a><\/p>\n<p>                <a href=\"https:\/\/zeny.iprima.cz\/veronika-arichteva-popisuje-serialove-manzelstvi-520143\" rel=\"nofollow noopener\" target=\"_blank\"><br \/>\n                    Veronika Arichteva popisuje seri\u00e1lov\u00e9 man\u017eelstv\u00ed s Benonim: Jsme spolu teprve od dubna<\/p>\n<p>                                    <\/a><\/p>\n<p>Do po\u0159adu ji p\u0159ihl\u00e1sila jej\u00ed dcera, proto\u017ee r\u00e1da va\u0159\u00ed. Bude ale Danino dom\u00e1c\u00ed va\u0159en\u00ed sta\u010dit na p\u0159\u00edsn\u00e9 kritiky? Dana p\u0159iprav\u00ed vejce s p\u0159ekvapen\u00edm, <a target=\"_blank\" href=\"https:\/\/fresh.iprima.cz\/recepty\/hovezi-vyvar-s-jatrovymi-knedlicky-a-domacimi-nudlemi-jako-z-babicciny-zahrady\" rel=\"nofollow noopener\">hov\u011bz\u00ed v\u00fdvar s j\u00e1trov\u00fdmi knedl\u00ed\u010dky<\/a> a droben\u00edm, hov\u011bz\u00ed na \u010desneku, bramborov\u00fd knedl\u00edk, \u0161pen\u00e1t a <a target=\"_blank\" href=\"https:\/\/fresh.iprima.cz\/jednoduche-rezy-s-kremem-z-vajecneho-konaku-a-parizske-slehacky-424123\" rel=\"nofollow noopener\">pa\u0159\u00ed\u017esk\u00e9 \u0159ezy<\/a>. Bude se kritizovat nejen byt, ale i j\u00eddlo. Alespo\u0148 z\u00e1bava ledy uvoln\u00ed. Dana si pro sv\u00e9 hosty p\u0159iprav\u00ed helium a nech\u00e1 je dokon\u010dovat v\u011bty, kter\u00e9 si vylosuj\u00ed.<\/p>\n<p>                            <img decoding=\"async\" class=\"main-image aspect-169\" loading=\"lazy\" src=\"https:\/\/www.europesays.com\/cz\/wp-content\/uploads\/2026\/08\/1788112388_404_8a135c216c790ec66403dc16755616a7.jpg\"  alt=\"Mat\u011bj Zelinger\"\/><\/p>\n<p class=\"atom-image-description\">\n                                    Mat\u011bj Zelinger<br \/>\n                                                    Zdroj: FTV Prima\n                            <\/p>\n<p>Teprve devaten\u00e1ctilet\u00fd truhl\u00e1\u0159 Mat\u011bj je u\u017e od pond\u011bl\u00ed nejv\u00fdrazn\u011bj\u0161\u00ed osobou \u00fasteck\u00e9 party. Mat\u011bj bydl\u00ed s\u00e1m v byt\u011b, a to mu d\u00e1v\u00e1 prostor pro samostatnost a vlastn\u00ed organizaci \u010dasu. Ve voln\u00e9m \u010dase r\u00e1d tr\u00e1v\u00ed chv\u00edle se sv\u00fdm kamar\u00e1dem Mildou, se kter\u00fdm podnik\u00e1 r\u016fzn\u00e9 aktivity. Mezi jeho kon\u00ed\u010dky pat\u0159\u00ed sport a pohyb. V\u011bnuje se tak\u00e9 automodelingu, a to je pro n\u011bj kon\u00ed\u010dek i zp\u016fsob, jak si n\u011bco p\u0159ivyd\u011blat.<\/p>\n<p>        <a href=\"https:\/\/zeny.iprima.cz\/kucharska-show-s-novymi-pravidly-519138\" class=\"smaller-article-heading min-h-[10rem]\" rel=\"nofollow noopener\" target=\"_blank\"><br \/>\n            <img decoding=\"async\" loading=\"lazy\" src=\"https:\/\/www.europesays.com\/cz\/wp-content\/uploads\/2026\/08\/e55493c06eb150cae3192d4bdd7aaf16.jpg\" alt=\"Kucha\u0159sk\u00e1 show s nov\u00fdmi pravidly. Hru rozto\u010d\u00ed body nav\u00edc za atmosf\u00e9ru nebo \u00faklid\" class=\"article-image\"\/><\/p>\n<p>                    <\/a><\/p>\n<p>                <a href=\"https:\/\/zeny.iprima.cz\/kucharska-show-s-novymi-pravidly-519138\" rel=\"nofollow noopener\" target=\"_blank\"><br \/>\n                    Kucha\u0159sk\u00e1 show s nov\u00fdmi pravidly. Hru rozto\u010d\u00ed body nav\u00edc za atmosf\u00e9ru nebo \u00faklid<\/p>\n<p>                                    <\/a><\/p>\n<p>Ostatn\u00ed jsou na Mat\u011bje velmi zv\u011bdav\u00ed, proto\u017ee je od pond\u011bl\u00ed nap\u00edn\u00e1, zda um\u00ed va\u0159it, nebo ne. K j\u00eddl\u016fm ostatn\u00edch se u stolu vyjad\u0159uje chv\u00edlemi podivn\u011b. Realita je takov\u00e1, \u017ee Mat\u011bj m\u00e1 k va\u0159en\u00ed kladn\u00fd vztah, ale je teprve v za\u010d\u00e1tc\u00edch a postupn\u011b sb\u00edr\u00e1 nov\u00e9 zku\u0161enosti. A tak to bude tak\u00e9 vypadat v kuchyni. Mat\u011bj se ve sv\u00e9m vlastn\u00edm va\u0159en\u00ed za\u010dne ztr\u00e1cet, bude pot\u0159ebovat don\u00e9st dal\u0161\u00ed suroviny a po\u0159\u00e1dn\u011b se zapot\u00ed. Sledujte p\u00e1te\u010dn\u00ed epizodu, kdy se dozv\u00edte jm\u00e9no v\u00edt\u011bze tohoto t\u00fddne.<\/p>\n","protected":false},"excerpt":{"rendered":"Dal\u0161\u00ed prost\u0159en\u00fd t\u00fdden prob\u011bhne v \u00dasteck\u00e9m kraji, kde rozhodn\u011b nen\u00ed snadn\u00fd \u017eivot. P\u011btice sout\u011b\u017e\u00edc\u00edch se od pond\u011bl\u00ed pust\u00ed&hellip;\n","protected":false},"author":2,"featured_media":196529,"comment_status":"","ping_status":"","sticky":false,"template":"","format":"standard","meta":{"footnotes":"","_share_on_mastodon":"0"},"categories":[14],"tags":[1311,79,944,43628,4954,946,945,3228,6702,80],"class_list":["post-196528","post","type-post","status-publish","format-standard","has-post-thumbnail","category-zabava","tag-bydleni","tag-entertainment","tag-ftv-prima","tag-premierove-dily","tag-prima","tag-prostreno","tag-soutez","tag-ustecky-kraj","tag-vareni","tag-zabava"],"share_on_mastodon":{"url":"https:\/\/pubeurope.com\/@cz\/117185742291790890","error":""},"_links":{"self":[{"href":"https:\/\/www.europesays.com\/cz\/wp-json\/wp\/v2\/posts\/196528","targetHints":{"allow":["GET"]}}],"collection":[{"href":"https:\/\/www.europesays.com\/cz\/wp-json\/wp\/v2\/posts"}],"about":[{"href":"https:\/\/www.europesays.com\/cz\/wp-json\/wp\/v2\/types\/post"}],"author":[{"embeddable":true,"href":"https:\/\/www.europesays.com\/cz\/wp-json\/wp\/v2\/users\/2"}],"replies":[{"embeddable":true,"href":"https:\/\/www.europesays.com\/cz\/wp-json\/wp\/v2\/comments?post=196528"}],"version-history":[{"count":0,"href":"https:\/\/www.europesays.com\/cz\/wp-json\/wp\/v2\/posts\/196528\/revisions"}],"wp:featuredmedia":[{"embeddable":true,"href":"https:\/\/www.europesays.com\/cz\/wp-json\/wp\/v2\/media\/196529"}],"wp:attachment":[{"href":"https:\/\/www.europesays.com\/cz\/wp-json\/wp\/v2\/media?parent=196528"}],"wp:term":[{"taxonomy":"category","embeddable":true,"href":"https:\/\/www.europesays.com\/cz\/wp-json\/wp\/v2\/categories?post=196528"},{"taxonomy":"post_tag","embeddable":true,"href":"https:\/\/www.europesays.com\/cz\/wp-json\/wp\/v2\/tags?post=196528"}],"curies":[{"name":"wp","href":"https:\/\/api.w.org\/{rel}","templated":true}]}}