{"id":196538,"date":"2026-08-30T18:07:17","date_gmt":"2026-08-30T18:07:17","guid":{"rendered":"https:\/\/www.europesays.com\/cz\/196538\/"},"modified":"2026-08-30T18:07:17","modified_gmt":"2026-08-30T18:07:17","slug":"desitky-motorkaru-v-praze-radily-primo-pod-okny-policie-jednoho-zastavili-se-zbrani","status":"publish","type":"post","link":"https:\/\/www.europesays.com\/cz\/196538\/","title":{"rendered":"Des\u00edtky motork\u00e1\u0159\u016f v\u00a0Praze \u0159\u00e1dily p\u0159\u00edmo pod okny policie. Jednoho zastavili se zbran\u00ed"},"content":{"rendered":"<p class=\"c_bB\">O j\u00edzd\u011b motork\u00e1\u0159\u016f, kter\u00e1 se odehr\u00e1vala mimo jin\u00e9 na Nuselsk\u00e9m most\u011b a\u00a0v ulici 5.\u00a0kv\u011btna v\u00a0bezprost\u0159edn\u00ed bl\u00edzkosti krajsk\u00e9ho \u0159editelstv\u00ed pra\u017esk\u00e9 policie, informovala agentura Aktu.cz. <\/p>\n<p class=\"c_bB\">Ta se dostala tak\u00e9 k\u00a0z\u00e1znam\u016fm z\u00a0kamery um\u00edst\u011bn\u00e9 na helm\u011b jednoho z\u00a0motork\u00e1\u0159\u016f, kter\u00e9 zachycuj\u00ed pr\u016fb\u011bh no\u010dn\u00ed j\u00edzdy. Ze z\u00e1znam\u016f je patrn\u00e9, \u017ee motork\u00e1\u0159i v\u00a0n\u011bkter\u00fdch \u00fasec\u00edch jezdili v\u00a0protism\u011bru a\u00a0po tramvajov\u00e9m p\u00e1su.<\/p>\n<p><img height=\"2066\"   width=\"3672\" src=\"https:\/\/www.europesays.com\/cz\/wp-content\/uploads\/2026\/08\/policie-motorkar-praha-prestupek-jizda-policiste.jpeg\" loading=\"lazy\" decoding=\"async\" class=\"c_t c_r c_l\"\/>Foto: Aktu.cz<\/p>\n<p class=\"c_bB\">Policist\u00e9 zkontrolovali asi 15\u00a0motork\u00e1\u0159\u016f<\/p>\n<p class=\"c_bB\">Ud\u00e1lost Novink\u00e1m potvrdil policejn\u00ed mluv\u010d\u00ed Richard Hrdina. \u201eOkolo p\u016fl jeden\u00e1ct\u00e9 ve\u010der jsme p\u0159ijali ozn\u00e1men\u00ed o\u00a0skupin\u011b motork\u00e1\u0159\u016f, kte\u0159\u00ed v\u00a0ulici 5.\u00a0kv\u011btna ohro\u017eovali bezpe\u010dnost silni\u010dn\u00edho provozu,\u201c uvedl.<\/p>\n<p class=\"c_bB\">Policist\u00e9 podle n\u011bj zkontrolovali p\u0159ibli\u017en\u011b 15\u00a0motork\u00e1\u0159\u016f. \u201eJeden z\u00a0nich odm\u00edtl uposlechnout v\u00fdzvy a\u00a0sna\u017eil se ujet. Uj\u00ed\u017ed\u011bj\u00edc\u00edho motork\u00e1\u0159e se n\u00e1sledn\u011b poda\u0159ilo zastavit pod hrozbou pou\u017eit\u00ed st\u0159eln\u00e9 zbran\u011b,\u201c doplnil mluv\u010d\u00ed.<\/p>\n<p><img height=\"2066\"   width=\"3672\" src=\"https:\/\/www.europesays.com\/cz\/wp-content\/uploads\/2026\/08\/motorkar-praha-jizda-prestupek-motorka-policie-policiste.jpeg\" loading=\"lazy\" decoding=\"async\" class=\"c_t c_r c_l\"\/>Foto: Aktu.cz<\/p>\n<p class=\"c_bB\">No\u010dn\u00ed j\u00edzdu motork\u00e1\u0159\u016f Prahou monitorovali policist\u00e9<\/p>\n<p class=\"c_bB\">Podle Aktu.cz m\u011bli n\u011bkte\u0159\u00ed jezdci ohnut\u00e9 registra\u010dn\u00ed zna\u010dky tak, aby nebyly \u010diteln\u00e9 na kamer\u00e1ch, dal\u0161\u00ed jezdili po zadn\u00edm kole. Policie bude n\u011bkter\u00e1 jedn\u00e1n\u00ed \u0159e\u0161it jako p\u0159estupky.<\/p>\n<p class=\"c_bB\">\u201eJ\u00edzdu motork\u00e1\u0159\u016f jsme n\u00e1sledn\u011b monitorovali a\u017e do chv\u00edle, kdy opustili \u00fazem\u00ed hlavn\u00edho m\u011bsta,\u201c dodal Hrdina. P\u0159\u00edpad motork\u00e1\u0159e, kter\u00fd zastavil a\u017e pod hrozbou zbran\u011b, policie \u0159e\u0161\u00ed jako p\u0159estupek neuposlechnut\u00ed v\u00fdzvy.<\/p>\n<p><a data-dot=\"atm-link\" target=\"_self\" href=\"https:\/\/www.novinky.cz\/clanek\/krimi-tahl-z-nej-alkohol-a-ztezka-mluvil-motorkar-se-skoro-25-promile-ujizdel-v-plzni-pred-policisty-40594388\" class=\"c_I\" rel=\"nofollow noopener\"><img height=\"430\" width=\"766\" src=\"https:\/\/www.europesays.com\/cz\/wp-content\/uploads\/2026\/08\/1788113237_787_motorka-plzen-alkohol.png\" loading=\"lazy\" decoding=\"async\" class=\"c_t c_r c_l\"\/><\/a><\/p>\n","protected":false},"excerpt":{"rendered":"O j\u00edzd\u011b motork\u00e1\u0159\u016f, kter\u00e1 se odehr\u00e1vala mimo jin\u00e9 na Nuselsk\u00e9m most\u011b a\u00a0v ulici 5.\u00a0kv\u011btna v\u00a0bezprost\u0159edn\u00ed bl\u00edzkosti krajsk\u00e9ho \u0159editelstv\u00ed&hellip;\n","protected":false},"author":2,"featured_media":196539,"comment_status":"","ping_status":"","sticky":false,"template":"","format":"standard","meta":{"footnotes":"","_share_on_mastodon":"0"},"categories":[10],"tags":[17,21,15024,6038,16,325,99,5327,18,19,22,20],"class_list":["post-196538","post","type-post","status-publish","format-standard","has-post-thumbnail","category-zpravy","tag-headlines","tag-hlavni-udalosti","tag-jizda","tag-motorkari","tag-news","tag-policie","tag-praha","tag-prestupek","tag-top-news","tag-top-stories","tag-udalosti-dne","tag-zpravy"],"share_on_mastodon":{"url":"https:\/\/pubeurope.com\/@cz\/117185796379338608","error":""},"_links":{"self":[{"href":"https:\/\/www.europesays.com\/cz\/wp-json\/wp\/v2\/posts\/196538","targetHints":{"allow":["GET"]}}],"collection":[{"href":"https:\/\/www.europesays.com\/cz\/wp-json\/wp\/v2\/posts"}],"about":[{"href":"https:\/\/www.europesays.com\/cz\/wp-json\/wp\/v2\/types\/post"}],"author":[{"embeddable":true,"href":"https:\/\/www.europesays.com\/cz\/wp-json\/wp\/v2\/users\/2"}],"replies":[{"embeddable":true,"href":"https:\/\/www.europesays.com\/cz\/wp-json\/wp\/v2\/comments?post=196538"}],"version-history":[{"count":0,"href":"https:\/\/www.europesays.com\/cz\/wp-json\/wp\/v2\/posts\/196538\/revisions"}],"wp:featuredmedia":[{"embeddable":true,"href":"https:\/\/www.europesays.com\/cz\/wp-json\/wp\/v2\/media\/196539"}],"wp:attachment":[{"href":"https:\/\/www.europesays.com\/cz\/wp-json\/wp\/v2\/media?parent=196538"}],"wp:term":[{"taxonomy":"category","embeddable":true,"href":"https:\/\/www.europesays.com\/cz\/wp-json\/wp\/v2\/categories?post=196538"},{"taxonomy":"post_tag","embeddable":true,"href":"https:\/\/www.europesays.com\/cz\/wp-json\/wp\/v2\/tags?post=196538"}],"curies":[{"name":"wp","href":"https:\/\/api.w.org\/{rel}","templated":true}]}}