{"id":196554,"date":"2026-08-30T18:22:11","date_gmt":"2026-08-30T18:22:11","guid":{"rendered":"https:\/\/www.europesays.com\/cz\/196554\/"},"modified":"2026-08-30T18:22:11","modified_gmt":"2026-08-30T18:22:11","slug":"volkswagen-cekaji-klicove-tydny-obri-diskont-masivne-zavira-prodejny-dluhopis-republiky-ztraci-hlavni-vyhodu-e15-cz","status":"publish","type":"post","link":"https:\/\/www.europesays.com\/cz\/196554\/","title":{"rendered":"Volkswagen \u010dekaj\u00ed kl\u00ed\u010dov\u00e9 t\u00fddny. Ob\u0159\u00ed diskont masivn\u011b zav\u00edr\u00e1 prodejny. Dluhopis Republiky ztr\u00e1c\u00ed hlavn\u00ed v\u00fdhodu &#8211; E15.cz"},"content":{"rendered":"<p><a href=\"https:\/\/news.google.com\/rss\/articles\/CBMi9wFBVV95cUxQeDV2UnZ4VHZHQ3BkRW5meG5fNFRhR2F2YWdVUmhoS21QUFBQRFJNbFBnTG9DTkRPcGNpRXc0ZnJsSzdzdHdvSUVucWZ4V09TXzVfYm1rM2prd2hZTXRYVFNmY3V1NHRXMXlpSWpIN1VQZVVpREM1enV5aEJfUzc0LVVfVkFFTGg5bGlweFNPTWhVWFFKMjdTdUp4M2FURU85LU9GNnc3bnVsRDBXaW81b1dna1NVWllCamJmVjJCRG9VTllnVDNvYzdSMi1oMlc1QTdxdW1sT3h1b2NETkcya2FnVWtaeFRHOGQzc3Q4ekI0M2c0NEJR?oc=5\" target=\"_blank\" rel=\"nofollow noopener\">Volkswagen \u010dekaj\u00ed kl\u00ed\u010dov\u00e9 t\u00fddny. Ob\u0159\u00ed diskont masivn\u011b zav\u00edr\u00e1 prodejny. Dluhopis Republiky ztr\u00e1c\u00ed hlavn\u00ed v\u00fdhodu<\/a>&nbsp;&nbsp;E15.cz<a href=\"https:\/\/news.google.com\/rss\/articles\/CBMiswFBVV95cUxQdWhRM2EwcE85bkozWXBMYTQ0VGtTLWpoTTBiSWRCMHA1QnZnUUt1Rk5IMkpDemVwY2dZMjdqcEVjWFVPMkltRmJHVDVURTl4WTBFaXN1ZDdWQ0N4WXBlYnJnLTNleWprYUVPWU8yQ0NVaVlydWJuRXhWNWF2Z01FT0l6c3lpSjhLbnZDZXFvTWI2TGRvbXZoNURQOU1rOEk5dzR6WU9JTFJNQWRxdl82NnF6WQ?oc=5\" target=\"_blank\" rel=\"nofollow noopener\">Za probl\u00e9my Volkswagenu nen\u00ed jen \u010c\u00edna. \u00dasp\u011bch \u0160kody je neo\u010dek\u00e1van\u00fd z\u00e1zrak, \u0159\u00edk\u00e1 odborn\u00edk<\/a>&nbsp;&nbsp;Den\u00edk N<a href=\"https:\/\/news.google.com\/rss\/articles\/CBMinwFBVV95cUxQTlZteHZDV00yYTd5MHFUZzEtWFBXQ0YwQmlwcGVuZnRVbXhieEdIRllFb3NVZEN6aE9lbUd6SVExdjNxTzJBVFZuWTkzWUZaVTZBQl8xSmNTV1I5ZERDOWl5ZGZuUXFWY2ZYNVNYRkRQaVFVdFNUWmY5UHk5WGRYanh2SzFid1lUTFJiN3VLTEdQZE04d0lSYldvWkNjT1E?oc=5\" target=\"_blank\" rel=\"nofollow noopener\">Temn\u00e1 mra\u010dna nad Volkswagenem. Ohroz\u00ed i \u0160kodovku?<\/a>&nbsp;&nbsp;Reflex.cz<a href=\"https:\/\/news.google.com\/rss\/articles\/CBMigAFBVV95cUxQNWQwaDRRS0t1WFFSSlBOY2xRckQ0d3B4elQtemdyVkV0WFlWR1FFSHIwN0xTdW1kS2lXVUNoU2t0SFAxVUJVVW9MeHpGRzFMYmo2M0FiQXpMb1pLRDhyLTR1Z2d4Q2VvdW9HZmw1ZURlNEFPc3VXOUtYYi1ZWHFEVA?oc=5\" target=\"_blank\" rel=\"nofollow noopener\">Konec zna\u010dky Seat? Cupra ji zast\u00ednila a veden\u00ed koncernu u\u017e nem\u00e1 d\u016fvod ji dr\u017eet p\u0159i \u017eivot\u011b<\/a>&nbsp;&nbsp;Auto\u017div\u011b.cz<a href=\"https:\/\/news.google.com\/rss\/articles\/CBMilwFBVV95cUxOeTQ2d00zV2dzcnZ4WHRpRVdXZkxCZkx6SzZtS3Fnd2NDaHF6YVpPeHM1dDJvQWYwa29DUC1lMjJwaUxjelo0UEl3LWpFWlBiZHdpeUZCTmI1dTNVS0cxZmxPSnlVNl9vMkJZWXliTkdPY3lqN180bFlxSlU2Q0RkNk1mekw4eTVYVkVDT1B6NmhqeUpDRkJj?oc=5\" target=\"_blank\" rel=\"nofollow noopener\">Volkswagen zva\u017euje uzav\u0159en\u00ed a\u017e \u010dty\u0159 tov\u00e1ren<\/a>&nbsp;&nbsp;Novinky<\/p>\n","protected":false},"excerpt":{"rendered":"Volkswagen \u010dekaj\u00ed kl\u00ed\u010dov\u00e9 t\u00fddny. Ob\u0159\u00ed diskont masivn\u011b zav\u00edr\u00e1 prodejny. Dluhopis Republiky ztr\u00e1c\u00ed hlavn\u00ed v\u00fdhodu&nbsp;&nbsp;E15.czZa probl\u00e9my Volkswagenu nen\u00ed jen&hellip;\n","protected":false},"author":2,"featured_media":196555,"comment_status":"","ping_status":"","sticky":false,"template":"","format":"standard","meta":{"footnotes":"","_share_on_mastodon":"0"},"categories":[12],"tags":[67,68,42,1731,375,703,29411,317,45,1011,113,1351],"class_list":["post-196554","post","type-post","status-publish","format-standard","has-post-thumbnail","category-byznys","tag-business","tag-byznys","tag-cesko","tag-nemci","tag-nemecko","tag-penize","tag-republika","tag-skoda-auto","tag-slovensko","tag-tesla","tag-usa","tag-volkswagen"],"share_on_mastodon":{"url":"https:\/\/pubeurope.com\/@cz\/117185854991489459","error":""},"_links":{"self":[{"href":"https:\/\/www.europesays.com\/cz\/wp-json\/wp\/v2\/posts\/196554","targetHints":{"allow":["GET"]}}],"collection":[{"href":"https:\/\/www.europesays.com\/cz\/wp-json\/wp\/v2\/posts"}],"about":[{"href":"https:\/\/www.europesays.com\/cz\/wp-json\/wp\/v2\/types\/post"}],"author":[{"embeddable":true,"href":"https:\/\/www.europesays.com\/cz\/wp-json\/wp\/v2\/users\/2"}],"replies":[{"embeddable":true,"href":"https:\/\/www.europesays.com\/cz\/wp-json\/wp\/v2\/comments?post=196554"}],"version-history":[{"count":0,"href":"https:\/\/www.europesays.com\/cz\/wp-json\/wp\/v2\/posts\/196554\/revisions"}],"wp:featuredmedia":[{"embeddable":true,"href":"https:\/\/www.europesays.com\/cz\/wp-json\/wp\/v2\/media\/196555"}],"wp:attachment":[{"href":"https:\/\/www.europesays.com\/cz\/wp-json\/wp\/v2\/media?parent=196554"}],"wp:term":[{"taxonomy":"category","embeddable":true,"href":"https:\/\/www.europesays.com\/cz\/wp-json\/wp\/v2\/categories?post=196554"},{"taxonomy":"post_tag","embeddable":true,"href":"https:\/\/www.europesays.com\/cz\/wp-json\/wp\/v2\/tags?post=196554"}],"curies":[{"name":"wp","href":"https:\/\/api.w.org\/{rel}","templated":true}]}}