{"id":196576,"date":"2026-08-30T18:48:14","date_gmt":"2026-08-30T18:48:14","guid":{"rendered":"https:\/\/www.europesays.com\/cz\/196576\/"},"modified":"2026-08-30T18:48:14","modified_gmt":"2026-08-30T18:48:14","slug":"dita-kaplanova-chtela-zpet-zkazene-detstvi-odstrihla-filmare-i-novinare","status":"publish","type":"post","link":"https:\/\/www.europesays.com\/cz\/196576\/","title":{"rendered":"Dita Kaplanov\u00e1 cht\u011bla zp\u011bt zka\u017een\u00e9 d\u011btstv\u00ed. Odst\u0159ihla filma\u0159e i novin\u00e1\u0159e"},"content":{"rendered":"<p>Dita Kaplanov\u00e1 (61) jako d\u011btsk\u00e1 here\u010dka sb\u00edrala presti\u017en\u00ed ceny na mezin\u00e1rodn\u00edch festivalech a sv\u011bt st\u0159\u00edbrn\u00e9ho pl\u00e1tna j\u00ed doslova le\u017eel u nohou. Div\u00e1ci si ji mohou pamatovat i ze zn\u00e1m\u00e9ho filmu Mat\u011bji, pro\u010d t\u011b holky necht\u011bj\u00ed?. Raketov\u00fd start p\u0159ed kamerou ale Kaplanov\u00e1 dobrovoln\u011b zastavila. Zvolila si zcela jinou um\u011bleckou dr\u00e1hu a po \u010dase se st\u00e1hla do \u00fastran\u00ed. Dnes skl\u00edz\u00ed potlesk hlavn\u011b na divadeln\u00edch sc\u00e9n\u00e1ch.<\/p>\n<p>\u00dasp\u011b\u0161n\u00e1 dcera alkoholi\u010dky<\/p>\n<p>P\u0159ed kamerou se za\u010dala objevovat velmi brzy. U\u017e v \u0161esti letech namluvila postavu v sov\u011btsk\u00e9m sn\u00edmku \u010cajkovskij a zanedlouho za\u010dala p\u016fsobit v televizi. Jej\u00ed talent brzy objevila asistentka re\u017eis\u00e9ra Karla Kachyni b\u011bhem zkou\u0161ek brn\u011bnsk\u00e9ho d\u011btsk\u00e9ho souboru P\u00edrko. Kachy\u0148a malou here\u010dku n\u00e1sledn\u011b obsadil do filmu \u010cek\u00e1n\u00ed na d\u00e9\u0161\u0165. Ztv\u00e1rn\u011bn\u00ed hlavn\u00ed role tehdy vyneslo Kaplanov\u00e9 zvl\u00e1\u0161tn\u00ed cenu poroty na festivalu v Gottwaldov\u011b.<\/p>\n<p>P\u0159elomov\u00fd moment p\u0159i\u0161el po\u010d\u00e1tkem osmdes\u00e1t\u00fdch let. Re\u017eis\u00e9r Ji\u0159\u00ed Svoboda hledal p\u0159edstavitelku pro chystan\u00e9 psychologick\u00e9 drama D\u00edvka s mu\u0161l\u00ed. Kaplanov\u00e9 sv\u011b\u0159il n\u00e1ro\u010dnou postavu dcery alkoholi\u010dky. Za sv\u016fj v\u00fdkon tehdy z\u00edskala hlavn\u00ed cenu na filmov\u00e9m festivalu v Karlov\u00fdch Varech. Uzn\u00e1n\u00ed na sebe nenechalo dlouho \u010dekat ani za hranicemi. Brzy se toti\u017e radovala i na festivalov\u00fdch p\u0159ehl\u00eddk\u00e1ch v Montrealu \u010di Moskv\u011b.<\/p>\n<p>Radik\u00e1ln\u00ed zm\u011bna priorit<\/p>\n<p>Velk\u00fd tlak okol\u00ed a brzk\u00e1 popularita si za\u010daly vyb\u00edrat svou da\u0148. Do sedmn\u00e1cti o profesion\u00e1ln\u00ed hereck\u00e9 dr\u00e1ze v\u016fbec neuva\u017eovala. Mnohem v\u00edce ji zaj\u00edmalo pr\u00e1vo a studium na filozofick\u00e9 fakult\u011b. Zm\u011bna pl\u00e1n\u016f nastala a\u017e ve \u010dtvrt\u00e9m ro\u010dn\u00edku gymn\u00e1zia. \u201eKdy\u017e za\u010dalo p\u0159ib\u00fdvat trojek,\u201c zhodnotila situaci s \u00fasm\u011bvem v dokumentu Osudy hv\u011bzd. Podala si proto p\u0159ihl\u00e1\u0161ku na brn\u011bnskou JAMU a p\u0159ij\u00edmac\u00edm \u0159\u00edzen\u00edm pro\u0161la bez nejmen\u0161\u00edch probl\u00e9m\u016f.<\/p>\n<p>B\u011bhem vysoko\u0161kolsk\u00fdch studi\u00ed se jej\u00ed vztah k filmov\u00e9mu pr\u016fmyslu z\u00e1sadn\u011b zm\u011bnil. Rozhodla se dohnat ztracen\u00e9 d\u011btstv\u00ed a ve\u0161kerou pozornost m\u00e9di\u00ed za\u010dala ignorovat. P\u0159estala chodit na hereck\u00e9 castingy a odm\u00edtala jak\u00e9koliv focen\u00ed nebo \u017e\u00e1dosti o rozhovory. Sama sebe s ironi\u00ed za\u010dala ozna\u010dovat za antihv\u011bzdu. Re\u017eis\u00e9\u0159i na radik\u00e1ln\u00ed postoj brzy zareagovali, vy\u0159adili here\u010dku ze sv\u00fdch datab\u00e1z\u00ed a postupn\u011b zmizela z pov\u011bdom\u00ed div\u00e1k\u016f.<\/p>\n<p>Divadlo jako nov\u00e9 z\u00e1zem\u00ed<\/p>\n<p>Po \u0161kole z\u016fstala mimo hled\u00e1\u010dek filmov\u00fdch produkc\u00ed a musela se spolehnout na jin\u00fd zdroj ob\u017eivy. Voln\u00e9 m\u00edsto objevila v brn\u011bnsk\u00e9m Divadle na prov\u00e1zku. Nastoupila do tamn\u00edho souboru a na\u0161la v n\u011bm z\u00e1zem\u00ed na dal\u0161\u00ed dv\u011b desetilet\u00ed. Jevi\u0161t\u011b se stalo st\u0159edobodem jej\u00edho um\u011bleck\u00e9ho \u017eivota a pr\u00e1ce p\u0159ed kamerou po roce 1990 definitivn\u011b ustoupila do pozad\u00ed.<\/p>\n<p>V roce 2007 ud\u011blala zm\u011bnu p\u0159esunem do N\u00e1rodn\u00edho divadla v Brn\u011b. Na zdej\u0161\u00edch prknech str\u00e1vila sedm sezon. O sedm let pozd\u011bji za\u010dala hr\u00e1t v pra\u017esk\u00e9m Divadle Na z\u00e1bradl\u00ed. P\u0159e kamerou se objevuje pouze p\u0159\u00edle\u017eitostn\u011b. Vid\u011bt jste ji mohli v posledn\u00edch letech v seri\u00e1lech Krimin\u00e1lka And\u011bl, Iveta nebo Specialist\u00e9.<\/p>\n<p>Dita Kaplanov\u00e1 ale rozhodn\u011b nen\u00ed jen here\u010dkou. V\u011bnuje se dabingu a spolupracuje s rozhlasem. Sv\u00e9 zku\u0161enosti nav\u00edc aktivn\u011b p\u0159ed\u00e1v\u00e1 prost\u0159ednictv\u00edm workshop\u016f a s t\u011bmito vzd\u011bl\u00e1vac\u00edmi akcemi zav\u00edtala i do zahrani\u010d\u00ed (nap\u0159\u00edklad v Berl\u00edn\u011b \u010di Ohiu).<\/p>\n<p>Ditu Kaplanovou si ve filmu Mat\u011bji, pro\u010d t\u011b holky necht\u011bj\u00ed? m\u016f\u017eete p\u0159ipomenout v ned\u011bli 30. srpna od 18:30 na <a href=\"https:\/\/www.readzone.cz\/televize\/filmbox\/\" target=\"_blank\" rel=\"noopener follow nofollow\" data-wpel-link=\"internal\">FILMBOX+<\/a> ONE.<\/p>\n<p>Zdroj informac\u00ed: autorsk\u00e9 zpracov\u00e1n\u00ed redakce <a href=\"https:\/\/www.readzone.cz\/kontakty\/\" target=\"_blank\" rel=\"noopener noreferrer follow nofollow\" data-wpel-link=\"internal\">Readzone.cz<\/a> na z\u00e1klad\u011b ve\u0159ejn\u011b dostupn\u00fdch informac\u00ed z m\u00e9di\u00ed (<a href=\"https:\/\/www.csfd.cz\/tvurce\/1212-dita-kaplanova\/biografie\/\" target=\"_blank\" rel=\"noopener follow noreferrer nofollow\" data-wpel-link=\"exclude\">csfd<\/a>, <a href=\"https:\/\/www.nazabradli.cz\/lide\/dita-kaplanova\/\" target=\"_blank\" rel=\"noopener follow external nofollow\" data-wpel-link=\"external\">nazabradli<\/a>, <a href=\"https:\/\/www.csfd.cz\/film\/1176361-osudy-hvezd\/249371-dita-dita-kaplanova\/recenze\/\" target=\"_blank\" rel=\"noopener follow noreferrer nofollow\" data-wpel-link=\"exclude\">csfd<\/a>, <a href=\"https:\/\/www.instagram.com\/p\/BwSWiLAlT0B\/\" target=\"_blank\" rel=\"noopener follow external nofollow\" data-wpel-link=\"external\">instagram<\/a>, <a href=\"https:\/\/www.i-divadlo.cz\/profily\/dita-kaplanova\" target=\"_blank\" rel=\"noopener follow external nofollow\" data-wpel-link=\"external\">i-divadlo<\/a>).<script async src=\"\/\/www.instagram.com\/embed.js\"><\/script><\/p>\n","protected":false},"excerpt":{"rendered":"Dita Kaplanov\u00e1 (61) jako d\u011btsk\u00e1 here\u010dka sb\u00edrala presti\u017en\u00ed ceny na mezin\u00e1rodn\u00edch festivalech a sv\u011bt st\u0159\u00edbrn\u00e9ho pl\u00e1tna j\u00ed doslova&hellip;\n","protected":false},"author":2,"featured_media":196577,"comment_status":"","ping_status":"","sticky":false,"template":"","format":"standard","meta":{"footnotes":"","_share_on_mastodon":"0"},"categories":[14],"tags":[92,739,2163,37885,45235,428,2096,45236,79,41061,1093,22666,1577,32653,192,47,2267,1682,80],"class_list":["post-196576","post","type-post","status-publish","format-standard","has-post-thumbnail","category-zabava","tag-brno","tag-co-sledovat-v-televizi","tag-dabing","tag-detske-hvezdy","tag-dita-kaplanova","tag-divadlo","tag-divadlo-na-zabradli","tag-divka-s-musli","tag-entertainment","tag-filmbox","tag-filmy","tag-herci-a-herecky","tag-herecka","tag-promeny-slavnych","tag-showbyznys","tag-televize","tag-tip-na-film","tag-umeni","tag-zabava"],"share_on_mastodon":{"url":"https:\/\/pubeurope.com\/@cz\/117185957518341594","error":""},"_links":{"self":[{"href":"https:\/\/www.europesays.com\/cz\/wp-json\/wp\/v2\/posts\/196576","targetHints":{"allow":["GET"]}}],"collection":[{"href":"https:\/\/www.europesays.com\/cz\/wp-json\/wp\/v2\/posts"}],"about":[{"href":"https:\/\/www.europesays.com\/cz\/wp-json\/wp\/v2\/types\/post"}],"author":[{"embeddable":true,"href":"https:\/\/www.europesays.com\/cz\/wp-json\/wp\/v2\/users\/2"}],"replies":[{"embeddable":true,"href":"https:\/\/www.europesays.com\/cz\/wp-json\/wp\/v2\/comments?post=196576"}],"version-history":[{"count":0,"href":"https:\/\/www.europesays.com\/cz\/wp-json\/wp\/v2\/posts\/196576\/revisions"}],"wp:featuredmedia":[{"embeddable":true,"href":"https:\/\/www.europesays.com\/cz\/wp-json\/wp\/v2\/media\/196577"}],"wp:attachment":[{"href":"https:\/\/www.europesays.com\/cz\/wp-json\/wp\/v2\/media?parent=196576"}],"wp:term":[{"taxonomy":"category","embeddable":true,"href":"https:\/\/www.europesays.com\/cz\/wp-json\/wp\/v2\/categories?post=196576"},{"taxonomy":"post_tag","embeddable":true,"href":"https:\/\/www.europesays.com\/cz\/wp-json\/wp\/v2\/tags?post=196576"}],"curies":[{"name":"wp","href":"https:\/\/api.w.org\/{rel}","templated":true}]}}