{"id":196598,"date":"2026-08-30T19:12:19","date_gmt":"2026-08-30T19:12:19","guid":{"rendered":"https:\/\/www.europesays.com\/cz\/196598\/"},"modified":"2026-08-30T19:12:19","modified_gmt":"2026-08-30T19:12:19","slug":"sok-na-cyklisticke-vuelte-vedouci-pogacar-spadl-na-rovine-kvuli-krvavemu-zraneni-zavod-vzdal","status":"publish","type":"post","link":"https:\/\/www.europesays.com\/cz\/196598\/","title":{"rendered":"\u0160ok na cyklistick\u00e9 Vuelt\u011b: Vedouc\u00ed Poga\u010dar spadl na rovin\u011b, kv\u016fli krvav\u00e9mu zran\u011bn\u00ed z\u00e1vod vzdal"},"content":{"rendered":"<p>\n                        Pro hv\u011bzdn\u00e9ho slovinsk\u00e9ho cyklistu Tadeje Poga\u010dara skon\u010dila Vuelta po p\u00e1du v 8. etap\u011b. Jednozna\u010dn\u00fd l\u00eddr z\u00e1vodu m\u011bl nehodu zhruba 33 kilometr\u016f p\u0159ed c\u00edlem a s krvav\u00fdmi zran\u011bn\u00edmi na lev\u00e9m rameni a v obli\u010deji musel odstoupit.\n                    <\/p>\n<p>Poga\u010dar v rovinat\u00e9 etap\u011b upadl v pelotonu podle v\u0161eho bez ciz\u00edho zavin\u011bn\u00ed a spolu s n\u00edm skon\u010dilo na asfaltu n\u011bkolik dal\u0161\u00edch jezdc\u016f. Po n\u011bkolikaminutov\u00e9m o\u0161et\u0159en\u00ed se p\u011btin\u00e1sobn\u00fd v\u00edt\u011bz Tour de France pokusil nasednout na kolo, ale kv\u016fli bolesti to nedok\u00e1zal a po chvilce zam\u00ed\u0159il do sanitky.<\/p>\n<p>\u010cT\u011aTE D\u00c1L: <a target=\"_blank\" href=\"https:\/\/cnn.iprima.cz\/viktoria-plzen-ziskala-zkuseneho-reprezentanta-obranu-vyztuzi-byvaly-hrac-lazia-a-wolfsburgu-520481\" rel=\"nofollow noopener\">Viktoria Plze\u0148 z\u00edskala zku\u0161en\u00e9ho reprezentanta. Obranu vyztu\u017e\u00ed b\u00fdval\u00fd hr\u00e1\u010d Lazia a Wolfsburgu<\/a><\/p>\n<p>Na Vueltu letos dorazil Poga\u010dar s c\u00edlem st\u00e1t se dev\u00e1t\u00fdm cyklistou v historii, jen\u017e vyhraje v\u0161echny t\u0159i Grand Tours. L\u00eddr t\u00fdmu UAE Emirates-XRG od po\u010d\u00e1tku potvrzoval roli hlavn\u00edho favorita, ovl\u00e1dl t\u0159i etapy a p\u0159ed druh\u00fdm Enricem Masem ze \u0160pan\u011blska vedl u\u017e t\u00e9m\u011b\u0159 o \u010dty\u0159i minuty. Etapov\u00fd z\u00e1vod sedmadvacetilet\u00fd cyklista nedokon\u010d\u00ed poprv\u00e9 v kari\u00e9\u0159e.<\/p>\n<p lang=\"es\" dir=\"ltr\">Ca\u00edda de Tadej Poga\u010dar y de ah\u00ed a casa \ud83d\ude41<br \/>Se acab\u00f3 <a href=\"https:\/\/x.com\/lavuelta?ref_src=twsrc%5Etfw\" rel=\"nofollow\">@lavuelta<\/a> para \u00e9l. <a href=\"https:\/\/t.co\/PehtOGXPiK\" rel=\"nofollow\">pic.twitter.com\/PehtOGXPiK<\/a><\/p>\n<p>\u2014 Karnaplosky\ud83e\udd8b (@Karnaplosky) <a href=\"https:\/\/x.com\/Karnaplosky\/status\/2093718545838358925?ref_src=twsrc%5Etfw\" rel=\"nofollow\">August 29, 2026<\/a><\/p>\n<p>Zran\u011bn\u00ed v\u00fdrazn\u011b ohro\u017euje tak\u00e9 Poga\u010darovu \u00fa\u010dast na mistrovstv\u00ed sv\u011bta v Montrealu, kde m\u011bl v z\u00e1\u0159\u00ed obhajovat tituly z minul\u00fdch dvou let. Na Vuelt\u011b ho stihl stejn\u00fd osud jako jeho velk\u00e9ho rivala Jonase Vingegaarda na leto\u0161n\u00ed Tour de France, z n\u00ed\u017e musel D\u00e1n odstoupit kv\u016fli zlomen\u00e9 kl\u00ed\u010dn\u00ed kosti p\u0159i p\u00e1du. Pozd\u011bji ukon\u010dil sezonu.<\/p>\n<p>MOHLO V\u00c1M UNIKNOUT: <a target=\"_blank\" href=\"https:\/\/cnn.iprima.cz\/tomas-repka-o-nabidce-trenovat-reprezentaci-jednou-mozna-ale-chci-si-to-odslouzit-519709\" rel=\"nofollow noopener\">Jednou mo\u017en\u00e1, ale chci si to odslou\u017eit, \u0159\u00edk\u00e1 Tom\u00e1\u0161 \u0158epka o nab\u00eddce tr\u00e9novat reprezentaci<\/a><\/p>\n<p>        <img decoding=\"async\" src=\"https:\/\/www.europesays.com\/cz\/wp-content\/uploads\/2026\/08\/1788117139_72_a66033d0e1b43ce9c627652e554fdc64.png\" alt=\"\u010cTK\" class=\"avatar-img w-[40px] h-[40px] min-w-[40px] rounded-full border-[1.5px] border-solid border-black object-cover hover:opacity-90 transition-opacity before:!content-none !bg-none\" loading=\"lazy\"\/><\/p>\n<p>                                    \u010cTK<\/p>\n<p class=\"!text-semibold-14-14 !text-black mb-0 mt-2\">\n                Spolehliv\u00fd, rychl\u00fd a nez\u00e1visl\u00fd zpravodajsk\u00fd servis.\n            <\/p>\n<p>            <script async src=\"https:\/\/platform.twitter.com\/widgets.js\" charset=\"utf-8\"><\/script><\/p>\n","protected":false},"excerpt":{"rendered":"Pro hv\u011bzdn\u00e9ho slovinsk\u00e9ho cyklistu Tadeje Poga\u010dara skon\u010dila Vuelta po p\u00e1du v 8. etap\u011b. Jednozna\u010dn\u00fd l\u00eddr z\u00e1vodu m\u011bl nehodu&hellip;\n","protected":false},"author":2,"featured_media":196599,"comment_status":"","ping_status":"","sticky":false,"template":"","format":"standard","meta":{"footnotes":"","_share_on_mastodon":"0"},"categories":[10],"tags":[20417,4967,328,1176,17,21,41736,16,94,3130,8969,18,19,14212,22,24093,9117,20,1296],"class_list":["post-196598","post","type-post","status-publish","format-standard","has-post-thumbnail","category-zpravy","tag-cyklista","tag-cyklistika","tag-fc-viktoria-plzen","tag-havarie","tag-headlines","tag-hlavni-udalosti","tag-lazio","tag-news","tag-sport","tag-sportovni-disciplina","tag-tadej-pogacar","tag-top-news","tag-top-stories","tag-tour-de-france","tag-udalosti-dne","tag-vuelta-a-espana","tag-wolfsburg","tag-zpravy","tag-zraneni"],"share_on_mastodon":{"url":"https:\/\/pubeurope.com\/@cz\/117186052054095402","error":""},"_links":{"self":[{"href":"https:\/\/www.europesays.com\/cz\/wp-json\/wp\/v2\/posts\/196598","targetHints":{"allow":["GET"]}}],"collection":[{"href":"https:\/\/www.europesays.com\/cz\/wp-json\/wp\/v2\/posts"}],"about":[{"href":"https:\/\/www.europesays.com\/cz\/wp-json\/wp\/v2\/types\/post"}],"author":[{"embeddable":true,"href":"https:\/\/www.europesays.com\/cz\/wp-json\/wp\/v2\/users\/2"}],"replies":[{"embeddable":true,"href":"https:\/\/www.europesays.com\/cz\/wp-json\/wp\/v2\/comments?post=196598"}],"version-history":[{"count":0,"href":"https:\/\/www.europesays.com\/cz\/wp-json\/wp\/v2\/posts\/196598\/revisions"}],"wp:featuredmedia":[{"embeddable":true,"href":"https:\/\/www.europesays.com\/cz\/wp-json\/wp\/v2\/media\/196599"}],"wp:attachment":[{"href":"https:\/\/www.europesays.com\/cz\/wp-json\/wp\/v2\/media?parent=196598"}],"wp:term":[{"taxonomy":"category","embeddable":true,"href":"https:\/\/www.europesays.com\/cz\/wp-json\/wp\/v2\/categories?post=196598"},{"taxonomy":"post_tag","embeddable":true,"href":"https:\/\/www.europesays.com\/cz\/wp-json\/wp\/v2\/tags?post=196598"}],"curies":[{"name":"wp","href":"https:\/\/api.w.org\/{rel}","templated":true}]}}