{"id":196684,"date":"2026-08-30T20:59:12","date_gmt":"2026-08-30T20:59:12","guid":{"rendered":"https:\/\/www.europesays.com\/cz\/196684\/"},"modified":"2026-08-30T20:59:12","modified_gmt":"2026-08-30T20:59:12","slug":"herec-zdenek-rehor-se-blaznive-zamiloval-do-svorcove-zivot-ale-stravil-po-boku-jine-zeny","status":"publish","type":"post","link":"https:\/\/www.europesays.com\/cz\/196684\/","title":{"rendered":"Herec Zden\u011bk \u0158eho\u0159 se bl\u00e1zniv\u011b zamiloval do \u0160vorcov\u00e9, \u017eivot ale str\u00e1vil po boku jin\u00e9 \u017eeny"},"content":{"rendered":"<p>\n                        Herec Zden\u011bk \u0158eho\u0159 p\u0159ed kamerou ztv\u00e1rnil mnoho nezapomenuteln\u00fdch rol\u00ed. Jednou z posledn\u00edch byla postava potuln\u00e9ho mnicha v hororov\u00e9 komedii Svatba up\u00edr\u016f. V ned\u011bli 30. srpna jsme si p\u0159ipomn\u011bli 106 let od jeho narozen\u00ed. Re\u017eis\u00e9r Jaroslav Soukup, kter\u00fd s n\u00edm jeho posledn\u00ed film nat\u00e1\u010del, na n\u011bj pro web CNN Prima NEWS zavzpom\u00ednal.\n                    <\/p>\n<p>Takov\u00e1 norm\u00e1ln\u00ed rodinka, Krkono\u0161sk\u00e9 poh\u00e1dky, Jak utopit doktora Mr\u00e1\u010dka aneb Konec vodn\u00edk\u016f v \u010cech\u00e1ch, Dob\u0159\u00ed holubi se vracej\u00ed, M\u016fj br\u00e1cha m\u00e1 prima br\u00e1chu. To je jen stru\u010dn\u00fd v\u00fd\u010det film\u016f a seri\u00e1l\u016f, v nich\u017e Zden\u011bk \u0158eho\u0159 zaz\u00e1\u0159il. Jedn\u00edm z posledn\u00edch byla hororov\u00e1 komedie Svatba up\u00edr\u016f re\u017eis\u00e9ra Jaroslava Soukupa, v n\u00ed\u017e ztv\u00e1rnil postavu potuln\u00e9ho mnicha.<\/p>\n<p>\u010cT\u011aTE TAK\u00c9: <a target=\"_blank\" href=\"https:\/\/cnn.iprima.cz\/popelikova-z-nemocnice-na-kraji-mesta-zemrela-kratce-po-nataceni-zila-s-hercem-sklenckou-488934\" rel=\"nofollow noopener\">Doto\u010dila seri\u00e1l Nemocnice na kraji m\u011bsta a zem\u0159ela. Jak\u00e9 bylo soukrom\u00ed here\u010dky Niny Popel\u00edkov\u00e9?<\/a><\/p>\n<p>P\u0159esto\u017ee na n\u011bm zdravotn\u00ed probl\u00e9my byly patrn\u00e9, svoji pr\u00e1ci odvedl perfektn\u011b, precizn\u011b, tak, jak u n\u011bj b\u00fdvalo zvykem. \u201eJako v\u017edycky byl jeho v\u00fdkon v\u00fdborn\u00fd. Byl to skv\u011bl\u00fd herec a \u010dlov\u011bk. Vzpom\u00edn\u00e1m na n\u011bj s \u00factou a l\u00e1skou, proto\u017ee mn\u011b byl povahov\u011b velmi bl\u00edzk\u00fd. Bohu\u017eel to bylo moje posledn\u00ed setk\u00e1n\u00ed s n\u00edm. O rok pozd\u011bji zem\u0159el,\u201c \u0159ekl o n\u011bm re\u017eis\u00e9r Jaroslav Soukup pro web CNN Prima NEWS.<\/p>\n<p class=\"intro-title-mobile\">\n        \u010ct\u011bte tak\u00e9\n    <\/p>\n<p>        <a href=\"https:\/\/cnn.iprima.cz\/show-time\/herecka-jirina-svorcova-zila-v-luxusni-vile-kdyz-umirala-mela-hodnotu-70-milionu-482444\" class=\"image-link\" rel=\"nofollow noopener\" target=\"_blank\"><\/p>\n<p>            <img decoding=\"async\" loading=\"lazy\" class=\"image\" src=\"https:\/\/www.europesays.com\/cz\/wp-content\/uploads\/2026\/08\/f18a1390798f72267aba4d069474f128.jpg\" alt=\"Here\u010dka Ji\u0159ina \u0160vorcov\u00e1 v\u011bt\u0161inu \u017eivota pro\u017eila v honosn\u00e9 vile na pra\u017esk\u00e9 O\u0159echovce. \"\/><\/p>\n<p>            <\/a><\/p>\n<p class=\"intro-title-desktop\">\n            \u010ct\u011bte tak\u00e9\n        <\/p>\n<p>                <a href=\"https:\/\/cnn.iprima.cz\/show-time\/herecka-jirina-svorcova-zila-v-luxusni-vile-kdyz-umirala-mela-hodnotu-70-milionu-482444\" class=\"title-link\" rel=\"nofollow noopener\" target=\"_blank\"><\/p>\n<p class=\"title\">\n                \u017dena za pultem s poh\u00e1dkov\u00fdm majetkem. Vila po \u0160vorcov\u00e9 m\u011bla hodnotu 70 milion\u016f, jak ji z\u00edskala?\n            <\/p>\n<p>        <\/a><\/p>\n<p>                                                                                                10. srp 2025, 06:52<\/p>\n<p>                6 min \u010dten\u00ed<\/p>\n<p>Se Zde\u0148kem \u0158eho\u0159em b\u011bhem sv\u00e9 kari\u00e9ry spolupracoval n\u011bkolikr\u00e1t. \u201ePoprv\u00e9 jsme se spolu setkali v \u00fanoru 1970, kdy jsem ho jako student re\u017eie FAMU obsadil do \u0161koln\u00edho cvi\u010den\u00ed Kone\u010dn\u00e1, kter\u00e9 jsme nat\u00e1\u010deli ve studiu FAMU v Klimentsk\u00e9 ulici. Byl to vst\u0159\u00edcn\u00fd, decentn\u00ed a skv\u011bl\u00fd \u010dlov\u011bk. Moc dob\u0159e se mi s n\u00edm pracovalo,\u201c zavzpom\u00ednal re\u017eis\u00e9r Soukup.<\/p>\n<p>Prvn\u00ed man\u017eelstv\u00ed mu nevy\u0161lo. Dceru si adoptoval<\/p>\n<p>O rok pozd\u011bji ho obsadil do \u0161koln\u00ed televizn\u00ed inscenace Smrt v podve\u010der. \u201eTo u\u017e jsme se znali l\u00e9pe. B\u011bhem nat\u00e1\u010den\u00ed se m\u011b ptal, kde chci pracovat po skon\u010den\u00ed \u0161koly a podobn\u011b. Zm\u00ednil jsem se mu, \u017ee jsem napsal sc\u00e9n\u00e1\u0159 podle pov\u00eddky Franti\u0161ka Langera, kter\u00fd se jmenuje Posledn\u00ed dopis. Zden\u011bk mi nab\u00eddl, \u017ee ho d\u00e1 p\u0159e\u010d\u00edst jednomu z vedouc\u00edch dramaturg\u016f tehdej\u0161\u00ed \u010ceskoslovensk\u00e9 televize, kter\u00e9ho dob\u0159e zn\u00e1. A rok nato podle n\u011bj vznikla televizn\u00ed inscenace, kterou re\u017e\u00edroval Ji\u0159\u00ed B\u011blka v hlavn\u00ed roli s Janem T\u0159\u00edskou,\u201c p\u0159ibl\u00ed\u017eil re\u017eis\u00e9r.<\/p>\n<p>MOHLO BY V\u00c1S ZAJ\u00cdMAT: <a target=\"_blank\" href=\"https:\/\/cnn.iprima.cz\/show-time\/mensik-se-lecil-drogou-po-niz-mel-psychicke-problemy-nezvladali-jsme-ho-priznal-syn-453046\" rel=\"nofollow noopener\">Vladim\u00edr Men\u0161\u00edk se l\u00e9\u010dil drogou, po n\u00ed\u017e m\u011bl psychick\u00e9 probl\u00e9my. Nezvl\u00e1dali jsme ho, p\u0159izn\u00e1v\u00e1 syn<\/a><\/p>\n<p>Zden\u011bk \u0158eho\u0159 se b\u011bhem \u017eivota o\u017eenil dvakr\u00e1t. Prvn\u00ed man\u017eelkou byla o \u010dtrn\u00e1ct let mlad\u0161\u00ed here\u010dka V\u011bra Krp\u00e1lkov\u00e1. Vztah ale m\u011bli sp\u00ed\u0161e na d\u00e1lku. Zat\u00edmco on m\u011bl divadeln\u00ed anga\u017em\u00e1 v Praze, jeho \u017eena a\u017e ve Zl\u00edn\u011b. I proto se u\u017e po dvou letech rozvedli. S druhou \u017eenou Janou Semer\u00e1dovou mu man\u017eelstv\u00ed vydr\u017eelo a\u017e do konce \u017eivota. Nemohli m\u00edt spolu d\u011bti, proto si z d\u011btsk\u00e9ho domova adoptovali hol\u010di\u010dku \u017dandu. \u0158eho\u0159 se o ni kr\u00e1sn\u011b staral, dokonce ji s sebou br\u00e1val do divadla a ob\u010das i na nat\u00e1\u010den\u00ed. Zem\u0159el 8. listopadu 1994 ve v\u011bku 74 let.<\/p>\n<p class=\"intro-title-mobile\">\n        \u010ct\u011bte tak\u00e9\n    <\/p>\n<p>        <a href=\"https:\/\/cnn.iprima.cz\/herce-martina-ruzka-pohadkoveho-krale-kazisveta-po-dotoceni-filmu-postihla-mrtvice-umiral-v-ldn-495100\" class=\"image-link\" rel=\"nofollow noopener\" target=\"_blank\"><\/p>\n<p>            <img decoding=\"async\" loading=\"lazy\" class=\"image\" src=\"https:\/\/www.europesays.com\/cz\/wp-content\/uploads\/2026\/08\/58a15f2877610cbffcbaa9b2a849412c.jpg\" alt=\"Od smrti herce Martina R\u016f\u017eka uplynulo t\u0159icet let. \"\/><\/p>\n<p>            <\/a><\/p>\n<p class=\"intro-title-desktop\">\n            \u010ct\u011bte tak\u00e9\n        <\/p>\n<p>                <a href=\"https:\/\/cnn.iprima.cz\/herce-martina-ruzka-pohadkoveho-krale-kazisveta-po-dotoceni-filmu-postihla-mrtvice-umiral-v-ldn-495100\" class=\"title-link\" rel=\"nofollow noopener\" target=\"_blank\"><\/p>\n<p class=\"title\">\n                Herce R\u016f\u017eka, poh\u00e1dkov\u00e9ho kr\u00e1le Kazisv\u011bta, stihla hned po doto\u010den\u00ed filmu mrtvice. Um\u00edral v LDN\n            <\/p>\n<p>        <\/a><\/p>\n<p>                                                                                                20. pro 2025, 06:37<\/p>\n<p>                6 min \u010dten\u00ed<\/p>\n<p>Jak po jeho smrti vy\u0161lo najevo, mezi jeho l\u00e1sky pat\u0159ila tak\u00e9 here\u010dka <a target=\"_blank\" href=\"https:\/\/cnn.iprima.cz\/show-time\/jirina-svorcova-manzela-podvadela-se-slavnymi-herci-mezi-milence-mel-patrit-i-gustav-husak-475420\" rel=\"nofollow noopener\">Ji\u0159ina \u0160vorcov\u00e1<\/a>. Jak vzpom\u00ednala ve sv\u00e9 autobiografick\u00e9 knize \u017dena za pultem, bylo to v dob\u011b, kdy oba byli zadan\u00ed. \u201eZamilovali jsme se, kdy\u017e jsme spolu hr\u00e1li ve h\u0159e Nezn\u00e1m\u00e1 hv\u011bzda. Byla to n\u00e1dhern\u00e1 l\u00e1ska, a dokonce jsem se k n\u00ed tenkr\u00e1t p\u0159iznala i sv\u00e9mu man\u017eelovi Jindrovi. \u0158ekla jsem mu, \u017ee se chci rozv\u00e9st, proto\u017ee m\u00e1m r\u00e1da jin\u00e9ho. Byl to jeden z nejstra\u0161n\u011bj\u0161\u00edch moment\u016f, kter\u00e9 jsem pro\u017eila. On se ale zachoval velice moud\u0159e. Nechal m\u011b, aby to odezn\u011blo,\u201c napsala ve sv\u00fdch pam\u011btech \u0160vorcov\u00e1.<\/p>\n<p>Kdy\u017e se pak \u0160vorcov\u00e1 s \u0158eho\u0159em roze\u0161la a vr\u00e1tila se ke sv\u00e9mu mu\u017ei, t\u011b\u017ece to pr\u00fd nesl a za\u010dal ji nen\u00e1vid\u011bt. \u201eZden\u011bk mi to nikdy neodpustil. Z jeho strany to bylo velice v\u00e1\u017en\u00e9, cht\u011bl si m\u011b vz\u00edt. A kdy\u017e jsem se potom rozvedla kv\u016fli Jirkovi Valovi (herec \u2013 pozn. red.), tak mi to u\u017e v\u016fbec nemohl odpustit,\u201c vzpom\u00ednala here\u010dka.<\/p>\n<p>MOHLO V\u00c1M UNIKNOUT: <a target=\"_blank\" href=\"https:\/\/cnn.iprima.cz\/show-time\/herec-vavra-uzival-leky-po-nichz-zhubl-30-kg-jak-dnes-zije-predstavitel-filmovych-drsnaku-490563\" rel=\"nofollow noopener\">Herec Milo\u0161 V\u00e1vra se zm\u011bnil k nepozn\u00e1n\u00ed. Co dnes d\u011bl\u00e1 drs\u0148\u00e1k z film\u016f L\u00e1ska z pas\u00e1\u017ee \u010di Kamar\u00e1d do de\u0161t\u011b?<\/a><\/p>\n<p>\u00a0<\/p>\n<p>\u00a0<\/p>\n<p class=\"!text-semibold-14-14 !text-black mb-0 mt-2\">\n                David v r\u00e1mci CNN Prima NEWS p\u00ed\u0161e p\u0159edev\u0161\u00edm o d\u011bn\u00ed na dom\u00e1c\u00ed sc\u00e9n\u011b. (david.lastovka@iprima.cz)\n            <\/p>\n","protected":false},"excerpt":{"rendered":"Herec Zden\u011bk \u0158eho\u0159 p\u0159ed kamerou ztv\u00e1rnil mnoho nezapomenuteln\u00fdch rol\u00ed. Jednou z posledn\u00edch byla postava potuln\u00e9ho mnicha v hororov\u00e9&hellip;\n","protected":false},"author":2,"featured_media":196685,"comment_status":"","ping_status":"","sticky":false,"template":"","format":"standard","meta":{"footnotes":"","_share_on_mastodon":"0"},"categories":[14],"tags":[1538,79,4000,41153,349,9634,37827,8071,430,1448,653,23178,9638,8397,649,45247,1682,9639,80,9635,19921],"class_list":["post-196684","post","type-post","status-publish","format-standard","has-post-thumbnail","category-zabava","tag-celebrity","tag-entertainment","tag-film","tag-filmova-a-televizni-fakulta-akademie-muzickych-umeni","tag-herec","tag-hodnoty","tag-jaroslav-soukup","tag-jirina-svorcova","tag-komedie","tag-kultura","tag-laska","tag-reziser","tag-smrt-a-umirani","tag-spolecenska-rubrika","tag-spolecnost","tag-svatba-upiru","tag-umeni","tag-umeni-a-zabava","tag-zabava","tag-zabava-a-media","tag-zdenek-rehor"],"share_on_mastodon":{"url":"https:\/\/pubeurope.com\/@cz\/117186472424011466","error":""},"_links":{"self":[{"href":"https:\/\/www.europesays.com\/cz\/wp-json\/wp\/v2\/posts\/196684","targetHints":{"allow":["GET"]}}],"collection":[{"href":"https:\/\/www.europesays.com\/cz\/wp-json\/wp\/v2\/posts"}],"about":[{"href":"https:\/\/www.europesays.com\/cz\/wp-json\/wp\/v2\/types\/post"}],"author":[{"embeddable":true,"href":"https:\/\/www.europesays.com\/cz\/wp-json\/wp\/v2\/users\/2"}],"replies":[{"embeddable":true,"href":"https:\/\/www.europesays.com\/cz\/wp-json\/wp\/v2\/comments?post=196684"}],"version-history":[{"count":0,"href":"https:\/\/www.europesays.com\/cz\/wp-json\/wp\/v2\/posts\/196684\/revisions"}],"wp:featuredmedia":[{"embeddable":true,"href":"https:\/\/www.europesays.com\/cz\/wp-json\/wp\/v2\/media\/196685"}],"wp:attachment":[{"href":"https:\/\/www.europesays.com\/cz\/wp-json\/wp\/v2\/media?parent=196684"}],"wp:term":[{"taxonomy":"category","embeddable":true,"href":"https:\/\/www.europesays.com\/cz\/wp-json\/wp\/v2\/categories?post=196684"},{"taxonomy":"post_tag","embeddable":true,"href":"https:\/\/www.europesays.com\/cz\/wp-json\/wp\/v2\/tags?post=196684"}],"curies":[{"name":"wp","href":"https:\/\/api.w.org\/{rel}","templated":true}]}}