{"id":196752,"date":"2026-08-31T00:13:08","date_gmt":"2026-08-31T00:13:08","guid":{"rendered":"https:\/\/www.europesays.com\/cz\/196752\/"},"modified":"2026-08-31T00:13:08","modified_gmt":"2026-08-31T00:13:08","slug":"louceni-s-prazdninami","status":"publish","type":"post","link":"https:\/\/www.europesays.com\/cz\/196752\/","title":{"rendered":"Lou\u010den\u00ed s pr\u00e1zdninami"},"content":{"rendered":"<p><a href=\"https:\/\/www.zoopraha.cz\/aktualne\/akce-v-zoo-praha\/16335-louceni-s-prazdninami-2\" rel=\"nofollow noopener\" target=\"_blank\">&#13;<br \/>\n<img loading=\"lazy\" decoding=\"async\" src=\"https:\/\/www.europesays.com\/cz\/wp-content\/uploads\/2026\/08\/7819f1c78b55a946078b3dc9b7e5675b.jpg\" alt=\"Foto: Petr Hamern\u00edk, Zoo Praha\" width=\"300\" height=\"168\" border=\"0\" \/>&#13;<br \/>\n<\/a><\/p>\n<p>&#13;<br \/>\nP\u0159ij\u010fte se rozlou\u010dit s pr\u00e1zdninami do Zoo Praha! Od soboty 29. srpna do pond\u011bl\u00ed 31. srpna se m\u016f\u017eete zapojit do vzd\u011bl\u00e1vac\u00ed dobrodru\u017en\u00e9 hry \u201ePom\u00e1h\u00e1me ji p\u0159e\u017e\u00edt\u201c.&#13;\n<\/p>\n<p><a href=\"https:\/\/www.zoopraha.cz\/aktualne\/akce-v-zoo-praha\/16334-mezinarodni-den-primatu\" rel=\"nofollow noopener\" target=\"_blank\">&#13;<br \/>\n<img loading=\"lazy\" decoding=\"async\" src=\"https:\/\/www.europesays.com\/cz\/wp-content\/uploads\/2026\/08\/23bff4cc0858f3a6eb80f26d57a3ee54.jpg\" alt=\"Foto: Petr Hamern\u00edk, Zoo Praha\" width=\"300\" height=\"168\" border=\"0\" \/>&#13;<br \/>\n<\/a><\/p>\n<p>&#13;<br \/>\nZpest\u0159ete si v \u00fater\u00fd 1. z\u00e1\u0159\u00ed prvn\u00ed \u0161koln\u00ed den n\u00e1v\u0161t\u011bvou Zoo Praha! Nejen pro d\u011bti jsou p\u0159ipravena speci\u00e1ln\u00ed komentovan\u00e1 krmen\u00ed a setk\u00e1n\u00ed.&#13;<\/p>\n","protected":false},"excerpt":{"rendered":"&#13; &#13; &#13; P\u0159ij\u010fte se rozlou\u010dit s pr\u00e1zdninami do Zoo Praha! Od soboty 29. srpna do pond\u011bl\u00ed 31.&hellip;\n","protected":false},"author":2,"featured_media":196753,"comment_status":"","ping_status":"","sticky":false,"template":"","format":"standard","meta":{"footnotes":"","_share_on_mastodon":"0"},"categories":[30],"tags":[693,616,695,98,99,697,694,696,691,103,692],"class_list":["post-196752","post","type-post","status-publish","format-standard","has-post-thumbnail","category-praha","tag-gorily","tag-ochrana-zvirat","tag-park","tag-prague","tag-praha","tag-prohlidky","tag-sloni","tag-vylet","tag-zoo","tag-zoo-praha","tag-zvirata"],"share_on_mastodon":{"url":"https:\/\/pubeurope.com\/@cz\/117187235643224718","error":""},"_links":{"self":[{"href":"https:\/\/www.europesays.com\/cz\/wp-json\/wp\/v2\/posts\/196752","targetHints":{"allow":["GET"]}}],"collection":[{"href":"https:\/\/www.europesays.com\/cz\/wp-json\/wp\/v2\/posts"}],"about":[{"href":"https:\/\/www.europesays.com\/cz\/wp-json\/wp\/v2\/types\/post"}],"author":[{"embeddable":true,"href":"https:\/\/www.europesays.com\/cz\/wp-json\/wp\/v2\/users\/2"}],"replies":[{"embeddable":true,"href":"https:\/\/www.europesays.com\/cz\/wp-json\/wp\/v2\/comments?post=196752"}],"version-history":[{"count":0,"href":"https:\/\/www.europesays.com\/cz\/wp-json\/wp\/v2\/posts\/196752\/revisions"}],"wp:featuredmedia":[{"embeddable":true,"href":"https:\/\/www.europesays.com\/cz\/wp-json\/wp\/v2\/media\/196753"}],"wp:attachment":[{"href":"https:\/\/www.europesays.com\/cz\/wp-json\/wp\/v2\/media?parent=196752"}],"wp:term":[{"taxonomy":"category","embeddable":true,"href":"https:\/\/www.europesays.com\/cz\/wp-json\/wp\/v2\/categories?post=196752"},{"taxonomy":"post_tag","embeddable":true,"href":"https:\/\/www.europesays.com\/cz\/wp-json\/wp\/v2\/tags?post=196752"}],"curies":[{"name":"wp","href":"https:\/\/api.w.org\/{rel}","templated":true}]}}