{"id":196772,"date":"2026-08-31T02:03:13","date_gmt":"2026-08-31T02:03:13","guid":{"rendered":"https:\/\/www.europesays.com\/cz\/196772\/"},"modified":"2026-08-31T02:03:13","modified_gmt":"2026-08-31T02:03:13","slug":"usmrceni-trilete-viktorky-policie-prekvalifikovala-cin-otce-z-vrazdy-na-opilstvi","status":"publish","type":"post","link":"https:\/\/www.europesays.com\/cz\/196772\/","title":{"rendered":"Usmrcen\u00ed t\u0159\u00edlet\u00e9 Viktorky: Policie p\u0159ekvalifikovala \u010din otce z vra\u017edy na opilstv\u00ed"},"content":{"rendered":"<p>\n                        Usmrcen\u00ed t\u0159\u00edlet\u00e9 Viktorky otcem policie p\u0159ekvalifikovala z vra\u017edy na takzvan\u00e9 opilstv\u00ed. Otec se podle znalc\u016f p\u0159ivedl u\u017eit\u00edm drogy do stavu, kdy nev\u011bd\u011bl, co d\u011bl\u00e1, ani se nedok\u00e1zal ovl\u00e1dat. Nov\u011b mu hroz\u00ed t\u0159i a\u017e deset let v\u011bzen\u00ed. Napsal to dnes server Seznam Zpr\u00e1vy. Otec, kter\u00fd m\u011bl dlouhodob\u011b probl\u00e9m se z\u00e1vislost\u00ed na drog\u00e1ch i s psychick\u00fdm onemocn\u011bn\u00edm, Viktorku brut\u00e1ln\u011b usmrtil letos v b\u0159eznu. Tedy necel\u00e9ho p\u016fl roku pot\u00e9, co bene\u0161ovsk\u00e1 soudkyn\u011b sv\u011b\u0159ila d\u00edvku z p\u011bstounsk\u00e9 p\u00e9\u010de do p\u00e9\u010de biologick\u00fdch rodi\u010d\u016f s dohledem org\u00e1nu soci\u00e1ln\u011b-pr\u00e1vn\u00ed ochrany d\u011bt\u00ed (OSPOD).\n                    <\/p>\n<p>Otec Viktorky z\u016fst\u00e1v\u00e1 ve vazb\u011b. \u201eP\u0159\u00edpad byl p\u0159ekvalifikov\u00e1n kv\u016fli z\u00e1v\u011bru znaleck\u00e9ho posudku v oboru psychiatrie a klinick\u00e9 psychologie,\u201c sd\u011blil serveru pra\u017esk\u00fd policejn\u00ed mluv\u010d\u00ed Jan Dan\u011bk. \u201eZnalec v posudku uvedl, \u017ee v inkriminovan\u00e9 dob\u011b byly rozpozn\u00e1vac\u00ed i ovl\u00e1dac\u00ed schopnosti obvin\u011bn\u00e9ho vymizel\u00e9 pro akutn\u00ed psychotickou poruchu,\u201c dodal.<\/p>\n<p>\u010cT\u011aTE D\u00c1L: <a target=\"_blank\" href=\"https:\/\/cnn.iprima.cz\/vrazda-trilete-holcicky-v-praze-jak-se-mohla-dostat-zpet-k-otci-politici-chteji-zmenu-zakona-509225\" rel=\"nofollow noopener\">Smrt t\u0159\u00edlet\u00e9 hol\u010di\u010dky v Praze: Jak se mohla dostat zp\u011bt k otci? Politici cht\u011bj\u00ed zm\u011bnu z\u00e1kona<\/a><\/p>\n<p>Ministr spravedlnosti Jeron\u00fdm Tejc (za ANO) v kauze usmrcen\u00e9 d\u00edvky podal k\u00e1rnou \u017ealobu na soudkyni a podn\u011bt k prov\u011b\u0159en\u00ed \u010dinnosti OSPOD, kter\u00fd proti sv\u011b\u0159en\u00ed do p\u00e9\u010de rodi\u010d\u016f nevznesl \u017e\u00e1dn\u00e9 n\u00e1mitky. Ministr u\u017e d\u0159\u00edv mluvil tak\u00e9 o p\u0159ezkoum\u00e1n\u00ed souvisej\u00edc\u00edch znaleck\u00fdch posudk\u016f. Pro soudkyni ministr \u017e\u00e1d\u00e1 ro\u010dn\u00ed sn\u00ed\u017een\u00ed platu o 30 procent. O tom, zda se provinila, rozhodne k\u00e1rn\u00fd sen\u00e1t pra\u017esk\u00e9ho vrchn\u00edho soudu. Ministr p\u0159ipustil, \u017ee bude zapot\u0159eb\u00ed prok\u00e1zat zjevn\u00fd exces v rozhodov\u00e1n\u00ed, aby byla jeho \u017ealoba \u00fasp\u011b\u0161n\u00e1.<\/p>\n<p>Soudkyn\u011b se h\u00e1j\u00ed t\u00edm, \u017ee v dan\u00e9m \u0159\u00edzen\u00ed vyslechla v\u0161echny jeho \u00fa\u010dastn\u00edky a provedla 15 listinn\u00fdch d\u016fkaz\u016f. Zd\u016fraznila, \u017ee v\u0161ichni v\u010detn\u011b p\u011bstoun\u016f se vzdali pr\u00e1va na odvol\u00e1n\u00ed. Pouk\u00e1zala tak\u00e9 na psychiatrick\u00fd posudek, podle kter\u00e9ho byl otec p\u0159i pln\u00e9 abstinenci schopen o d\u00edt\u011b \u0159\u00e1dn\u011b pe\u010dovat, a to i p\u0159es svou du\u0161evn\u00ed poruchu. Tento z\u00e1v\u011br podle soudkyn\u011b podpo\u0159ily tak\u00e9 dal\u0161\u00ed d\u016fkazy, zejm\u00e9na zpr\u00e1vy z terapi\u00ed a odborn\u00fdch za\u0159\u00edzen\u00ed, kter\u00e1 otec nav\u0161t\u011bvoval.<\/p>\n<p>Tejc chyst\u00e1 syst\u00e9mov\u00e9 zm\u011bny, aby se situace neopakovala. Z\u00e1konem chce zakotvit novou definici bezpe\u010d\u00ed d\u00edt\u011bte a tak\u00e9 mezioborov\u00e9 t\u00fdmy, jejich\u017e \u010dlenov\u00e9 by spolupracovali v opatrovnick\u00fdch \u0159\u00edzen\u00edch a navz\u00e1jem si sd\u011blovali d\u016fle\u017eit\u00e9 informace. Po\u010d\u00e1tkem \u010dervence odhadl, \u017ee novinka by mohla b\u00fdt \u00fa\u010dinn\u00e1 nejpozd\u011bji za rok.<\/p>\n<p>MO\u017dN\u00c1 JSTE P\u0158EHL\u00c9DLI: <a target=\"_blank\" href=\"https:\/\/cnn.iprima.cz\/ve-vojenskem-muzeu-v-lesne-se-prevratil-special-na-miste-jsou-zraneni-520487\" rel=\"nofollow noopener\">Ne\u0161t\u011bst\u00ed na Tankov\u00e9m dni v Le\u0161anech, na m\u00edst\u011b zasahuj\u00ed z\u00e1chran\u00e1\u0159i<\/a><\/p>\n<p>        <img decoding=\"async\" src=\"https:\/\/www.europesays.com\/cz\/wp-content\/uploads\/2026\/08\/1788141793_169_a66033d0e1b43ce9c627652e554fdc64.png\" alt=\"\u010cTK\" class=\"avatar-img w-[40px] h-[40px] min-w-[40px] rounded-full border-[1.5px] border-solid border-black object-cover hover:opacity-90 transition-opacity before:!content-none !bg-none\" loading=\"lazy\"\/><\/p>\n<p>                                    \u010cTK<\/p>\n<p class=\"!text-semibold-14-14 !text-black mb-0 mt-2\">\n                Spolehliv\u00fd, rychl\u00fd a nez\u00e1visl\u00fd zpravodajsk\u00fd servis.\n            <\/p>\n","protected":false},"excerpt":{"rendered":"Usmrcen\u00ed t\u0159\u00edlet\u00e9 Viktorky otcem policie p\u0159ekvalifikovala z vra\u017edy na takzvan\u00e9 opilstv\u00ed. Otec se podle znalc\u016f p\u0159ivedl u\u017eit\u00edm drogy&hellip;\n","protected":false},"author":2,"featured_media":196773,"comment_status":"","ping_status":"","sticky":false,"template":"","format":"standard","meta":{"footnotes":"","_share_on_mastodon":"0"},"categories":[10],"tags":[2117,17,21,9634,16,325,1231,6769,649,18,19,1230,22,1644,1234,20],"class_list":["post-196772","post","type-post","status-publish","format-standard","has-post-thumbnail","category-zpravy","tag-drogy","tag-headlines","tag-hlavni-udalosti","tag-hodnoty","tag-news","tag-policie","tag-pravo-a-spravedlnost","tag-seznam-zpravy","tag-spolecnost","tag-top-news","tag-top-stories","tag-trestna-cinnost","tag-udalosti-dne","tag-vrazda","tag-vymahani-prava","tag-zpravy"],"share_on_mastodon":{"url":"https:\/\/pubeurope.com\/@cz\/117187667986201967","error":""},"_links":{"self":[{"href":"https:\/\/www.europesays.com\/cz\/wp-json\/wp\/v2\/posts\/196772","targetHints":{"allow":["GET"]}}],"collection":[{"href":"https:\/\/www.europesays.com\/cz\/wp-json\/wp\/v2\/posts"}],"about":[{"href":"https:\/\/www.europesays.com\/cz\/wp-json\/wp\/v2\/types\/post"}],"author":[{"embeddable":true,"href":"https:\/\/www.europesays.com\/cz\/wp-json\/wp\/v2\/users\/2"}],"replies":[{"embeddable":true,"href":"https:\/\/www.europesays.com\/cz\/wp-json\/wp\/v2\/comments?post=196772"}],"version-history":[{"count":0,"href":"https:\/\/www.europesays.com\/cz\/wp-json\/wp\/v2\/posts\/196772\/revisions"}],"wp:featuredmedia":[{"embeddable":true,"href":"https:\/\/www.europesays.com\/cz\/wp-json\/wp\/v2\/media\/196773"}],"wp:attachment":[{"href":"https:\/\/www.europesays.com\/cz\/wp-json\/wp\/v2\/media?parent=196772"}],"wp:term":[{"taxonomy":"category","embeddable":true,"href":"https:\/\/www.europesays.com\/cz\/wp-json\/wp\/v2\/categories?post=196772"},{"taxonomy":"post_tag","embeddable":true,"href":"https:\/\/www.europesays.com\/cz\/wp-json\/wp\/v2\/tags?post=196772"}],"curies":[{"name":"wp","href":"https:\/\/api.w.org\/{rel}","templated":true}]}}