{"id":196780,"date":"2026-08-31T03:08:17","date_gmt":"2026-08-31T03:08:17","guid":{"rendered":"https:\/\/www.europesays.com\/cz\/196780\/"},"modified":"2026-08-31T03:08:17","modified_gmt":"2026-08-31T03:08:17","slug":"dostali-jsme-facku-samo-to-nepujde-rikal-po-ubojovane-vyhre-cesky-kapitan","status":"publish","type":"post","link":"https:\/\/www.europesays.com\/cz\/196780\/","title":{"rendered":"Dostali jsme facku. Samo to nep\u016fjde, \u0159\u00edkal po ubojovan\u00e9 v\u00fdh\u0159e \u010desk\u00fd kapit\u00e1n"},"content":{"rendered":"<p class=\"b_bA\">Prodlou\u017een\u00ed si \u010ce\u0161i vynutili v\u00a0posledn\u00edm mo\u017en\u00e9m okam\u017eiku, kdy\u017e dev\u011bt vte\u0159in p\u0159ed koncem vyrovnal trojkou na 90:90\u00a0Richard B\u00e1lint. \u201eMn\u011b se hrozn\u011b ulevilo po t\u00e9 trojce, mo\u017en\u00e1 mi z\u00a0toho srdce spadlo n\u011bco v\u00edc. V\u011b\u0159il jsem, \u017ee kdy\u017e se do prodlou\u017een\u00ed dostaneme, tak to urveme. Ale p\u0159ed tou R\u00ed\u0161ovou trojkou mi bylo fakt hrozn\u011b,\u201c p\u0159izn\u00e1val v\u00a0poz\u00e1pasov\u00e9m rozhovoru kapit\u00e1n Martin Peterka.<\/p>\n<p class=\"b_bA\">S\u00e1m si uv\u011bdomoval, \u017ee prohr\u00e1t v\u00a0p\u0159edkvalifikaci i\u00a0s\u00a0Norskem by na \u010desk\u00fd n\u00e1rodn\u00ed t\u00fdm u\u017e v\u016fbec nevrhalo dobr\u00e9 sv\u011btlo. \u201eKdybychom se tou st\u0159elou do prodlou\u017een\u00ed nedostali a\u00a0prohr\u00e1li bychom, tak v\u016fbec nev\u00edm, co by se d\u011blo,\u201c \u0159\u00edkal Peterka. V\u00a0nastaven\u00e9m \u010dase pak u\u017e \u010ce\u0161i m\u011bli ze hry v\u00edc. \u201eVyfaulovali se jim n\u011bjac\u00ed hr\u00e1\u010di. Jsem moc r\u00e1d, \u017ee jsme to zvl\u00e1dli,\u201c vykl\u00e1dal s\u00a0\u00falevou \u010desk\u00fd kapit\u00e1n.<\/p>\n<p><a data-dot=\"atm-link\" target=\"_self\" href=\"https:\/\/www.sport.cz\/clanek\/basketbal-cesi-promrhali-devatenactibodovy-naskok-norsko-nakonec-udolali-az-v-prodlouzeni-5522001\" class=\"b_V g_ia\" rel=\"nofollow noopener\"><img fetchpriority=\"high\" height=\"2730\" width=\"3640\" src=\"https:\/\/www.europesays.com\/cz\/wp-content\/uploads\/2026\/08\/1788145695_317_matej-svoboda-basketbal.jpeg\" loading=\"eager\" decoding=\"sync\" class=\"b_B b_z\"\/><\/a><\/p>\n<p class=\"b_bA\">Takov\u00e9 drama se p\u0159itom na Kr\u00e1lovce v\u016fbec nemuselo odehr\u00e1vat, \u010ce\u0161i vedli je\u0161t\u011b zkraje t\u0159et\u00ed \u010dtvrtiny o\u00a0devaten\u00e1ct bod\u016f. Pak p\u0159i\u0161el kolaps. \u201eMus\u00edme si na to d\u00e1vat pozor. Tohle se n\u00e1m prost\u011b nesm\u00ed st\u00e1vat. Nev\u00edm, \u010d\u00edm to je. Kdybych to v\u011bd\u011bl, tak bych to \u0159ekl v\u0161em, ale nev\u00edm,\u201c kr\u010dil rameny Peterka nad d\u016fvody \u010desk\u00e9ho promrh\u00e1n\u00ed pohodln\u00e9ho n\u00e1skoku.<\/p>\n<p class=\"b_bA\">Z\u00e1pas se \u0161patn\u011b hodnotil i\u00a0hlavn\u00edmu tren\u00e9rovi Lubo\u0161i Barto\u0148ovi. \u201eNev\u00edm, jestli jsem za\u017eil n\u011bco podobn\u00e9ho. Jako tren\u00e9r rozhodn\u011b ne. Nav\u00edc proti soupe\u0159i, kter\u00e9ho jsme m\u011bli s\u00a0p\u0159ehledem porazit. Prvn\u00ed polo\u010das tomu odpov\u00eddal. Poprv\u00e9 jsem cel\u00fd z\u00e1pas prost\u00e1l. Aktu\u00e1ln\u00ed my\u0161lenky jsou, \u017ee jsem r\u00e1d za v\u00edt\u011bzstv\u00ed,\u201c \u0159\u00edkal viditeln\u011b unaven\u00fd kou\u010d novin\u00e1\u0159\u016fm.<\/p>\n<p><img height=\"2731\"   width=\"4096\" src=\"https:\/\/www.europesays.com\/cz\/wp-content\/uploads\/2026\/08\/1788145696_968_barton-basketbal.jpeg\" loading=\"eager\" decoding=\"sync\" class=\"b_B b_z\"\/>Foto: CZ.BASKETBALL\/V\u00e1clav Mudra<\/p>\n<p class=\"b_bA\">Lubo\u0161 Barto\u0148 b\u011bhem utk\u00e1n\u00ed na pra\u017esk\u00e9 Kr\u00e1lovce<\/p>\n<p class=\"b_bA\">\u201eJe ale vid\u011bt, \u017ee t\u00fdm se hled\u00e1, hled\u00e1 sv\u00e9 l\u00eddry, hr\u00e1\u010de, kte\u0159\u00ed jsou schopni hr\u00e1t, kdy\u017e to v\u00a0\u00fatoku nejde. To bylo vid\u011bt v\u00a0p\u0159\u00edprav\u011b, v\u00a0Belgii i\u00a0dneska. Jsem ale \u0161\u0165astn\u00fd za v\u00fdhru. Po Belgii tam byla reakce. Posledn\u00ed dva dny jsem byl naprosto spokojen\u00fd s\u00a0p\u0159\u00edpravou. Dneska ale bylo vid\u011bt, co s\u00a0hr\u00e1\u010di ud\u011bl\u00e1 tlak,\u201c vykl\u00e1dal Barto\u0148 po utk\u00e1n\u00ed.<\/p>\n<p class=\"b_bA\">Mu\u017eskou reprezentaci te\u010f \u010dek\u00e1 pauza a\u017e do listopadu, kdy v\u00a0odvet\u011b vyzve na dom\u00e1c\u00ed p\u016fd\u011b Belgii. \u201eUkazuje se, \u017ee to nebude \u017e\u00e1dn\u00e1 lehk\u00e1 skupina. Mus\u00edme Belgii porazit lep\u0161\u00edm sk\u00f3re. A\u00a0pak pojedeme do Norska. Tak\u017ee douf\u00e1m, \u017ee jsme se te\u010f tro\u0161ku probudili, dostali jsme facku, \u017ee to samo nep\u016fjde, a\u00a0v\u00a0listopadu to snad bude lep\u0161\u00ed,\u201c uzav\u00edral Peterka.<\/p>\n<p><a data-dot=\"atm-link\" target=\"_self\" href=\"https:\/\/www.sport.cz\/clanek\/basketbal-zidek-o-problemech-reprezentace-kdyz-se-nam-nedari-nesmime-se-rozpadnout-5521179\" class=\"b_V g_ia\" rel=\"nofollow noopener\"><img height=\"2730\" width=\"3641\" src=\"https:\/\/www.europesays.com\/cz\/wp-content\/uploads\/2026\/08\/1788145697_81_basketbal-zidek.jpeg\" loading=\"eager\" decoding=\"sync\" class=\"b_B b_z\"\/><\/a><\/p>\n","protected":false},"excerpt":{"rendered":"Prodlou\u017een\u00ed si \u010ce\u0161i vynutili v\u00a0posledn\u00edm mo\u017en\u00e9m okam\u017eiku, kdy\u017e dev\u011bt vte\u0159in p\u0159ed koncem vyrovnal trojkou na 90:90\u00a0Richard B\u00e1lint. \u201eMn\u011b&hellip;\n","protected":false},"author":2,"featured_media":196781,"comment_status":"","ping_status":"","sticky":false,"template":"","format":"standard","meta":{"footnotes":"","_share_on_mastodon":"0"},"categories":[10],"tags":[1085,17,21,5842,16347,16,3065,2425,18,19,22,20],"class_list":["post-196780","post","type-post","status-publish","format-standard","has-post-thumbnail","category-zpravy","tag-basketbal","tag-headlines","tag-hlavni-udalosti","tag-lubos-barton","tag-mistrovstvi-evropy-v-basketbalu","tag-news","tag-norsko","tag-reprezentace","tag-top-news","tag-top-stories","tag-udalosti-dne","tag-zpravy"],"share_on_mastodon":{"url":"https:\/\/pubeurope.com\/@cz\/117187923741622663","error":""},"_links":{"self":[{"href":"https:\/\/www.europesays.com\/cz\/wp-json\/wp\/v2\/posts\/196780","targetHints":{"allow":["GET"]}}],"collection":[{"href":"https:\/\/www.europesays.com\/cz\/wp-json\/wp\/v2\/posts"}],"about":[{"href":"https:\/\/www.europesays.com\/cz\/wp-json\/wp\/v2\/types\/post"}],"author":[{"embeddable":true,"href":"https:\/\/www.europesays.com\/cz\/wp-json\/wp\/v2\/users\/2"}],"replies":[{"embeddable":true,"href":"https:\/\/www.europesays.com\/cz\/wp-json\/wp\/v2\/comments?post=196780"}],"version-history":[{"count":0,"href":"https:\/\/www.europesays.com\/cz\/wp-json\/wp\/v2\/posts\/196780\/revisions"}],"wp:featuredmedia":[{"embeddable":true,"href":"https:\/\/www.europesays.com\/cz\/wp-json\/wp\/v2\/media\/196781"}],"wp:attachment":[{"href":"https:\/\/www.europesays.com\/cz\/wp-json\/wp\/v2\/media?parent=196780"}],"wp:term":[{"taxonomy":"category","embeddable":true,"href":"https:\/\/www.europesays.com\/cz\/wp-json\/wp\/v2\/categories?post=196780"},{"taxonomy":"post_tag","embeddable":true,"href":"https:\/\/www.europesays.com\/cz\/wp-json\/wp\/v2\/tags?post=196780"}],"curies":[{"name":"wp","href":"https:\/\/api.w.org\/{rel}","templated":true}]}}