{"id":196794,"date":"2026-08-31T04:10:11","date_gmt":"2026-08-31T04:10:11","guid":{"rendered":"https:\/\/www.europesays.com\/cz\/196794\/"},"modified":"2026-08-31T04:10:11","modified_gmt":"2026-08-31T04:10:11","slug":"vitejte-vzkazuje-jerevan-armenie-prijme-rusy-prchajici-pred-mobilizaci","status":"publish","type":"post","link":"https:\/\/www.europesays.com\/cz\/196794\/","title":{"rendered":"V\u00edtejte, vzkazuje Jerevan. Arm\u00e9nie p\u0159ijme Rusy prchaj\u00edc\u00ed p\u0159ed mobilizac\u00ed"},"content":{"rendered":"<p class=\"c_bB\">U\u017e del\u0161\u00ed dobu se spekuluje o\u00a0nov\u00e9 rusk\u00e9 mobilizaci, kter\u00e1 by mohla po z\u00e1\u0159ijov\u00fdch parlamentn\u00edch volb\u00e1ch zas\u00e1hnout stovky tis\u00edc lid\u00ed. D\u016fvodem jsou mimo jin\u00e9 vysok\u00e9 ztr\u00e1ty rusk\u00e9 arm\u00e1dy na Ukrajin\u011b a\u00a0zpomaluj\u00edc\u00ed se n\u00e1bor. Mobilizace by tento probl\u00e9m mohla vy\u0159e\u0161it, ale z\u00e1rove\u0148 by pro Kreml byla velk\u00fdm politick\u00fdm a\u00a0ekonomick\u00fdm rizikem.<\/p>\n<p class=\"c_bB\">\u201eNa hranici se nikoho nebudou pt\u00e1t, pro\u010d sem p\u0159ijel. Jak v\u00edte, lid\u00e9 z\u00a0Ruska mohou do Arm\u00e9nie vstoupit bez zahrani\u010dn\u00edho pasu,\u201c \u0159ekl Simonyan v\u00a0rozhovoru pro ruskojazy\u010dnou televizi <a data-dot=\"atm-link\" target=\"_blank\" rel=\"noopener nofollow\" href=\"https:\/\/www.youtube.com\/watch?v=qqQCkSCHrAU&amp;t=844s\" class=\"c_I\">Do\u017e\u010f<\/a>. \u201eRus\u016fm mohu \u0159\u00edct jen jednu v\u011bc: V\u00edtejte v\u00a0Arm\u00e9nii. V\u0161ichni jsou u\u00a0n\u00e1s v\u00edt\u00e1ni a\u00a0m\u00e1me ke v\u0161em respekt,\u201c ujistil rusk\u00e9 ob\u010dany.<\/p>\n<p class=\"c_bB\">Rusov\u00e9, kte\u0159\u00ed prchaj\u00ed p\u0159ed mo\u017enost\u00ed, \u017ee budou posl\u00e1ni do v\u00e1lky, budou podle Simonyana moci v\u00a0Arm\u00e9nii z\u016fstat a\u00a0pozd\u011bji se vr\u00e1tit do Ruska, a\u017e to sami uznaj\u00ed za vhodn\u00e9. \u201eTady najdou v\u0161echno, co cht\u011bli naj\u00edt. Do Ruska se mohou vr\u00e1tit, a\u017e pro n\u011b bude situace adekv\u00e1tn\u00ed,\u201c uvedl s\u00a0t\u00edm, \u017ee Arm\u00e9nie je ochotna Rus\u016fm maxim\u00e1ln\u011b pomoci.<\/p>\n<p class=\"c_bB\">Arm\u00e9nie se stala jedn\u00edm z\u00a0hlavn\u00edch c\u00edl\u016f rusk\u00e9 emigrace u\u017e po za\u010d\u00e1tku v\u00e1lky na Ukrajin\u011b a\u00a0zejm\u00e9na po mobilizaci v\u00a0roce 2022.\u00a0Nyn\u00ed se z\u00e1jem podle m\u00edstn\u00edch realitn\u00edch makl\u00e9\u0159\u016f znovu zvy\u0161uje. N\u00e1jemn\u00e9 v\u00a0Jerevanu za posledn\u00ed m\u011bs\u00edce vzrostlo zhruba o\u00a030\u00a0procent. Podle makl\u00e9\u0159\u016f se n\u011bkte\u0159\u00ed Rusov\u00e9 sna\u017e\u00ed odjet ze zem\u011b je\u0161t\u011b p\u0159ed z\u00e1\u0159ijov\u00fdmi parlamentn\u00edmi volbami.<\/p>\n<p class=\"c_bB\">Jen za prvn\u00ed polovinu roku 2026\u00a0do Arm\u00e9nie p\u0159ijelo kolem 417\u00a0tis\u00edc Rus\u016f, oproti zhruba 340\u00a0tis\u00edc\u016fm za cel\u00fd rok 2025.<\/p>\n<p><a data-dot=\"atm-link\" target=\"_self\" href=\"https:\/\/www.novinky.cz\/clanek\/zahranicni-utek-pred-mobilizaci-rusove-se-hromadne-stehuji-do-armenie-40590176\" class=\"c_I\" rel=\"nofollow noopener\"><img fetchpriority=\"high\" height=\"1012\" width=\"1800\" src=\"https:\/\/www.europesays.com\/cz\/wp-content\/uploads\/2026\/08\/1788149411_879_jerevan-armenie.jpeg\" loading=\"eager\" decoding=\"sync\" class=\"c_t c_r\"\/><\/a><\/p>\n","protected":false},"excerpt":{"rendered":"U\u017e del\u0161\u00ed dobu se spekuluje o\u00a0nov\u00e9 rusk\u00e9 mobilizaci, kter\u00e1 by mohla po z\u00e1\u0159ijov\u00fdch parlamentn\u00edch volb\u00e1ch zas\u00e1hnout stovky tis\u00edc&hellip;\n","protected":false},"author":2,"featured_media":196795,"comment_status":"","ping_status":"","sticky":false,"template":"","format":"standard","meta":{"footnotes":"","_share_on_mastodon":"0"},"categories":[11],"tags":[14782,2142,9149,54,56,53,52],"class_list":["post-196794","post","type-post","status-publish","format-standard","has-post-thumbnail","category-svet","tag-armenie","tag-mobilizace","tag-rusove","tag-svet","tag-valka-rusko-ukrajina","tag-world","tag-world-news"],"share_on_mastodon":{"url":"https:\/\/pubeurope.com\/@cz\/117188167330726196","error":""},"_links":{"self":[{"href":"https:\/\/www.europesays.com\/cz\/wp-json\/wp\/v2\/posts\/196794","targetHints":{"allow":["GET"]}}],"collection":[{"href":"https:\/\/www.europesays.com\/cz\/wp-json\/wp\/v2\/posts"}],"about":[{"href":"https:\/\/www.europesays.com\/cz\/wp-json\/wp\/v2\/types\/post"}],"author":[{"embeddable":true,"href":"https:\/\/www.europesays.com\/cz\/wp-json\/wp\/v2\/users\/2"}],"replies":[{"embeddable":true,"href":"https:\/\/www.europesays.com\/cz\/wp-json\/wp\/v2\/comments?post=196794"}],"version-history":[{"count":0,"href":"https:\/\/www.europesays.com\/cz\/wp-json\/wp\/v2\/posts\/196794\/revisions"}],"wp:featuredmedia":[{"embeddable":true,"href":"https:\/\/www.europesays.com\/cz\/wp-json\/wp\/v2\/media\/196795"}],"wp:attachment":[{"href":"https:\/\/www.europesays.com\/cz\/wp-json\/wp\/v2\/media?parent=196794"}],"wp:term":[{"taxonomy":"category","embeddable":true,"href":"https:\/\/www.europesays.com\/cz\/wp-json\/wp\/v2\/categories?post=196794"},{"taxonomy":"post_tag","embeddable":true,"href":"https:\/\/www.europesays.com\/cz\/wp-json\/wp\/v2\/tags?post=196794"}],"curies":[{"name":"wp","href":"https:\/\/api.w.org\/{rel}","templated":true}]}}