{"id":196830,"date":"2026-08-31T04:51:11","date_gmt":"2026-08-31T04:51:11","guid":{"rendered":"https:\/\/www.europesays.com\/cz\/196830\/"},"modified":"2026-08-31T04:51:11","modified_gmt":"2026-08-31T04:51:11","slug":"zrnicko-pravdy-obalit-lzi-jak-vypadala-kampan-na-rozestvani-cechu-a-polaku","status":"publish","type":"post","link":"https:\/\/www.europesays.com\/cz\/196830\/","title":{"rendered":"Zrn\u00ed\u010dko pravdy obalit l\u017e\u00ed. Jak vypadala kampa\u0148 na roze\u0161tv\u00e1n\u00ed \u010cech\u016f a\u00a0Pol\u00e1k\u016f"},"content":{"rendered":"<p class=\"e_bX\">V internetov\u00e9m prostoru nezn\u00e1m\u00ed \u00fato\u010dn\u00edci rozvinuli sofistikovanou dezinforma\u010dn\u00ed kampa\u0148 sna\u017e\u00edc\u00ed se vyvolat dojem, \u017ee Polsko chce zabrat \u010d\u00e1st \u010desk\u00e9ho \u00fazem\u00ed. Nechyb\u011bli fale\u0161n\u00ed diplomat\u00e9 ani fale\u0161n\u00e9 str\u00e1nky \u010desk\u00e9ho ve\u0159ejnopr\u00e1vn\u00edho rozhlasu. S\u00a0investigativn\u00edm novin\u00e1\u0159em Luk\u00e1\u0161em Val\u00e1\u0161kem rozeb\u00edr\u00e1me podrobnosti cel\u00e9 operace.<\/p>\n<p>Co v\u00a0dne\u0161n\u00ed epizod\u011b 5:59\u00a0tak\u00e9 usly\u0161\u00edteJak tato dezinforma\u010dn\u00ed operace \u0161\u00ed\u0159\u00edc\u00ed se na internetu vypad\u00e1 a na koho m\u00ed\u0159\u00ed.Jak se ke kampani stav\u00ed pol\u0161t\u00ed a tak\u00e9 \u010de\u0161t\u00ed politici.Zda v reakci na n\u00e1por dezinformac\u00ed obst\u00e1ly nejen \u00fa\u0159ady a p\u0159edstavitel\u00e9 obou zem\u00ed, ale tak\u00e9 samotn\u00ed b\u011b\u017en\u00ed \u010ce\u0161i a Pol\u00e1ci.<\/p>\n<p class=\"e_bX\">Fale\u0161n\u00e9 profily, podvr\u017een\u00fd diplomatick\u00fd dokument i\u00a0fale\u0161n\u00fd web \u010cesk\u00e9ho rozhlasu. T\u00edm v\u0161\u00edm (ale nejen t\u00edm) se dosud nezn\u00e1m\u00ed auto\u0159i podle investigativn\u00edho report\u00e9ra Seznam Zpr\u00e1v <a data-dot=\"atm-link\" target=\"_blank\" href=\"https:\/\/www.seznamzpravy.cz\/autor\/lukas-valasek-1332\" class=\"e_n\" rel=\"nofollow noopener\">Luk\u00e1\u0161e Val\u00e1\u0161ka<\/a> \u201ez\u0159ejm\u011b sna\u017eili roze\u0161tvat \u010cechy a\u00a0Pol\u00e1ky\u201c.<\/p>\n<p class=\"e_bX\">Zmi\u0148uje t\u0159eba to, \u017ee \u00favodn\u00edm kl\u00ed\u010dov\u00fdm v\u00fdtvorem \u00fato\u010dn\u00edk\u016f byl fale\u0161n\u00fd profil \u010desk\u00e9ho velvyslance v\u00a0Polsku B\u0159etislava Dan\u010d\u00e1ka, na kter\u00e9m n\u00e1sledn\u011b uve\u0159ejnili dopis, jen\u017e m\u011bla zaslat polsk\u00e1 strana. V\u00a0ofici\u00e1ln\u011b vyhl\u00ed\u017eej\u00edc\u00edm dokumentu v\u00a0podstat\u011b st\u00e1lo, \u017ee Polsko se agresivn\u011b do\u017eaduje \u010d\u00e1sti \u010desk\u00e9ho \u00fazem\u00ed.<\/p>\n<p><img fetchpriority=\"high\" height=\"2001\"   width=\"3000\" src=\"https:\/\/www.europesays.com\/cz\/wp-content\/uploads\/2026\/08\/0df0.jpeg\" loading=\"eager\" decoding=\"sync\" class=\"e_aa e_Z\"\/>Foto: Radek Vebr, Seznam Zpr\u00e1vy<\/p>\n<p class=\"e_bX\">Investigativn\u00ed report\u00e9r Seznam Zpr\u00e1v Luk\u00e1\u0161 Val\u00e1\u0161ek.<\/p>\n<p class=\"e_bX\">\u201ePolsko si skute\u010dn\u011b kv\u016fli dobov\u00fdm zm\u011bn\u00e1m hranic n\u00e1rokuje n\u011bjak\u00e9 \u00fazem\u00ed po \u010cesk\u00e9 republice, ale nechyst\u00e1 se, podle op\u011btovn\u00e9ho uji\u0161\u0165ov\u00e1n\u00ed nyn\u011bj\u0161\u00edch polsk\u00fdch politik\u016f, k\u00a0n\u00e1siln\u00e9mu obsazov\u00e1n\u00ed \u00fazem\u00ed, tak jak tvrdila ta dezinforma\u010dn\u00ed kampa\u0148,\u201c l\u00ed\u010d\u00ed Val\u00e1\u0161ek s\u00a0t\u00edm, \u017ee tento postup n\u00e1padn\u011b odpov\u00edd\u00e1 postupu, jak\u00fd obvykle pou\u017e\u00edv\u00e1 zejm\u00e9na Rusko, kdy \u201ezrn\u00ed\u010dko pravdy\u201c obal\u00ed n\u00e1nosem l\u017eiv\u00fdch tvrzen\u00ed.<\/p>\n<p class=\"e_bX\">T\u00edm ale dezinforma\u010dn\u00ed operace nekon\u010dila. Pachatel\u00e9 rovn\u011b\u017e spustili fale\u0161nou verzi ve\u0159ejnopr\u00e1vn\u00edho zpravodajsk\u00e9ho webu iRozhlas.cz s\u00a0jen m\u00edrn\u011b poupravenou adresou, na n\u00ed\u017e publikovali \u010dl\u00e1nek, kter\u00fd m\u011bl p\u0159\u00edb\u011bh podpo\u0159it. Podobn\u00fd text ale zve\u0159ejnili tak\u00e9 na str\u00e1nk\u00e1ch region\u00e1ln\u00edho polsk\u00e9ho r\u00e1dia, do nich\u017e se nabourali.<\/p>\n<p><img height=\"1502\"   width=\"2150\" src=\"https:\/\/www.europesays.com\/cz\/wp-content\/uploads\/2026\/08\/1788151871_875_kampan.png\" loading=\"eager\" decoding=\"sync\" class=\"e_aa e_Z\"\/>Foto: Oskar Klimczuk, CyberDefence24.pl<\/p>\n<p class=\"e_bX\">Web i\u00a0zpr\u00e1va jsou fale\u0161n\u00e9. \u017de n\u00e1v\u0161t\u011bvn\u00edk nen\u00ed na webu iRozhlas.cz, ale m\u016f\u017ee snadno p\u0159ehl\u00e9dnout.<\/p>\n<p class=\"e_bX\">D\u00e1le na facebooku vytvo\u0159ili \u00fa\u010det \u00fadajn\u00e9ho obyvatele \u010desk\u00e9ho pohrani\u010d\u00ed, kter\u00fd na n\u011bm\u00a0svol\u00e1val k\u00a0demonstraci pod heslem \u201eT\u011b\u0161\u00ednsko je \u010desk\u00e9\u201c. Report\u00e9r Val\u00e1\u0161ek p\u0159itom upozor\u0148uje, \u017ee fotografie na tomto profilu p\u016fsob\u00ed velmi p\u0159esv\u011bd\u010div\u011b, le\u010d byly vygenerovan\u00e9 pomoc\u00ed um\u011bl\u00e9 inteligence. U\u00a0p\u0159\u00edsp\u011bvku nav\u00edc \u00fato\u010dn\u00edci zaplatili propagaci, aby se ukazoval co nejv\u011bt\u0161\u00edmu mno\u017estv\u00ed lid\u00ed. Dal\u0161\u00ed fale\u0161n\u00e9 \u00fa\u010dty pak podle novin\u00e1\u0159e na tuto aktivitu reagovaly. Nakonec tak p\u0159\u00edsp\u011bvky vid\u011bly desetitis\u00edce lid\u00ed.<\/p>\n<p>\u201e\u010cesk\u00e1 vl\u00e1da neobst\u00e1la\u201c<\/p>\n<p class=\"e_bX\">Cel\u00e1 kampa\u0148 je z\u00a0pohledu Luk\u00e1\u0161e Val\u00e1\u0161ka v\u00a0\u010desk\u00fdch podm\u00ednk\u00e1ch zna\u010dn\u011b v\u00fdjime\u010dn\u00e1, a\u00a0to zejm\u00e9na \u0161\u00ed\u0159\u00ed pou\u017eit\u00fdch n\u00e1stroj\u016f nebo tak\u00e9 sv\u00fdm p\u0159eshrani\u010dn\u00edm charakterem. \u201eJe to v\u016fbec prvn\u00ed operace takov\u00e9ho rozsahu,\u201c m\u00edn\u00ed. Z\u00e1rove\u0148 ale podle n\u011bj pouk\u00e1zala na n\u011bkolik slabin v\u00a0tuzemsk\u00e9 obran\u011b v\u016f\u010di podobn\u00fdm vlivov\u00fdm p\u016fsoben\u00edm. <\/p>\n<p class=\"e_bX\">Tak nap\u0159\u00edklad fale\u0161n\u00e1 verze serveru iRozhlas je st\u00e1le v\u00a0provozu (\u00fadaj platn\u00fd k\u00a0ned\u011bln\u00ed noci, pozn. red.), p\u0159esto\u017ee se \u010cesk\u00fd rozhlas podle sv\u00e9ho vyj\u00e1d\u0159en\u00ed pokou\u0161\u00ed pr\u00e1vn\u00edmi kroky dos\u00e1hnout jej\u00edho vypnut\u00ed. Spr\u00e1vce \u010desk\u00e9 n\u00e1rodn\u00ed dom\u00e9ny CZ.NIC mezit\u00edm vyzval dr\u017eitele dom\u00e9ny k\u00a0identifikaci a\u00a0uvedl, \u017ee dal\u0161\u00ed kroky m\u016f\u017ee na z\u00e1klad\u011b sv\u00fdch pravidel u\u010dinit a\u017e po uplynut\u00ed p\u0159\u00edslu\u0161n\u00e9 lh\u016fty. V\u00a0\u00favahu by nicm\u00e9n\u011b p\u0159ipadal i\u00a0z\u00e1sah soudu, kter\u00fd by vydal p\u0159edb\u011b\u017en\u00e9 opat\u0159en\u00ed. A\u00a0policie se p\u0159\u00edpadem zab\u00fdv\u00e1. <\/p>\n<p class=\"e_bX\">Zat\u00edm ale podvr\u017een\u00fd \u201ezpravodajsk\u00fd\u201c web b\u011b\u017e\u00ed d\u00e1l. \u201eDosud byl pou\u017eit k\u00a0vytvo\u0159en\u00ed a\u00a0publikov\u00e1n\u00ed jednoho \u010dl\u00e1nku, kter\u00fd mluvil o\u00a0tom, \u017ee se Polsko chyst\u00e1 anektovat \u010d\u00e1st \u010desk\u00e9ho \u00fazem\u00ed a\u00a0\u010ce\u0161i u\u017e tam prod\u00e1vaj\u00ed domy. Ale samoz\u0159ejm\u011b nen\u00ed vylou\u010deno, \u017ee ti \u00fato\u010dn\u00edci ho mohou vyu\u017e\u00edt i\u00a0k publikov\u00e1n\u00ed n\u011bjak\u00fdch dal\u0161\u00edch dezinformac\u00ed,\u201c upozor\u0148uje Val\u00e1\u0161ek.<\/p>\n<p class=\"e_bX\">Za p\u0159\u00edkladnou pak podle n\u011bj nen\u00ed mo\u017en\u00e9 pova\u017eovat reakci \u010desk\u00e9 politick\u00e9 reprezentace. Zat\u00edmco polsk\u00fd ministr zahrani\u010d\u00ed Rados\u0142aw Sikorski za\u010dal ve ve\u0159ejn\u00e9m prostoru dezinformace vyvracet velmi z\u00e1hy a\u00a0n\u00e1sledn\u011b se p\u0159idal i\u00a0premi\u00e9r Donald Tusk, \u010desk\u00fdm \u00fa\u0159ad\u016fm a\u00a0p\u0159edstavitel\u016fm to trvalo d\u00e9le a\u00a0jejich p\u0159\u00edsp\u011bvky zdaleka nep\u016fsobily tak jednozna\u010dn\u011b.<\/p>\n<p lang=\"pl\" dir=\"ltr\">Nie dajmy si\u0119 sk\u0142\u00f3ci\u0107. Wkroczenie do Zaolzia by\u0142o jedn\u0105 z najg\u0142upszych decyzji polskiej polityki zagranicznej w historii ale mam nadziej\u0119, \u017ce bracia Czesi pami\u0119taj\u0105, \u017ce w osobie prezydenta Lecha Kaczy\u0144skiego, na Westerplatte w 2009 roku, Polska za ni\u0105 publicznie przeprosi\u0142a. <a href=\"https:\/\/t.co\/yO6NusT1Ws\" rel=\"nofollow\">https:\/\/t.co\/yO6NusT1Ws<\/a><\/p>\n<p>\u2014 Rados\u0142aw Sikorski \ud83c\uddf5\ud83c\uddf1\ud83c\uddea\ud83c\uddfa (@sikorskiradek) <a href=\"https:\/\/x.com\/sikorskiradek\/status\/2092262145207509138?ref_src=twsrc%5Etfw\" rel=\"nofollow\">August 25, 2026<\/a><\/p>\n<p class=\"e_bX\">\u201ePakli\u017ee celou tu v\u011bc m\u016f\u017eeme ch\u00e1pat i\u00a0jako test potenci\u00e1ln\u00edho rusk\u00e9ho akt\u00e9ra, jak \u010cesko v\u00a0r\u00e1mci strategick\u00e9 komunikace na tu dezinforma\u010dn\u00ed vlnu zareaguje, tak si mysl\u00edm, \u017ee \u010desk\u00e1 politick\u00e1 sc\u00e9na a\u00a0zejm\u00e9na vl\u00e1da \u00fapln\u011b neobst\u00e1la,\u201c podot\u00fdk\u00e1 investigativn\u00ed report\u00e9r.<\/p>\n<p class=\"e_bX\">Poukazuje mimo jin\u00e9 na to, \u017ee \u010desk\u00e9 ministerstvo zahrani\u010d\u00ed si zpo\u010d\u00e1tku vysta\u010dilo s\u00a0prohl\u00e1\u0161en\u00edm, \u017ee p\u0159\u00edpad \u0159e\u0161\u00ed odborn\u00edci. Pozd\u011bji, a\u00a0to op\u011bt pouze na soci\u00e1ln\u00edch s\u00edt\u00edch \u010cern\u00ednsk\u00e9ho pal\u00e1ce, vydalo p\u0159\u00edsp\u011bvek, kter\u00fd v\u00a0podstat\u011b \u0159\u00edk\u00e1, \u017ee si sice Pol\u00e1ci \u010d\u00e1st \u010desk\u00e9ho \u00fazem\u00ed n\u00e1rokuj\u00ed, ale \u017ee situace nen\u00ed ani zdaleka tak dramatick\u00e1.<\/p>\n<p class=\"e_bX\">\u010cesk\u00fd premi\u00e9r Andrej Babi\u0161 pak zareagoval p\u0159esd\u00edlen\u00edm p\u0159\u00edsp\u011bvku sv\u00e9ho polsk\u00e9ho prot\u011bj\u0161ku se\u00a0t\u0159emi emotikony: \u010deskou a\u00a0polskou vlajkou a\u00a0spojen\u00fdma rukama. A\u00a0jak u\u017e bylo zm\u00edn\u011bno, v\u00a0sobotu si pot\u00e9 p\u0159edseda vl\u00e1dy ve\u0159ejn\u011b post\u011b\u017eoval na postup tajn\u00fdch slu\u017eeb. \u201eSvolal jsem mimo\u0159\u00e1dn\u00e9 zased\u00e1n\u00ed Bezpe\u010dnostn\u00ed rady st\u00e1tu, kde jsem konkr\u00e9tn\u011b vy\u010detl p\u0159\u00edslu\u0161n\u00fdm slu\u017eb\u00e1m, \u017ee informaci o\u00a0polsk\u00e9m fake profilu jsem se dozv\u011bd\u011bl z\u00a0m\u00e9di\u00ed, \u017ee jsme to nedostali pr\u00e1v\u011b od nich nebo jsme to m\u011bli pozd\u011b,\u201c \u0159ekl Babi\u0161 \u010cesk\u00e9 televizi.<\/p>\n<p class=\"e_bX\">Novin\u00e1\u0159 Seznam Zpr\u00e1v ka\u017edop\u00e1dn\u011b v\u00a0ohledu na schopnost \u010desk\u00e9 strany \u010delit podobn\u00fdm dezinforma\u010dn\u00edm kampan\u00edm upozor\u0148uje na v\u00fdvoj z\u00a0minul\u00fdch m\u011bs\u00edc\u016f. \u201eNelze nep\u0159ipomenout kroky Babi\u0161ovy vl\u00e1dy, je\u017e u\u017e kr\u00e1tce po sv\u00e9m n\u00e1stupu za\u010dala likvidovat velkou \u010d\u00e1st odborn\u00fdch post\u016f, kter\u00e9 m\u011bly za \u00fakol s\u00a0t\u011bmito vlivov\u00fdmi operacemi bojovat. A\u00a0z\u00e1rove\u0148 za poradkyni pro svobodu slova si premi\u00e9r vybral Nat\u00e1lii Vachatovou, kter\u00e1 v\u00a0minulosti byla dlouhodob\u011b spjata se \u0161\u00ed\u0159en\u00edm rusk\u00e9 propagandy,\u201c p\u0159ipomn\u011bl Val\u00e1\u0161ek v\u00a0rozhovoru pro 5:59\u00a0uskute\u010dn\u011bn\u00e9m je\u0161t\u011b p\u0159ed v\u00edkendem.<\/p>\n<p>Byla to rusk\u00e1 operace? <\/p>\n<p class=\"e_bX\">Na druhou stranu p\u0159\u00edjemn\u00fdm p\u0159ekvapen\u00edm je pro investigativn\u00edho report\u00e9ra reakce \u010cech\u016f a\u00a0Pol\u00e1k\u016f. Ti toti\u017e za\u010dali spont\u00e1nn\u011b na soci\u00e1ln\u00edch s\u00edt\u00edch \u0161\u00ed\u0159it obr\u00e1zky a\u00a0videa, na kter\u00fdch spolu zn\u00e1m\u00e9 komiksov\u00e9 a\u00a0animovan\u00e9 postavi\u010dky z\u00a0obou st\u00e1t\u016f t\u0159eba posed\u00e1vaj\u00ed na gau\u010di nebo se obj\u00edmaj\u00ed. Lid\u00e9 tak cht\u011bli d\u00e1t najevo, \u017ee dezinforma\u010dn\u00ed snaha na vz\u00e1jemn\u00fdch vztaz\u00edch nic nezm\u011bn\u00ed.<\/p>\n<p class=\"e_bX\">\u201eMysl\u00edm, \u017ee to je mimochodem i\u00a0d\u016fle\u017eit\u00e1 zpr\u00e1va pro \u010deskou vl\u00e1du &#8211; tedy to, \u017ee kdy\u017e se vlivov\u00e1 kampa\u0148 odhal\u00ed zav\u010das a\u00a0lidem se \u0159ekne, \u017ee prob\u00edh\u00e1 a\u00a0co je jej\u00edm c\u00edlem, tak se potom velmi snadno m\u016f\u017ee obr\u00e1tit proti samotn\u00fdm \u00fato\u010dn\u00edk\u016fm,\u201c \u0159\u00edk\u00e1 Luk\u00e1\u0161 Val\u00e1\u0161ek. Dod\u00e1v\u00e1 ale, \u017ee pachatel\u00e9 byli od za\u010d\u00e1tku v\u00a0obt\u00ed\u017en\u00e9 situaci, jeliko\u017e \u010desko-polsk\u00e9 vztahy jsou po \u0159adu let dobr\u00e9.<\/p>\n<p class=\"e_bX\">Ot\u00e1zkou nicm\u00e9n\u011b z\u016fst\u00e1v\u00e1, kdo jsou oni nezn\u00e1m\u00ed \u00fato\u010dn\u00edci. Novin\u00e1\u0159 v\u00a0rozhovoru opakovan\u011b zmi\u0148uje, \u017ee bezpe\u010dnostn\u00ed komunit\u011b na obou stran\u00e1ch hranic se jako nejpravd\u011bpodobn\u011bj\u0161\u00ed autor jev\u00ed Rusko. Jde pr\u00fd zat\u00edm nicm\u00e9n\u011b hlavn\u011b o \u201epou\u010den\u00fd odhad\u201c plynouc\u00ed z\u00a0toho, \u017ee odhalen\u00e1 dezinforma\u010dn\u00ed kampa\u0148 zjevn\u011b pln\u00ed rusk\u00e9 c\u00edle a\u00a0\u017ee tak\u00e9 nese shodn\u00e9 rysy s\u00a0dal\u0161\u00edmi vlivov\u00fdmi operacemi pod taktovkou Kremlu, kter\u00e9 zn\u00e1me z\u00a0minulosti. P\u0159\u00edm\u00fd d\u016fkaz ale v\u00a0tuto chv\u00edli \u00fa\u0159ady nejsp\u00ed\u0161 nemaj\u00ed.<\/p>\n<p class=\"e_bX\">\u201eAtribuce t\u00e9 operace bude velmi obt\u00ed\u017en\u00e1 a\u00a0bezesporu bude zaj\u00edmav\u00e9 sledovat, jak si s\u00a0t\u00edm \u010desk\u00e1 a\u00a0polsk\u00e1 policie a\u00a0tajn\u00e9 slu\u017eby porad\u00ed. Ale up\u0159\u00edmn\u011b jsem skeptick\u00fd, \u017ee se to posune do n\u011bjak\u00e9 pokro\u010dilej\u0161\u00ed roviny ne\u017e \u201aRusov\u00e9 takto pracuj\u00ed a\u00a0pln\u00ed to jejich c\u00edle\u2018,\u201c uv\u00e1d\u00ed Luk\u00e1\u0161 Val\u00e1\u0161ek.<\/p>\n<p class=\"e_bX\">V podcastu 5:59\u00a0se tak\u00e9 dozv\u00edte v\u00edce podrobnost\u00ed o\u00a0dezinforma\u010dn\u00ed kampani, kter\u00e1 z\u0159ejm\u011b m\u011bla roze\u0161tvat \u010cechy a\u00a0Pol\u00e1ky. Anebo jak se podobn\u00fdm operac\u00edm, a\u0165 u\u017e za nimi stoj\u00ed kdokoli, br\u00e1nit. Poslechn\u011bte si v\u00a0\u00favodu \u010dl\u00e1nku.<\/p>\n<p class=\"e_bX\">Editor a\u00a0koeditor: Mat\u011bj V\u00e1lek, Dominika Kubi\u0161tov\u00e1<\/p>\n<p class=\"e_bX\">Sound design: Ursula Sereghy<\/p>\n<p class=\"e_bX\">Zdroje audiouk\u00e1zek: \u010cT24, TVP VOD, TVP3\u00a0Katowice, Facebook &#8211; Stacja Katowice (@PolsatNEWSKatowice)<\/p>\n<p>Podcast 5:59<\/p>\n<p class=\"e_bX\">Zpravodajsk\u00fd podcast Seznam Zpr\u00e1v. Jedno z\u00e1sadn\u00ed t\u00e9ma ka\u017ed\u00fd v\u0161edn\u00ed den za minutu \u0161est. To nejd\u016fle\u017eit\u011bj\u0161\u00ed d\u011bn\u00ed v\u00a0\u010cesku, ve sv\u011bt\u011b, politice, ekonomice, sportu i\u00a0kultu\u0159e optikou <a data-dot=\"atm-link\" target=\"_blank\" href=\"https:\/\/www.seznamzpravy.cz\/sekce\/audio-podcast-5-59-452\" class=\"e_n\" rel=\"nofollow noopener\">Seznam Zpr\u00e1v<\/a>.<\/p>\n<p class=\"e_bX\">Archiv v\u0161ech d\u00edl\u016f najdete <a data-dot=\"atm-link\" target=\"_blank\" href=\"https:\/\/www.seznamzpravy.cz\/sekce\/audio-podcast-5-59-452\" class=\"e_n\" rel=\"nofollow noopener\">na na\u0161ich str\u00e1nk\u00e1ch<\/a>. Sv\u00e9 post\u0159ehy, p\u0159ipom\u00ednky nebo tipy n\u00e1m pi\u0161te prost\u0159ednictv\u00edm soci\u00e1ln\u00edch s\u00edt\u00ed nebo na e-mail: zaminutusest@sz.cz.<\/p>\n","protected":false},"excerpt":{"rendered":"V internetov\u00e9m prostoru nezn\u00e1m\u00ed \u00fato\u010dn\u00edci rozvinuli sofistikovanou dezinforma\u010dn\u00ed kampa\u0148 sna\u017e\u00edc\u00ed se vyvolat dojem, \u017ee Polsko chce zabrat \u010d\u00e1st&hellip;\n","protected":false},"author":2,"featured_media":196831,"comment_status":"","ping_status":"","sticky":false,"template":"","format":"standard","meta":{"footnotes":"","_share_on_mastodon":"0"},"categories":[7],"tags":[43,42,29358,41,40,3660,789,790,117,45261],"class_list":["post-196830","post","type-post","status-publish","format-standard","has-post-thumbnail","category-cesko","tag-ceska-republika","tag-cesko","tag-cesky-tesin","tag-czech-republic","tag-czechia","tag-dezinformace","tag-podcast","tag-podcast-559","tag-polsko","tag-vlivova-operace"],"share_on_mastodon":{"url":"https:\/\/pubeurope.com\/@cz\/117188328690338923","error":""},"_links":{"self":[{"href":"https:\/\/www.europesays.com\/cz\/wp-json\/wp\/v2\/posts\/196830","targetHints":{"allow":["GET"]}}],"collection":[{"href":"https:\/\/www.europesays.com\/cz\/wp-json\/wp\/v2\/posts"}],"about":[{"href":"https:\/\/www.europesays.com\/cz\/wp-json\/wp\/v2\/types\/post"}],"author":[{"embeddable":true,"href":"https:\/\/www.europesays.com\/cz\/wp-json\/wp\/v2\/users\/2"}],"replies":[{"embeddable":true,"href":"https:\/\/www.europesays.com\/cz\/wp-json\/wp\/v2\/comments?post=196830"}],"version-history":[{"count":0,"href":"https:\/\/www.europesays.com\/cz\/wp-json\/wp\/v2\/posts\/196830\/revisions"}],"wp:featuredmedia":[{"embeddable":true,"href":"https:\/\/www.europesays.com\/cz\/wp-json\/wp\/v2\/media\/196831"}],"wp:attachment":[{"href":"https:\/\/www.europesays.com\/cz\/wp-json\/wp\/v2\/media?parent=196830"}],"wp:term":[{"taxonomy":"category","embeddable":true,"href":"https:\/\/www.europesays.com\/cz\/wp-json\/wp\/v2\/categories?post=196830"},{"taxonomy":"post_tag","embeddable":true,"href":"https:\/\/www.europesays.com\/cz\/wp-json\/wp\/v2\/tags?post=196830"}],"curies":[{"name":"wp","href":"https:\/\/api.w.org\/{rel}","templated":true}]}}