{"id":196836,"date":"2026-08-31T04:55:12","date_gmt":"2026-08-31T04:55:12","guid":{"rendered":"https:\/\/www.europesays.com\/cz\/196836\/"},"modified":"2026-08-31T04:55:12","modified_gmt":"2026-08-31T04:55:12","slug":"vojta-a-betty-z-masterchefa-nase-amalka-je-velky-jedlik-jak-to-resi-kdyz-se-jim-nechce-varit","status":"publish","type":"post","link":"https:\/\/www.europesays.com\/cz\/196836\/","title":{"rendered":"Vojta a\u00a0Betty z\u00a0MasterChefa: Na\u0161e Am\u00e1lka je velk\u00fd jedl\u00edk! Jak to \u0159e\u0161\u00ed, kdy\u017e se jim nechce va\u0159it?"},"content":{"rendered":"<p class=\"b_bt\">Vojta Urban a\u00a0Betty Mina\u0159\u00edkov\u00e1? L\u00e1ska na prvn\u00ed pohled jako vy\u0161it\u00e1. Kdy\u017e Mu\u017e roku 2019\u00a0poprv\u00e9 spat\u0159il svou \u201esokyni\u201c na castingu televizn\u00ed sout\u011b\u017ee amat\u00e9rsk\u00fdch kucha\u0159\u016f, okam\u017eit\u011b p\u0159esko\u010dila jiskra. Brzy nato spolu za\u010dali bydlet, vzali se a\u00a0dnes jsou z\u00a0nich rodi\u010de t\u00e9m\u011b\u0159 dvoulet\u00e9 dcery Am\u00e1lky. I\u00a0p\u0159esto, \u017ee se <a data-dot=\"atm-link\" target=\"_blank\" rel=\"noopener nofollow\" href=\"https:\/\/www.super.cz\/clanek\/celebrity-obrovska-prazdnota-a-dva-roky-terapii-nemel-jsem-erekci-spermie-ani-testosteron-priznal-vitez-muze-roku-1522604\" class=\"b_g\">Vojta pot\u00fdkal s\u00a0neplodnost\u00ed<\/a>.<\/p>\n<p class=\"b_bt\">Jak si <a data-dot=\"atm-link\" target=\"_blank\" rel=\"noopener nofollow\" href=\"https:\/\/www.super.cz\/clanek\/celebrity-zivi-je-i-socialni-site-ale-ziji-take-offline-zivot-vojta-a-betty-urbanovi-nemaji-televizi-dceri-nepousteji-pohadky-1525162\" class=\"b_g\">zn\u00e1m\u00ed food influence\u0159i<\/a> u\u017e\u00edvaj\u00ed rodi\u010dovstv\u00ed a\u00a0kolik se toho v\u00a0jejich \u017eivotech narozen\u00edm d\u00edt\u011bte zm\u011bnilo? A\u00a0co si poka\u017ed\u00e9 r\u00e1di nechaj\u00ed dov\u00e9zt, kdy\u017e se ani jednomu nechce va\u0159it?<\/p>\n<p>Co je podle v\u00e1s alfa a\u00a0omega ve vztahu, kde se narod\u00ed prvn\u00ed miminko?<\/p>\n<p class=\"b_bt\">Vojta: Otev\u0159enost, flexibilita, naslouch\u00e1n\u00ed a\u00a0schopnost u\u010dit se.<\/p>\n<p class=\"b_bt\">Betty: Souhlas\u00edm. Z\u00e1rove\u0148 bych dodala, jak je pot\u0159ebn\u00e1 pomoc (a to nejen) partnera v\u00a0\u0161estined\u011bl\u00ed. A\u0165 u\u017e emo\u010dn\u00ed, tak fyzick\u00e1\u2026<\/p>\n<p>Jak moc v\u00e1s rodi\u010dovstv\u00ed zm\u011bnilo?<\/p>\n<p class=\"b_bt\">Betty: Mn\u011b se zd\u00e1, \u017ee moc ne. Samoz\u0159ejm\u011b \u017ee se n\u00e1\u0161 re\u017eim hodn\u011b zm\u011bnil, \u010dlov\u011bk u\u017e ne\u0159e\u0161\u00ed jen s\u00e1m sebe. Ale up\u0159\u00edmn\u011b\u00a0\u2013 j\u00e1 jsem nem\u011bla \u017e\u00e1dn\u00e1 o\u010dek\u00e1v\u00e1n\u00ed, co a\u00a0jak bude, tak jsem nebyla ani p\u0159ekvapen\u00e1. Z\u00e1rove\u0148 se s\u00a0Ami sna\u017e\u00edme d\u011blat v\u0161echno jako p\u0159edt\u00edm. Samoz\u0159ejm\u011b s\u00a0\u00fapravou jej\u00edch pot\u0159eb\u00a0\u2013 j\u00eddla, sp\u00e1nku a\u00a0podobn\u011b. Ale je to skv\u011bl\u00e1 par\u0165a\u010dka, m\u00e1 r\u00e1da lidi, nevad\u00ed j\u00ed cestov\u00e1n\u00ed. Tak\u017ee v\u00a0tomhle ohledu to m\u00e1me jednodu\u0161\u0161\u00ed ne\u017e spousta jin\u00fdch rodi\u010d\u016f.<\/p>\n<p class=\"b_bt\">Vojta: Mn\u011b tot\u00e1ln\u011b. \u017divot se najednou oto\u010d\u00ed o\u00a0180\u00a0stup\u0148\u016f a\u00a0va\u0161\u00edm hlavn\u00edm \u00fakolem\u00a0\u2013 nonstop a\u00a0skoro nav\u017edy\u00a0\u2013 je zaji\u0161\u0165ovat p\u0159e\u017eit\u00ed toho mal\u00e9ho \u010dlov\u00ed\u010dka.<\/p>\n<p><img fetchpriority=\"high\" height=\"3063\"   width=\"4096\" src=\"https:\/\/www.europesays.com\/cz\/wp-content\/uploads\/2026\/08\/546f.jpeg\" loading=\"eager\" decoding=\"sync\" class=\"b_u b_s\"\/>Foto: Michaela Feuereislov\u00e1, Super.cz\u010c\u00edm v\u00e1s dcera Am\u00e1lka moment\u00e1ln\u011b nejv\u00edc dost\u00e1v\u00e1?<\/p>\n<p class=\"b_bt\">Betty: Jak si pov\u00edd\u00e1 a\u00a0zp\u00edv\u00e1. Z\u00e1rove\u0148 t\u00edm, jak se j\u00ed dok\u00e1\u017ee zm\u011bnit n\u00e1lada z\u00a0vte\u0159iny na vte\u0159inu\u00a0\u2013 v\u00a0jednu chv\u00edli se sm\u011bje, za sekundu se vztek\u00e1. Snad je to, jak se \u0159\u00edk\u00e1, jenom obdob\u00ed\u2026<\/p>\n<p class=\"b_bt\">Vojta: Apetitem a\u00a0\u0159e\u010dn\u011bn\u00edm.<\/p>\n<p>V \u010dem je cel\u00e1 maminka a\u00a0v \u010dem se podob\u00e1 t\u00e1tovi?<\/p>\n<p class=\"b_bt\">Betty: Vzhledov\u011b je Ami cel\u00fd Vojta. Moje m\u00e1ma \u0159\u00edk\u00e1, \u017ee povahov\u011b je stejn\u00e1, jako jsem byla j\u00e1, kdy\u017e jsem byla mal\u00e1: vesel\u00e1 a\u00a0bezprobl\u00e9mov\u00e1. Jen je, d\u00edkybohu, malinko opatrn\u011bj\u0161\u00ed, to bude m\u00edt zase sp\u00ed\u0161 po Vojtovi.<\/p>\n<p class=\"b_bt\">Vojta: Je to takov\u00fd m\u016fj klon, tak\u017ee z\u00a0legrace ob\u010das \u0159\u00edk\u00e1m, \u017ee u\u00a0n\u00e1s je jist\u00fd jen otec. Ale po Bettynce se jist\u011b taky n\u011bco najde.<\/p>\n<p>Um\u00ed n\u011bkdy i\u00a0po\u0159\u00e1dn\u011b zazlobit?<\/p>\n<p class=\"b_bt\">Betty: Sp\u00ed\u0161 se ob\u010das um\u00ed po\u0159\u00e1dn\u011b vztekat. Na\u0161t\u011bst\u00ed to trv\u00e1 jen chv\u00edli. Jsem v\u017edycky v\u00a0\u0161oku, kdy\u017e j\u00ed za\u010dnu n\u011bco vysv\u011btlovat a\u00a0ona vypad\u00e1, \u017ee tomu u\u017e rozum\u00ed a\u00a0ch\u00e1pe to.<\/p>\n<p>M\u00e1 \u0161t\u011bst\u00ed, \u017ee m\u00e1 oba rodi\u010de v\u00e1\u0161niv\u00e9 kucha\u0159e. Co j\u00ed nej\u010dast\u011bji va\u0159\u00edte?<\/p>\n<p class=\"b_bt\">Betty: My oba jsme s\u00a0Vojtou byli jako mal\u00ed velc\u00ed jedl\u00edci, a\u00a0to m\u00e1 Ami po n\u00e1s. Ob\u010das n\u011bco nechce, ale ne\u0159e\u0161\u00edme to. I\u00a0kdy\u017e se n\u011bkdy p\u0159istihnu, \u017ee j\u00ed \u0159\u00edk\u00e1m: \u201eJestli nesn\u00ed\u0161 ob\u011bd, nebudou maliny\u201c\u00a0\u2013 to je jej\u00ed obl\u00edben\u00fd dezert. Ale v\u017edycky se sna\u017e\u00edm si uv\u011bdomit, \u017ee takhle d\u011blat nechci, a\u00a0p\u0159\u00ed\u0161t\u011b se to sna\u017e\u00edm vy\u0159e\u0161it l\u00e9pe. Va\u0159\u00edm j\u00ed v\u011bt\u0161inou v\u0161echno, co j\u00edme my.<\/p>\n<p>Co j\u00ed naopak nechutn\u00e1, bojujete s\u00a0n\u011b\u010d\u00edm takov\u00fdm?<\/p>\n<p class=\"b_bt\">Betty: Listov\u00fd sal\u00e1t. Ten ochutnala a\u00a0plive ho. To ale nen\u00ed \u017e\u00e1dn\u00e1 trag\u00e9die.<\/p>\n<p>V r\u00e1mci sv\u00fdch aktivit se mimo jin\u00e9 zam\u011b\u0159ujete i\u00a0na t\u00e9ma \u0161koln\u00edch sva\u010din. Statistiky odhalily smutn\u00fd fakt, \u017ee \u0161kol\u00e1ci sva\u010din\u00e1m moc ned\u00e1vaj\u00ed, a\u00a0kdy\u017e u\u017e, tak m\u00edsto t\u00e9 dom\u00e1c\u00ed s\u00e1hnou po n\u011bjak\u00e9m rychl\u00e9m ob\u010derstven\u00ed. O\u00a0co konkr\u00e9tn\u011b usilujete?<\/p>\n<p class=\"b_bt\">Vojta: Chceme inspirovat ve\u0159ejnost ke zdrav\u00e9mu stravov\u00e1n\u00ed i\u00a0udr\u017eitelnosti. Uk\u00e1zat, \u017ee kvalitn\u00ed j\u00eddlo, kter\u00e9 budou m\u00edt (nejen) d\u011bti s\u00a0sebou ve \u0161kole a\u00a0po kter\u00e9m se budou c\u00edtit dob\u0159e, bez \u00fanavy, n\u00e1val\u016f chut\u00ed \u010di hladu, nemus\u00ed b\u00fdt zas tak slo\u017eit\u00e9 a\u00a0ani \u010dasov\u011b nebo finan\u010dn\u011b n\u00e1ro\u010dn\u00e9.<\/p>\n<p class=\"b_bt\">Pod\u00edl\u00edme se tak\u00e9 na projektu \u0160kola hokejov\u00fdch talent\u016f, podporujeme ml\u00e1de\u017enickou sb\u00edrku Puky pom\u00e1haj\u00ed a\u00a0p\u0159ipravovali jsme taky zdrav\u00e9 sva\u010diny p\u0159\u00edmo do \u0161atny na\u0161ich hokejov\u00fdch mistr\u016f sv\u011bta. <\/p>\n<p class=\"b_bt\">Betty: Mysl\u00edm, \u017ee v\u0161echno za\u010d\u00edn\u00e1 doma. D\u011bti se u\u010d\u00ed od n\u00e1s. Tak\u017ee kdy\u017e chceme, aby jedly zdrav\u011b, mus\u00ed to vid\u011bt doma. Jak u\u00a0j\u00eddla, tak u\u00a0pit\u00ed. Na druhou stranu mysl\u00edm, \u017ee ide\u00e1ln\u00ed nejsou ani n\u011bjak\u00e9 velk\u00e9 z\u00e1kazy. My te\u010f v\u00a0l\u00e9t\u011b Ami ob\u010das koup\u00edme zmrzlinu, ale v\u017edycky vyb\u00edr\u00e1me tu, kter\u00e1 je tvarohov\u00e1, nebo tu, ve kter\u00e9 je nejm\u00e9n\u011b p\u0159idan\u00e9ho cukru.<\/p>\n<p>Kdy\u017e si oba chcete od va\u0159en\u00ed odfrknout\u00a0\u2013 jak to \u0159e\u0161\u00edte? <\/p>\n<p class=\"b_bt\">Vojta: V\u011bt\u0161inou si nech\u00e1me j\u00eddlo dov\u00e9zt. N\u011bkdy se chce \u010dlov\u011bk jen tak svalit na gau\u010d a\u00a0d\u00e1t si k\u00a0tomu n\u011bjakou \u0148aminu, jak by \u0159ekla na\u0161e Am\u00e1lka. Ale doru\u010dov\u00e1n\u00ed j\u00eddla u\u017e na\u0161t\u011bst\u00ed nen\u00ed z\u00e1le\u017eitost jen n\u011bjak\u00fdch pochybn\u00fdch rychlovek. Tak\u017ee p\u0159es l\u00e9to n\u00e1s takhle zachra\u0148uje t\u0159eba skv\u011bl\u00e1 <a data-dot=\"atm-link\" target=\"_blank\" href=\"https:\/\/www.prozeny.cz\/clanek\/zdravi-a-zivotni-styl-co-zpusobila-neapolska-revoluce-z-obycejne-placky-se-stal-zivotni-styl-je-popularnejsi-nez-kdy-driv-103092\" class=\"b_g\" rel=\"nofollow noopener\">neapolsk\u00e1 pizza<\/a>.<\/p>\n<p class=\"b_bt\">Betty: V\u00a0\u0159et\u011bzcov\u00fdch fastfoodech t\u00e9m\u011b\u0159 nej\u00edme. Ob\u010das si <a data-dot=\"atm-link\" target=\"_blank\" href=\"https:\/\/www.prozeny.cz\/clanek\/recepty-snidane-od-vinohrad-po-dejvice-kde-si-v-praze-doprat-snidani-na-kterou-jen-tak-nezapomenete-103818\" class=\"b_g\" rel=\"nofollow noopener\">zajdeme n\u011bkam na sn\u00eddani<\/a> nebo si n\u011bco objedn\u00e1me, ale kdy\u017e se n\u00e1m nechce va\u0159it, v\u011bt\u0161inou to \u0159e\u0161\u00edme tvarohem s\u00a0na\u0161\u00ed granolou a\u00a0ovocem. To u\u017e miluje i\u00a0Ami. A\u00a0kdy\u017e si Vojta sedne s\u00a0plnou miskou na seda\u010dku, okam\u017eit\u011b ut\u00edk\u00e1 a\u00a0p\u016flku mu sn\u00ed.<\/p>\n","protected":false},"excerpt":{"rendered":"Vojta Urban a\u00a0Betty Mina\u0159\u00edkov\u00e1? L\u00e1ska na prvn\u00ed pohled jako vy\u0161it\u00e1. Kdy\u017e Mu\u017e roku 2019\u00a0poprv\u00e9 spat\u0159il svou \u201esokyni\u201c na&hellip;\n","protected":false},"author":2,"featured_media":196837,"comment_status":"","ping_status":"","sticky":false,"template":"","format":"standard","meta":{"footnotes":"","_share_on_mastodon":"0"},"categories":[15],"tags":[45263,32520,3335,94,93,45262,5717,13910],"class_list":["post-196836","post","type-post","status-publish","format-standard","has-post-thumbnail","category-sport","tag-betty-urbanova-minarikova","tag-masterchef","tag-rodicovstvi","tag-sport","tag-sports","tag-vojtech-urban","tag-vychova","tag-zdrave-stravovani"],"share_on_mastodon":{"url":"https:\/\/pubeurope.com\/@cz\/117188344497055182","error":""},"_links":{"self":[{"href":"https:\/\/www.europesays.com\/cz\/wp-json\/wp\/v2\/posts\/196836","targetHints":{"allow":["GET"]}}],"collection":[{"href":"https:\/\/www.europesays.com\/cz\/wp-json\/wp\/v2\/posts"}],"about":[{"href":"https:\/\/www.europesays.com\/cz\/wp-json\/wp\/v2\/types\/post"}],"author":[{"embeddable":true,"href":"https:\/\/www.europesays.com\/cz\/wp-json\/wp\/v2\/users\/2"}],"replies":[{"embeddable":true,"href":"https:\/\/www.europesays.com\/cz\/wp-json\/wp\/v2\/comments?post=196836"}],"version-history":[{"count":0,"href":"https:\/\/www.europesays.com\/cz\/wp-json\/wp\/v2\/posts\/196836\/revisions"}],"wp:featuredmedia":[{"embeddable":true,"href":"https:\/\/www.europesays.com\/cz\/wp-json\/wp\/v2\/media\/196837"}],"wp:attachment":[{"href":"https:\/\/www.europesays.com\/cz\/wp-json\/wp\/v2\/media?parent=196836"}],"wp:term":[{"taxonomy":"category","embeddable":true,"href":"https:\/\/www.europesays.com\/cz\/wp-json\/wp\/v2\/categories?post=196836"},{"taxonomy":"post_tag","embeddable":true,"href":"https:\/\/www.europesays.com\/cz\/wp-json\/wp\/v2\/tags?post=196836"}],"curies":[{"name":"wp","href":"https:\/\/api.w.org\/{rel}","templated":true}]}}