{"id":196872,"date":"2026-08-31T05:33:13","date_gmt":"2026-08-31T05:33:13","guid":{"rendered":"https:\/\/www.europesays.com\/cz\/196872\/"},"modified":"2026-08-31T05:33:13","modified_gmt":"2026-08-31T05:33:13","slug":"stastne-pondeli-zakaz-vstupu-prazakum-nasli-jsme-nejstastnejsi-misto-v-cr","status":"publish","type":"post","link":"https:\/\/www.europesays.com\/cz\/196872\/","title":{"rendered":"\u0160\u0165astn\u00e9 pond\u011bl\u00ed: Z\u00e1kaz vstupu Pra\u017e\u00e1k\u016fm! Na\u0161li jsme nej\u0161\u0165astn\u011bj\u0161\u00ed m\u00edsto v\u00a0\u010cR"},"content":{"rendered":"<p class=\"e_bX\">Je to tak, po\u010d\u00ednaje dne\u0161n\u00edm dnem m\u016f\u017eete op\u011bt ka\u017ed\u00e9 pond\u011bl\u00ed sn\u00eddat se sv\u00fdm obl\u00edben\u00fdm satiricko-vzd\u011bl\u00e1vac\u00edm videopo\u0159adem. B\u0159itk\u00fd glos\u00e1tor Jind\u0159ich \u0160\u00eddlo a\u00a0jeho t\u00fdm jsou zp\u011bt, v\u00a0pln\u00e9 s\u00edle a\u00a0hlavn\u011b se spoustou novinek, kter\u00e9 v\u00e1s v\u00a0jeden\u00e1ct\u00e9 sezon\u011b \u010dekaj\u00ed. <\/p>\n<p class=\"e_bX\">A hned ta prvn\u00ed je opravdu velk\u00fdm krokem vp\u0159ed, p\u0159esn\u011bji \u0159e\u010deno krokem ven z\u00a0komfortu pra\u017esk\u00e9ho klimatizovan\u00e9ho studia &#8211; hl\u00e1\u0161ky a\u00a0hodnocen\u00ed sou\u010dasn\u00e9 politick\u00e9 situace v\u00a0pod\u00e1n\u00ed prot\u0159el\u00e9ho nar\u00e1tora \u0160\u00eddla budou mnohem \u010dast\u011bji zazn\u00edvat z\u00a0ter\u00e9nu, a\u00a0to z\u00a0m\u00edst daleko za kone\u010dnou metra nebo to\u010dnou tramvaje. A\u00a0co v\u00edc, dosud v\u00a0po\u0159adu fungoval jako z\u00e1sadn\u00ed odborn\u00edk pr\u00e1v\u011b Jind\u0159ich. V\u00a0nov\u00e9 sezon\u011b to bude st\u00e1le hlavn\u011b Jind\u0159ich, sv\u00e9 geni\u00e1ln\u00ed \u00favahy si ale mnohem \u010dast\u011bji nech\u00e1 odk\u00fdvat nez\u00e1visl\u00fdm odbornictvem.<\/p>\n<p class=\"e_bX\">Nejd\u016fle\u017eit\u011bj\u0161\u00ed novinkou ov\u0161em je, \u017ee \u0160\u0165astn\u00e9 pond\u011bl\u00ed chce zcela dost\u00e1t sv\u00e9mu n\u00e1zvu. A\u00a0tak m\u00edsto znechucen\u00ed, ba dokonce zd\u011b\u0161en\u00ed ze stavu \u010desk\u00e9 politiky, bude p\u0159in\u00e1\u0161et radost a\u00a0optimismus. A\u00a0hned v\u00a0prvn\u00edm d\u00edle z\u00a0m\u00edsta, kter\u00e9 na toto t\u00e9ma m\u00e1 hodn\u011b co \u0159\u00edct. M\u011bsto, kter\u00e9 se py\u0161n\u00ed osmi tituly v\u00a0sout\u011b\u017ei, kde se \u017eije nejl\u00e9pe.<\/p>\n<p class=\"e_bX\">Kam \u0161t\u00e1b \u0160\u0165astn\u00e9ho pond\u011bl\u00ed vyrazil? Jak\u00e9 je tajemstv\u00ed m\u00edsta, kde jsou lid\u00e9 nej\u0161\u0165astn\u011bj\u0161\u00ed? A\u00a0co by m\u011bli v\u00a0nadch\u00e1zej\u00edc\u00edch komun\u00e1ln\u00edch volb\u00e1ch sl\u00edbit ti, kte\u0159\u00ed cht\u011bj\u00ed na radnice? To v\u0161e uvid\u00edte ve zbrusu nov\u00e9m videu. <\/p>\n<p><img fetchpriority=\"high\" height=\"702\"   width=\"1600\" src=\"https:\/\/www.europesays.com\/cz\/wp-content\/uploads\/2026\/08\/stastne-pondeli.jpeg\" loading=\"eager\" decoding=\"sync\" class=\"e_aa e_Z\"\/>Foto: Seznam Zpr\u00e1vy<\/p>\n<p class=\"e_bX\">T\u00fdm \u0160\u0165astn\u00e9ho pond\u011bl\u00ed.<\/p>\n<p class=\"e_bX\">To nejd\u016fle\u017eit\u011bj\u0161\u00ed, nejstra\u0161ideln\u011bj\u0161\u00ed a\u00a0nejz\u00e1bavn\u011bj\u0161\u00ed z\u00a0\u010desk\u00e9 politick\u00e9 sc\u00e9ny. Satirick\u00fd po\u0159ad <a data-dot=\"atm-link\" target=\"_blank\" href=\"https:\/\/www.seznamzpravy.cz\/autor\/jindrich-sidlo-54\" class=\"e_n\" rel=\"nofollow noopener\">Jind\u0159icha \u0160\u00eddla<\/a> a\u00a0<a data-dot=\"atm-link\" target=\"_blank\" href=\"https:\/\/www.seznamzpravy.cz\/autor\/tym-stastneho-pondeli-877\" class=\"e_n\" rel=\"nofollow noopener\">jeho t\u00fdmu<\/a> o\u00a0ud\u00e1lostech uplynul\u00e9ho t\u00fddne, kter\u00e9 by nem\u011bly zapadnout.<\/p>\n","protected":false},"excerpt":{"rendered":"Je to tak, po\u010d\u00ednaje dne\u0161n\u00edm dnem m\u016f\u017eete op\u011bt ka\u017ed\u00e9 pond\u011bl\u00ed sn\u00eddat se sv\u00fdm obl\u00edben\u00fdm satiricko-vzd\u011bl\u00e1vac\u00edm videopo\u0159adem. B\u0159itk\u00fd glos\u00e1tor&hellip;\n","protected":false},"author":2,"featured_media":196873,"comment_status":"","ping_status":"","sticky":false,"template":"","format":"standard","meta":{"footnotes":"","_share_on_mastodon":"0"},"categories":[15],"tags":[25753,94,93,3901,3902],"class_list":["post-196872","post","type-post","status-publish","format-standard","has-post-thumbnail","category-sport","tag-ricany","tag-sport","tag-sports","tag-stastne-pondeli","tag-stastne-pondeli-ranni-verze"],"share_on_mastodon":{"url":"https:\/\/pubeurope.com\/@cz\/117188494055767050","error":""},"_links":{"self":[{"href":"https:\/\/www.europesays.com\/cz\/wp-json\/wp\/v2\/posts\/196872","targetHints":{"allow":["GET"]}}],"collection":[{"href":"https:\/\/www.europesays.com\/cz\/wp-json\/wp\/v2\/posts"}],"about":[{"href":"https:\/\/www.europesays.com\/cz\/wp-json\/wp\/v2\/types\/post"}],"author":[{"embeddable":true,"href":"https:\/\/www.europesays.com\/cz\/wp-json\/wp\/v2\/users\/2"}],"replies":[{"embeddable":true,"href":"https:\/\/www.europesays.com\/cz\/wp-json\/wp\/v2\/comments?post=196872"}],"version-history":[{"count":0,"href":"https:\/\/www.europesays.com\/cz\/wp-json\/wp\/v2\/posts\/196872\/revisions"}],"wp:featuredmedia":[{"embeddable":true,"href":"https:\/\/www.europesays.com\/cz\/wp-json\/wp\/v2\/media\/196873"}],"wp:attachment":[{"href":"https:\/\/www.europesays.com\/cz\/wp-json\/wp\/v2\/media?parent=196872"}],"wp:term":[{"taxonomy":"category","embeddable":true,"href":"https:\/\/www.europesays.com\/cz\/wp-json\/wp\/v2\/categories?post=196872"},{"taxonomy":"post_tag","embeddable":true,"href":"https:\/\/www.europesays.com\/cz\/wp-json\/wp\/v2\/tags?post=196872"}],"curies":[{"name":"wp","href":"https:\/\/api.w.org\/{rel}","templated":true}]}}