{"id":196922,"date":"2026-08-31T06:35:16","date_gmt":"2026-08-31T06:35:16","guid":{"rendered":"https:\/\/www.europesays.com\/cz\/196922\/"},"modified":"2026-08-31T06:35:16","modified_gmt":"2026-08-31T06:35:16","slug":"dva-chlapce-s-nimiz-boural-opily-trener-pustili-z-nemocnice-dalsi-jsou-na-jip","status":"publish","type":"post","link":"https:\/\/www.europesays.com\/cz\/196922\/","title":{"rendered":"Dva chlapce, s\u00a0nimi\u017e boural opil\u00fd tren\u00e9r, pustili z\u00a0nemocnice. Dal\u0161\u00ed jsou na JIP"},"content":{"rendered":"<p class=\"c_bB\">Na internetu se objevila spekulace, \u017ee nehoda m\u00e1 dal\u0161\u00ed d\u011btskou ob\u011b\u0165, nemocnice to ale vylou\u010dila. Naopak informovala o\u00a0propu\u0161t\u011bn\u00ed dvou chlapc\u016f. <\/p>\n<p class=\"c_bB\">\u201eDo dom\u00e1c\u00edho o\u0161et\u0159ov\u00e1n\u00ed byli propu\u0161t\u011bni dva chlapci, kte\u0159\u00ed byli hospitalizov\u00e1ni na klinice d\u011btsk\u00e9 chirurgie, ortopedie a\u00a0traumatologie,\u201c sd\u011blila Novink\u00e1m Lenka Martinkov\u00e1 z\u00a0tiskov\u00e9ho odd\u011blen\u00ed Fakultn\u00ed nemocnice Brno, pod kterou D\u011btsk\u00e1 nemocnice spad\u00e1.<\/p>\n<p class=\"c_bB\">Zbyl\u00ed dva chlapci, kte\u0159\u00ed le\u017eeli na klinice d\u011btsk\u00e9 anesteziologie a\u00a0resuscitace, byli podle Martinkov\u00e9 p\u0159elo\u017eeni na jednotku intenzivn\u00ed p\u00e9\u010de kliniky d\u011btsk\u00e9 chirurgie, ortopedie a\u00a0traumatologie. A\u010dkoliv se Martinkov\u00e1 k\u00a0jejich stavu nevyj\u00e1d\u0159ila, lze p\u0159edpokl\u00e1dat, \u017ee p\u0159esun byl mo\u017en\u00fd na z\u00e1klad\u011b zlep\u0161en\u00ed jejich stavu.<\/p>\n<p><a data-dot=\"atm-link\" target=\"_self\" href=\"https:\/\/www.novinky.cz\/clanek\/krimi-fotbalovy-trener-ktery-na-brnensku-boural-s-peti-detmi-a-jedno-zabil-nadychal-temer-4-promile-40594683\" class=\"c_I\" rel=\"nofollow noopener\"><img fetchpriority=\"high\" height=\"1080\" width=\"1920\" src=\"https:\/\/www.europesays.com\/cz\/wp-content\/uploads\/2026\/08\/1788158115_504_image.jpeg\" loading=\"eager\" decoding=\"sync\" class=\"c_t c_r\"\/><\/a><\/p>\n<p class=\"c_bB\">V nemocnici prozat\u00edm z\u016fst\u00e1v\u00e1 i\u00a0tren\u00e9r, kter\u00fd nehodu v\u00a0opilosti zp\u016fsobil. Mu\u017ei hroz\u00ed za usmrcen\u00ed z\u00a0nedbalosti a\u017e \u0161est let v\u011bzen\u00ed. Skutek by ale mohl b\u00fdt p\u0159ekvalifikovan\u00fd na jin\u00fd \u010din s\u00a0vy\u0161\u0161\u00ed trestn\u00ed sazbou.<\/p>\n<p class=\"c_bB\">Starosta St\u0159elic na Brn\u011bnsku, odkud je fotbalov\u00fd klub i\u00a0tren\u00e9r, vyzval ob\u010dany ke zdr\u017eenlivosti v\u00a0diskuz\u00edch t\u00fdkaj\u00edc\u00edch se ne\u0161t\u011bst\u00ed, o\u00a0ne\u0161\u00ed\u0159en\u00ed neov\u011b\u0159en\u00fdch informac\u00ed a\u00a0nep\u0159edj\u00edm\u00e1n\u00ed z\u00e1v\u011br\u016f vy\u0161et\u0159ov\u00e1n\u00ed. <\/p>\n<p class=\"c_bB\">\u201eOkolnosti nehody prov\u011b\u0159uje Policie \u010cesk\u00e9 republiky. Je d\u016fle\u017eit\u00e9, aby byly v\u0161echny okolnosti d\u016fkladn\u011b objasn\u011bny a\u00a0aby z\u00a0nich byly vyvozeny odpov\u00eddaj\u00edc\u00ed z\u00e1v\u011bry,\u201c uvedl starosta Ji\u0159\u00ed Va\u0161ul\u00edn na facebookov\u00fdch str\u00e1nk\u00e1ch obce.<\/p>\n<p class=\"c_bB\">Podle n\u011bj trag\u00e9die zas\u00e1hla celou obec a\u00a0lid\u00e9 by m\u011bli k\u00a0cel\u00e9 ud\u00e1losti p\u0159istupovat citliv\u011b se vz\u00e1jemnou \u00factou a\u00a0respektovat soukrom\u00ed v\u0161ech zasa\u017een\u00fdch rodin. \u201eOdpov\u011bdnost za jedn\u00e1n\u00ed konkr\u00e9tn\u00edho \u010dlov\u011bka nelze p\u0159en\u00e1\u0161et na jeho p\u0159\u00edbuzn\u00e9 ani dal\u0161\u00ed bl\u00edzk\u00e9 osoby, kter\u00e9 s\u00a0ud\u00e1lost\u00ed nemaj\u00ed nic spole\u010dn\u00e9ho. Vyvarujme se osobn\u00edch \u00fatok\u016f a\u00a0\u0161\u00ed\u0159en\u00ed informac\u00ed, kter\u00e9 mohou d\u00e1l zra\u0148ovat d\u011bti, poz\u016fstal\u00e9 a\u00a0jejich bl\u00edzk\u00e9,\u201c dodal starosta s\u00a0t\u00edm, \u017ee je pot\u0159eba se vz\u00e1jemn\u011b podpo\u0159it a\u00a0neobracet se proti lidem, kte\u0159\u00ed za ud\u00e1lost nenesou zodpov\u011bdnost.<\/p>\n<p class=\"c_bB\">Nehoda se stala ve st\u0159edu u\u00a0Doubravn\u00edku. Mal\u00ed fotbalist\u00e9 ze St\u0159elic m\u011bli nedaleko soust\u0159ed\u011bn\u00ed. Tren\u00e9r je pod vlivem alkoholu vezl na tr\u00e9nink. P\u0159i j\u00edzd\u011b nejprve p\u0159ejel do protism\u011bru a\u00a0pot\u00e9 vyjel mimo komunikaci, kde narazil do stromu. V\u00a0aut\u011b pro p\u011bt lid\u00ed vezl krom\u011b sebe p\u011bt d\u011bt\u00ed. Jedno d\u00edt\u011b zem\u0159elo na m\u00edst\u011b.<\/p>\n<p><a data-dot=\"atm-link\" target=\"_self\" href=\"https:\/\/www.novinky.cz\/clanek\/krimi-chodil-si-pro-vodku-i-trikrat-tydne-trener-ze-strelic-prozival-kvuli-alkoholu-zivotni-pad-40595001\" class=\"c_I\" rel=\"nofollow noopener\"><img height=\"1080\" width=\"1920\" src=\"https:\/\/www.europesays.com\/cz\/wp-content\/uploads\/2026\/08\/1788158116_356_nehoda.jpeg\" loading=\"eager\" decoding=\"sync\" class=\"c_t c_r\"\/><\/a><\/p>\n","protected":false},"excerpt":{"rendered":"Na internetu se objevila spekulace, \u017ee nehoda m\u00e1 dal\u0161\u00ed d\u011btskou ob\u011b\u0165, nemocnice to ale vylou\u010dila. Naopak informovala o\u00a0propu\u0161t\u011bn\u00ed&hellip;\n","protected":false},"author":2,"featured_media":196923,"comment_status":"","ping_status":"","sticky":false,"template":"","format":"standard","meta":{"footnotes":"","_share_on_mastodon":"0"},"categories":[7],"tags":[879,43,42,41,40,444,323,346],"class_list":["post-196922","post","type-post","status-publish","format-standard","has-post-thumbnail","category-cesko","tag-alkohol","tag-ceska-republika","tag-cesko","tag-czech-republic","tag-czechia","tag-deti","tag-dopravni-nehody","tag-nemocnice"],"share_on_mastodon":{"url":"https:\/\/pubeurope.com\/@cz\/117188737868071099","error":""},"_links":{"self":[{"href":"https:\/\/www.europesays.com\/cz\/wp-json\/wp\/v2\/posts\/196922","targetHints":{"allow":["GET"]}}],"collection":[{"href":"https:\/\/www.europesays.com\/cz\/wp-json\/wp\/v2\/posts"}],"about":[{"href":"https:\/\/www.europesays.com\/cz\/wp-json\/wp\/v2\/types\/post"}],"author":[{"embeddable":true,"href":"https:\/\/www.europesays.com\/cz\/wp-json\/wp\/v2\/users\/2"}],"replies":[{"embeddable":true,"href":"https:\/\/www.europesays.com\/cz\/wp-json\/wp\/v2\/comments?post=196922"}],"version-history":[{"count":0,"href":"https:\/\/www.europesays.com\/cz\/wp-json\/wp\/v2\/posts\/196922\/revisions"}],"wp:featuredmedia":[{"embeddable":true,"href":"https:\/\/www.europesays.com\/cz\/wp-json\/wp\/v2\/media\/196923"}],"wp:attachment":[{"href":"https:\/\/www.europesays.com\/cz\/wp-json\/wp\/v2\/media?parent=196922"}],"wp:term":[{"taxonomy":"category","embeddable":true,"href":"https:\/\/www.europesays.com\/cz\/wp-json\/wp\/v2\/categories?post=196922"},{"taxonomy":"post_tag","embeddable":true,"href":"https:\/\/www.europesays.com\/cz\/wp-json\/wp\/v2\/tags?post=196922"}],"curies":[{"name":"wp","href":"https:\/\/api.w.org\/{rel}","templated":true}]}}