{"id":196932,"date":"2026-08-31T06:46:12","date_gmt":"2026-08-31T06:46:12","guid":{"rendered":"https:\/\/www.europesays.com\/cz\/196932\/"},"modified":"2026-08-31T06:46:12","modified_gmt":"2026-08-31T06:46:12","slug":"slavia-prekvapila-cele-cesko-a-priske-priznal-v-jedne-veci-je-nejlepsi-v-evrope","status":"publish","type":"post","link":"https:\/\/www.europesays.com\/cz\/196932\/","title":{"rendered":"Slavia p\u0159ekvapila cel\u00e9 \u010cesko a\u00a0Priske p\u0159iznal: V\u00a0jedn\u00e9 v\u011bci je nejlep\u0161\u00ed v\u00a0Evrop\u011b"},"content":{"rendered":"<p>Kde tedy vid\u00edte hlavn\u00ed d\u016fvody nakonec jasn\u00e9 por\u00e1\u017eky?<\/p>\n<p class=\"b_bA\">Je to t\u011b\u017ek\u00fd den a\u00a0v\u00fdsledek pro n\u00e1s v\u0161echny, pro celou Spartu. Soupe\u0159 byl v\u00a0kl\u00ed\u010dov\u00fdch momentech lep\u0161\u00ed, dal t\u0159i g\u00f3ly a\u00a0my ani jeden.<\/p>\n<p>Adam Krabec zm\u00ednil, \u017ee v\u00e1m d\u011blal probl\u00e9m osobn\u00ed obrana Slavie, respektive jak jste nespr\u00e1vn\u011b nakl\u00e1dali s\u00a0voln\u00fdmi prostory, kter\u00e9 t\u00edm vznikaly.<\/p>\n<p class=\"b_bA\">To je asi nejt\u011b\u017e\u0161\u00ed \u010d\u00e1st z\u00e1pasu. Mus\u00edme zde Slavii vzd\u00e1t hold. Jsou v\u00a0tom nejlep\u0161\u00ed, a\u00a0to nejen v\u00a0lize, ale podle m\u011b v\u00a0cel\u00e9 Evrop\u011b. Nevid\u011bl jsem, \u017ee by jin\u00e9 t\u00fdmy hr\u00e1ly takov\u00fd fotbal sm\u011brem do defenzivy. A\u00a0je jedno, a\u0165 u\u017e jde o\u00a0vysok\u00fd presing, n\u00edzk\u00fd blok s\u00a0proti\u00fatoky, nebo \u010dist\u011b individu\u00e1ln\u00ed br\u00e1n\u011bn\u00ed. Up\u0159\u00edmn\u011b \u0159e\u010deno, v\u00a0jin\u00fdch lig\u00e1ch se to moc nevid\u00ed, a\u00a0Slavia je v\u00a0tom prost\u011b nejlep\u0161\u00ed. Te\u010f se rozhodli nasadit \u010dty\u0159i klasick\u00e9 stopery, kte\u0159\u00ed prost\u011b vy\u0159adili na\u0161i \u00fato\u010dnou trojici. Karabec hr\u00e1l jeden na jednoho proti Sad\u00edlkovi. Je to pro hr\u00e1\u010de obrovsk\u00e1 z\u00e1t\u011b\u017e\u00a0\u2013 neust\u00e1le p\u0159ij\u00edmaj\u00ed m\u00ed\u010d pod tlakem, ochr\u00e1nit si m\u00ed\u010d a\u00a0uvolnit se. N\u011bkdy tyto souboje vyhrajete, ale t\u0159eba jen t\u0159ikr\u00e1t z\u00a0deseti. Pak je pot\u0159eba situace vyu\u017e\u00edt a\u00a0b\u00fdt kvalitn\u00ed ve fin\u00e1ln\u00ed f\u00e1zi.<\/p>\n<p><a data-dot=\"atm-link\" target=\"_self\" href=\"https:\/\/www.sport.cz\/clanek\/fotbal-ceska-1-liga-neakceptovatelne-karabec-pojmenoval-duvody-proc-sparta-nezvladla-derby-5522623\" class=\"b_V g_ia\" rel=\"nofollow noopener\"><img fetchpriority=\"high\" height=\"2730\" width=\"3641\" src=\"https:\/\/www.europesays.com\/cz\/wp-content\/uploads\/2026\/08\/15dd.jpeg\" loading=\"eager\" decoding=\"sync\" class=\"b_B b_z\"\/><\/a>To v\u00e1m v\u00a0derby chyb\u011blo.<\/p>\n<p class=\"b_bA\">Mercado, Karabec, Eneme, Brunes, Alc\u00f3cer. Cel\u00fd t\u00fdden jsme se sna\u017eili kluky p\u0159ipravit na osobn\u00ed obranu a\u00a0mysl\u00edm, \u017ee si vedli dob\u0159e. Ale nakonec jsme stejn\u011b prohr\u00e1li 0:3.\u00a0Vytvo\u0159ili jsme si v\u00edce \u0161anc\u00ed ne\u017e Slavia, ale vid\u00edte v\u00fdsledek. To bol\u00ed. Je na mn\u011b a\u00a0n\u00e1s v\u0161ech, abychom se ujistili, \u017ee budeme lep\u0161\u00ed. Ale jak jsem \u0159ekl, Slavia je v\u00a0Evrop\u011b nejlep\u0161\u00ed v\u00a0tomhle druhu defenzivn\u00edho fotbalu. Nemysl\u00edm si, \u017ee byste vid\u011bli jin\u00e9 kluby hr\u00e1t nap\u0159\u00edklad se \u010dty\u0159mi st\u0159edn\u00edmi obr\u00e1nci. Je to f\u00e9r, vyhr\u00e1li zaslou\u017een\u011b. M\u00fdm \u00fakolem je te\u010f zajistit, abychom z\u00a0t\u011bch zb\u00fdvaj\u00edc\u00edch 87\u00a0bod\u016f v\u00a0lize nasb\u00edrali co nejv\u00edce. A\u00a0v\u00edm, \u017ee to dok\u00e1\u017eeme.<\/p>\n<p class=\"b_bA\">Sest\u0159ih z\u00e1pasu Sparta &#8211; SlaviaVideo: LFA<\/p>\n<p>Tak\u017ee v\u00e1s p\u0159ekvapila z\u00e1kladn\u00ed sestava Slavie?<\/p>\n<p class=\"b_bA\">Nejen m\u011b, ale celou republiku. Kdy\u017e jsme to vid\u011bli, v\u011bd\u011bli jsme, \u017ee se zm\u011bn\u00ed obr\u00e1zek hry. Nasadili \u010dty\u0159i stopery, hr\u00e1li defenzivn\u011bji a\u00a0\u010dekali na brejky. Bylo snadn\u00e9 poznat, jak bude utk\u00e1n\u00ed vypadat.<\/p>\n<p><a data-dot=\"atm-link\" target=\"_self\" href=\"https:\/\/www.sport.cz\/clanek\/fotbal-ceska-1-liga-vsadili-jsme-vic-na-defenzivu-priznal-trpisovsky-vypichl-prinos-provoda-5522698\" class=\"b_V g_ia\" rel=\"nofollow noopener\"><img height=\"2730\" width=\"3641\" src=\"https:\/\/www.europesays.com\/cz\/wp-content\/uploads\/2026\/08\/57cc.jpeg\" loading=\"eager\" decoding=\"sync\" class=\"b_B b_z\"\/><\/a>Ale st\u00e1le plat\u00ed, \u017ee s\u00a0rychl\u00fdmi proti\u00fatoky si moc nev\u00edte rady.<\/p>\n<p class=\"b_bA\">V\u017edy budou nebezpe\u010dn\u00e9. V\u00a0mnoha utk\u00e1n\u00edch dosavadn\u00edho pr\u016fb\u011bhu sezony jsme m\u011bli dr\u017een\u00ed m\u00ed\u010de p\u0159es 60\u00a0procent, tak\u017ee pak je logick\u00e9, \u017ee \u010del\u00edte proti\u00fatok\u016fm. Je to jeden z\u00a0element\u016f, kter\u00fd mus\u00edme zlep\u0161it. Souhlas\u00edm, \u017ee z\u00a0nich inkasujeme p\u0159\u00edli\u0161 mnoho.<\/p>\n<p>\u00dazemn\u00ed p\u0159evahu jste m\u011bli i\u00a0v derby. K\u00a0tomu v\u00edce roh\u016f, standardek, centr\u016f, n\u00e1st\u0159el\u016f. Co Spart\u011b chyb\u011blo?<\/p>\n<p class=\"b_bA\">Pot\u0159ebujete kvalitu a\u00a0mo\u017en\u00e1 i\u00a0trochu \u0161t\u011bst\u00ed. Asi 60kr\u00e1t jsme dostali m\u00ed\u010d do v\u00e1pna soupe\u0159e, ale kdy\u017e tam jsou \u010dty\u0159i stope\u0159i, dva st\u0159e\u010f\u00e1ci a\u00a0\u010dekaj\u00ed jen na balon, mus\u00edte b\u00fdt daleko p\u0159esn\u011bj\u0161\u00ed. Karabec m\u011bl \u0161anci, Brunes tak\u00e9, to bychom m\u011bli d\u00e1vat. Chyb\u011bla n\u00e1m i\u00a0kvalita ve standardk\u00e1ch. Je to krut\u00e9. Opravdu jsme ud\u011blali v\u0161e, abychom se do Slavie dostali, ale nepovedlo se. Nejv\u00edce m\u011b v\u0161ak mrz\u00ed t\u0159i snadno inkasovan\u00e9 branky.<\/p>\n<p><a data-dot=\"atm-link\" target=\"_self\" href=\"https:\/\/www.sport.cz\/clanek\/fotbal-ceska-1-liga-jeden-z-hrdinu-slavie-po-paradnim-derby-jeste-to-musim-vstrebat-5522422\" class=\"b_V g_ia\" rel=\"nofollow noopener\"><img height=\"2730\" width=\"3641\" src=\"https:\/\/www.europesays.com\/cz\/wp-content\/uploads\/2026\/08\/1788158771_554_f509.jpeg\" loading=\"eager\" decoding=\"sync\" class=\"b_B b_z\"\/><\/a>\u010cek\u00e1te v\u00edce od \u00fato\u010dn\u00edka Jonatana Brunese, jen\u017e krom\u011b debutu se Zl\u00ednem zat\u00edm st\u0159elecky ml\u010d\u00ed?<\/p>\n<p class=\"b_bA\">Nejen do n\u011bj, od v\u0161ech. Ve velk\u00fdch utk\u00e1n\u00edch jako derby pot\u0159ebujete od hr\u00e1\u010d\u016f n\u011bco extra. Bylo by snadn\u00e9 st\u0159\u00edlet do n\u011bj, mus\u00edme zohlednit, \u017ee hr\u00e1l cel\u00e9 utk\u00e1n\u00ed jeden proti dv\u011bma.<\/p>\n<p>Jen p\u00e1r dn\u00ed po p\u0159\u00edchodu dostal d\u016fv\u011bru v\u00a0z\u00e1kladu stoper Lo\u00efc Mbe Soh, pro\u010d?<\/p>\n<p class=\"b_bA\">M\u011bl velmi dobr\u00fd prvn\u00ed t\u00fdden. V\u017edy je to risk, kdy\u017e je s\u00a0t\u00fdmem kr\u00e1tce, nav\u00edc p\u0159i takov\u00e9m utk\u00e1n\u00ed, ale uk\u00e1zal siln\u00e9 str\u00e1nky. Je rychl\u00fd, fyzicky siln\u00fd, m\u00e1 klid na balonu. Nebylo to pro n\u011bj jednoduch\u00e9, ale podal slu\u0161n\u00fd v\u00fdkon. Mysl\u00edm, \u017ee v\u00a0dal\u0161\u00edch t\u00fddnech budeme celkov\u011b siln\u011bj\u0161\u00ed a\u00a0i Lo\u00efc uk\u00e1\u017ee, \u017ee je top hr\u00e1\u010d.<\/p>\n<p>V jak\u00e9m stavu je tedy k\u00e1dr hern\u011b i\u00a0person\u00e1ln\u011b?<\/p>\n<p class=\"b_bA\">V\u011b\u0159\u00edm, \u017ee je dostate\u010dn\u011b siln\u00fd a\u00a0schopn\u00fd bojovat o\u00a0titul, triumf v\u00a0MOL Cupu a\u00a0b\u00fdt konkurenceschopn\u00fd v\u00a0Evropsk\u00e9 lize.<\/p>\n<p><a data-dot=\"atm-link\" target=\"_self\" href=\"https:\/\/www.sport.cz\/clanek\/fotbal-ceska-1-liga-slavia-vyloupila-letnou-a-vratila-se-do-cela-ligy-5522325\" class=\"b_V g_ia\" rel=\"nofollow noopener\"><img height=\"1080\" width=\"1440\" src=\"https:\/\/www.europesays.com\/cz\/wp-content\/uploads\/2026\/08\/1788158772_771_grafika-derby-sparta-slavia.png\" loading=\"eager\" decoding=\"sync\" class=\"b_B b_z\"\/><\/a><\/p>\n","protected":false},"excerpt":{"rendered":"Kde tedy vid\u00edte hlavn\u00ed d\u016fvody nakonec jasn\u00e9 por\u00e1\u017eky? Je to t\u011b\u017ek\u00fd den a\u00a0v\u00fdsledek pro n\u00e1s v\u0161echny, pro celou&hellip;\n","protected":false},"author":2,"featured_media":196933,"comment_status":"","ping_status":"","sticky":false,"template":"","format":"standard","meta":{"footnotes":"","_share_on_mastodon":"0"},"categories":[10],"tags":[1198,30122,2201,1177,326,17,21,16,18,19,22,20],"class_list":["post-196932","post","type-post","status-publish","format-standard","has-post-thumbnail","category-zpravy","tag-ac-sparta-praha","tag-adam-karabec","tag-brian-priske","tag-chance-liga-fotbal","tag-fotbal","tag-headlines","tag-hlavni-udalosti","tag-news","tag-top-news","tag-top-stories","tag-udalosti-dne","tag-zpravy"],"share_on_mastodon":{"url":"https:\/\/pubeurope.com\/@cz\/117188780932667838","error":""},"_links":{"self":[{"href":"https:\/\/www.europesays.com\/cz\/wp-json\/wp\/v2\/posts\/196932","targetHints":{"allow":["GET"]}}],"collection":[{"href":"https:\/\/www.europesays.com\/cz\/wp-json\/wp\/v2\/posts"}],"about":[{"href":"https:\/\/www.europesays.com\/cz\/wp-json\/wp\/v2\/types\/post"}],"author":[{"embeddable":true,"href":"https:\/\/www.europesays.com\/cz\/wp-json\/wp\/v2\/users\/2"}],"replies":[{"embeddable":true,"href":"https:\/\/www.europesays.com\/cz\/wp-json\/wp\/v2\/comments?post=196932"}],"version-history":[{"count":0,"href":"https:\/\/www.europesays.com\/cz\/wp-json\/wp\/v2\/posts\/196932\/revisions"}],"wp:featuredmedia":[{"embeddable":true,"href":"https:\/\/www.europesays.com\/cz\/wp-json\/wp\/v2\/media\/196933"}],"wp:attachment":[{"href":"https:\/\/www.europesays.com\/cz\/wp-json\/wp\/v2\/media?parent=196932"}],"wp:term":[{"taxonomy":"category","embeddable":true,"href":"https:\/\/www.europesays.com\/cz\/wp-json\/wp\/v2\/categories?post=196932"},{"taxonomy":"post_tag","embeddable":true,"href":"https:\/\/www.europesays.com\/cz\/wp-json\/wp\/v2\/tags?post=196932"}],"curies":[{"name":"wp","href":"https:\/\/api.w.org\/{rel}","templated":true}]}}