{"id":196960,"date":"2026-08-31T07:12:07","date_gmt":"2026-08-31T07:12:07","guid":{"rendered":"https:\/\/www.europesays.com\/cz\/196960\/"},"modified":"2026-08-31T07:12:07","modified_gmt":"2026-08-31T07:12:07","slug":"honicka-s-gripeny-opil-se-ukradl-letadlo-a-vyrazil-k-jaderne-elektrarne-aktualne-cz","status":"publish","type":"post","link":"https:\/\/www.europesays.com\/cz\/196960\/","title":{"rendered":"Honi\u010dka s Gripeny: Opil se, ukradl letadlo a vyrazil k jadern\u00e9 elektr\u00e1rn\u011b \u2013 Aktu\u00e1ln\u011b.cz"},"content":{"rendered":"<p>Mlad\u00edk vnikl na leti\u0161t\u011b v m\u011bste\u010dku Kalocsa v ji\u017en\u00edm Ma\u010farsku v \u010dasn\u00fdch rann\u00edch hodin\u00e1ch. Ukradl lehk\u00fd civiln\u00ed rekrea\u010dn\u00ed letoun Cessna 172, kter\u00fd byl zabezpe\u010den a ukotven lany, je\u017e p\u0159i vzletu vytrhl ze zem\u011b. Odstartoval, ani\u017e by nav\u00e1zal jakoukoliv r\u00e1diovou komunikaci, a zam\u00ed\u0159il p\u0159\u00edmo k jadern\u00e9 elektr\u00e1rn\u011b Paks. O bizarn\u00edm incidentu informoval nap\u0159\u00edklad <a href=\"https:\/\/tvpworld.com\/95112828\/hungary-gripen-fighter-jets-scrambled-after-intoxicated-man-flies-close-to-nuclear-power-plant-in-stolen-plane\" target=\"_blank\" rel=\"nofollow noopener\">server TWP World<\/a>.<\/p>\n<p>Vzhledem k tomu, \u017ee vnikl do bezletov\u00e9 z\u00f3ny a neodpov\u00eddal na v\u00fdzvy \u0159\u00edzen\u00ed letov\u00e9ho provozu, byl vyhl\u00e1\u0161en poplach, jak ve sv\u00e9m p\u0159\u00edsp\u011bvku na Facebooku uvedl ma\u010farsk\u00fd ministr obrany Romulusz Ruszin-Szendi.<\/p>\n<p>Ma\u010farsk\u00e1 arm\u00e1da okam\u017eit\u011b vyslala dv\u011b st\u00edha\u010dky Saab JAS-39 Gripen ze z\u00e1kladny Kecskem\u00e9t, aby nezn\u00e1m\u00fd letoun zachytily a identifikovaly. Pilot po n\u011bkolika minut\u00e1ch s Cessnou tvrd\u011b p\u0159ist\u00e1l v slune\u010dnicov\u00e9m poli nedaleko obce Gerjen, kde se letadlo p\u0159evr\u00e1tilo a vylomilo podvozek. Podle jedn\u00e9 verze mu do\u0161lo palivo, podle druh\u00e9 nezvl\u00e1dl \u0159\u00edzen\u00ed.<\/p>\n<p>Pilot z vraku utekl a pokusil se ukr\u00e1st auto<\/p>\n<p>Arm\u00e1dn\u00ed st\u00edha\u010dky letoun ve vzduchu lokalizovaly a z\u016fstaly v oblasti, dokud nedorazil z\u00e1chran\u00e1\u0159sk\u00fd vrtuln\u00edk a pozemn\u00ed slo\u017eky integrovan\u00e9ho z\u00e1chrann\u00e9ho syst\u00e9mu, informoval ministr.<\/p>\n<p>Pilot z vraku vystoupil bez zran\u011bn\u00ed a pokusil se z m\u00edsta ut\u00e9ct. Podle ma\u010farsk\u00e9 policie si ho v\u0161iml kolemjedouc\u00ed \u0159idi\u010d, jak kr\u00e1\u010d\u00ed po silnici \u201eve zna\u010dn\u011b rozru\u0161en\u00e9m stavu\u201c. Mlad\u00edk auto stopnul, ale n\u00e1sledn\u011b se pokusil \u0159idi\u010di v\u016fz ukr\u00e1st a odjet. To se mu nepovedlo a byl z\u00e1hy zat\u010den polici\u00ed. Dechov\u00e1 zkou\u0161ka u n\u011bj potvrdila p\u0159\u00edtomnost alkoholu.<\/p>\n<p>Jadern\u00e1 elektr\u00e1rna Paks m\u00e1 zvl\u00e1\u0161tn\u00ed status ochrany. Civiln\u00edm letadl\u016fm je zak\u00e1z\u00e1no p\u0159ibl\u00ed\u017eit se k objektu na m\u00e9n\u011b ne\u017e 3,2 kilometru v letov\u00e9 v\u00fd\u0161ce pod 6 100 metr\u016f. Paks zaji\u0161\u0165uje v\u00fdrobu p\u0159ibli\u017en\u011b 50 procent ma\u010farsk\u00e9 elekt\u0159iny a b\u011bhem incidentu nebyla nijak po\u0161kozena.<\/p>\n","protected":false},"excerpt":{"rendered":"Mlad\u00edk vnikl na leti\u0161t\u011b v m\u011bste\u010dku Kalocsa v ji\u017en\u00edm Ma\u010farsku v \u010dasn\u00fdch rann\u00edch hodin\u00e1ch. Ukradl lehk\u00fd civiln\u00ed rekrea\u010dn\u00ed&hellip;\n","protected":false},"author":2,"featured_media":196961,"comment_status":"","ping_status":"","sticky":false,"template":"","format":"standard","meta":{"footnotes":"","_share_on_mastodon":"0"},"categories":[11],"tags":[3326,40789,3325,796,4102,4346,54,53,52],"class_list":["post-196960","post","type-post","status-publish","format-standard","has-post-thumbnail","category-svet","tag-cessna","tag-gripen","tag-letadlo","tag-madarsko","tag-nehoda","tag-pilot","tag-svet","tag-world","tag-world-news"],"share_on_mastodon":{"url":"https:\/\/pubeurope.com\/@cz\/117188883140692499","error":""},"_links":{"self":[{"href":"https:\/\/www.europesays.com\/cz\/wp-json\/wp\/v2\/posts\/196960","targetHints":{"allow":["GET"]}}],"collection":[{"href":"https:\/\/www.europesays.com\/cz\/wp-json\/wp\/v2\/posts"}],"about":[{"href":"https:\/\/www.europesays.com\/cz\/wp-json\/wp\/v2\/types\/post"}],"author":[{"embeddable":true,"href":"https:\/\/www.europesays.com\/cz\/wp-json\/wp\/v2\/users\/2"}],"replies":[{"embeddable":true,"href":"https:\/\/www.europesays.com\/cz\/wp-json\/wp\/v2\/comments?post=196960"}],"version-history":[{"count":0,"href":"https:\/\/www.europesays.com\/cz\/wp-json\/wp\/v2\/posts\/196960\/revisions"}],"wp:featuredmedia":[{"embeddable":true,"href":"https:\/\/www.europesays.com\/cz\/wp-json\/wp\/v2\/media\/196961"}],"wp:attachment":[{"href":"https:\/\/www.europesays.com\/cz\/wp-json\/wp\/v2\/media?parent=196960"}],"wp:term":[{"taxonomy":"category","embeddable":true,"href":"https:\/\/www.europesays.com\/cz\/wp-json\/wp\/v2\/categories?post=196960"},{"taxonomy":"post_tag","embeddable":true,"href":"https:\/\/www.europesays.com\/cz\/wp-json\/wp\/v2\/tags?post=196960"}],"curies":[{"name":"wp","href":"https:\/\/api.w.org\/{rel}","templated":true}]}}