{"id":196966,"date":"2026-08-31T07:20:20","date_gmt":"2026-08-31T07:20:20","guid":{"rendered":"https:\/\/www.europesays.com\/cz\/196966\/"},"modified":"2026-08-31T07:20:20","modified_gmt":"2026-08-31T07:20:20","slug":"do-kin-miri-zivotopisny-film-o-slavne-italske-automobilce-prvni-ukazka-vyvolava-otazniky","status":"publish","type":"post","link":"https:\/\/www.europesays.com\/cz\/196966\/","title":{"rendered":"Do kin m\u00ed\u0159\u00ed \u017eivotopisn\u00fd film o\u00a0slavn\u00e9 italsk\u00e9 automobilce. Prvn\u00ed uk\u00e1zka vyvol\u00e1v\u00e1 otazn\u00edky"},"content":{"rendered":"<p class=\"b_bs\">Spole\u010dnost Officine Alfieri Maserati zalo\u017eili v\u00a0roce 1914\u00a0brat\u0159i Maseratiov\u00e9, kte\u0159\u00ed se nejprve v\u011bnovali servisu a\u00a0\u00faprav\u00e1m z\u00e1vodn\u00edch voz\u016f a\u00a0a\u017e v\u00a0roce 1926\u00a0postavili cel\u00fd vlastn\u00ed automobil. A\u00a0pr\u00e1v\u011b o\u00a0historii t\u00e9to dnes <a data-dot=\"atm-link\" target=\"_blank\" href=\"https:\/\/www.garaz.cz\/clanek\/novinky-ze-sveta-automobilek-zachrana-skomirajici-znacky-maserati-prijde-z-ocekavatelneho-smeru-namluvy-uz-jsou-pry-v-plnem-proudu-21016992\" class=\"b_X\" rel=\"nofollow noopener\">finan\u010dn\u011b ztr\u00e1tov\u00e9 automobilky<\/a> pojedn\u00e1v\u00e1 sn\u00edmek Maserati: The Brothers, kter\u00fd m\u00ed\u0159\u00ed do kin.<\/p>\n<p><a data-dot=\"atm-link\" aria-hidden=\"true\" tabindex=\"-1\" href=\"https:\/\/www.garaz.cz\/clanek\/reportaze-mohl-to-byt-bijak-roku-ale-film-ferrari-nevyuzil-svuj-potencial-je-zdlouhavy-a-autickare-potesi-jen-castecne-21011670\" class=\"b_X o_g7\" rel=\"nofollow noopener\" target=\"_blank\"><img fetchpriority=\"high\" height=\"1080\"   width=\"1920\" src=\"https:\/\/www.europesays.com\/cz\/wp-content\/uploads\/2026\/08\/film-ferrari-enzo.jpeg\" loading=\"eager\" decoding=\"sync\" class=\"b_D b_B\"\/><\/a><\/p>\n<p class=\"b_bs\">Venku je prozat\u00edm prvn\u00ed uk\u00e1zka a\u00a0tak\u00e9 zn\u00e1me jm\u00e9na herc\u016f, kde jsou i\u00a0velmi zvu\u010dn\u00e9 osobnosti. Hlavn\u00ed role si st\u0159ihli nap\u0159\u00edklad Anthony Hopkins, Jessica Alba, Andy Garcia, Michele Morrone, Al Pacino a\u00a0Matteo Bassi.<\/p>\n<p class=\"b_bs\">Producenti filmu u\u017e maj\u00ed za sebou sn\u00edmky Ferrari a\u00a0Lamborghini, proto lze p\u0159edpokl\u00e1dat, \u017ee i\u00a0Maserati bude v\u00a0podobn\u00e9m stylu.<\/p>\n<p class=\"b_bs\">Kr\u00e1tk\u00fd trailer ukazuje, \u017ee film nebude jen o\u00a0autech, ale tak\u00e9 o\u00a0mezilidsk\u00fdch vztaz\u00edch i\u00a0touze zv\u00edt\u011bzit ve slavn\u00fdch z\u00e1vodech, jak\u00fdmi tehdy byly Targa Florio, Monza nebo Indy 500.<\/p>\n<p class=\"b_bs\">Pochopiteln\u011b dojde i\u00a0na akci, n\u011bkter\u00e9 dynamick\u00e9 z\u00e1b\u011bry v\u0161ak p\u016fsob\u00ed p\u0159\u00edli\u0161 um\u011ble a\u00a0nerealisticky, co\u017e byla i\u00a0bol\u00edstka <a data-dot=\"atm-link\" target=\"_blank\" href=\"https:\/\/www.garaz.cz\/clanek\/reportaze-mohl-to-byt-bijak-roku-ale-film-ferrari-nevyuzil-svuj-potencial-je-zdlouhavy-a-autickare-potesi-jen-castecne-21011670\" class=\"b_X\" rel=\"nofollow noopener\">filmu Ferrari<\/a>.<\/p>\n<p class=\"b_bs\">Datum uveden\u00ed v\u00a0\u010cesku nen\u00ed zn\u00e1m\u00e9, sn\u00edmek zat\u00edm prozrazuje klasick\u00e9 \u201ecoming soon\u201c, tedy ji\u017e brzy. Jsme tak celkem zv\u011bdav\u00ed, ov\u0161em po zhl\u00e9dnut\u00ed uk\u00e1zky se trochu boj\u00edme o\u00a0kvalitu speci\u00e1ln\u00edch efekt\u016f a\u00a0z\u00e1vod\u016f\u2026<\/p>\n<p><a data-dot=\"atm-link\" aria-hidden=\"true\" tabindex=\"-1\" href=\"https:\/\/www.garaz.cz\/clanek\/novinky-jeden-z-nejuspesnejsich-filmu-lonskeho-roku-s-bradem-pittem-dostane-pokracovani-a-opet-v-tom-bude-mit-prsty-lewis-hamilton-21016466\" class=\"b_X o_g7\" rel=\"nofollow noopener\" target=\"_blank\"><img height=\"1075\"   width=\"1911\" src=\"https:\/\/www.europesays.com\/cz\/wp-content\/uploads\/2026\/08\/film-f1-brad-pitt.jpeg\" loading=\"eager\" decoding=\"sync\" class=\"b_D b_B\"\/><\/a><\/p>\n","protected":false},"excerpt":{"rendered":"Spole\u010dnost Officine Alfieri Maserati zalo\u017eili v\u00a0roce 1914\u00a0brat\u0159i Maseratiov\u00e9, kte\u0159\u00ed se nejprve v\u011bnovali servisu a\u00a0\u00faprav\u00e1m z\u00e1vodn\u00edch voz\u016f a\u00a0a\u017e v\u00a0roce&hellip;\n","protected":false},"author":2,"featured_media":196967,"comment_status":"","ping_status":"","sticky":false,"template":"","format":"standard","meta":{"footnotes":"","_share_on_mastodon":"0"},"categories":[14],"tags":[79,1093,7544,80],"class_list":["post-196966","post","type-post","status-publish","format-standard","has-post-thumbnail","category-zabava","tag-entertainment","tag-filmy","tag-maserati","tag-zabava"],"share_on_mastodon":{"url":"https:\/\/pubeurope.com\/@cz\/117188914357233969","error":""},"_links":{"self":[{"href":"https:\/\/www.europesays.com\/cz\/wp-json\/wp\/v2\/posts\/196966","targetHints":{"allow":["GET"]}}],"collection":[{"href":"https:\/\/www.europesays.com\/cz\/wp-json\/wp\/v2\/posts"}],"about":[{"href":"https:\/\/www.europesays.com\/cz\/wp-json\/wp\/v2\/types\/post"}],"author":[{"embeddable":true,"href":"https:\/\/www.europesays.com\/cz\/wp-json\/wp\/v2\/users\/2"}],"replies":[{"embeddable":true,"href":"https:\/\/www.europesays.com\/cz\/wp-json\/wp\/v2\/comments?post=196966"}],"version-history":[{"count":0,"href":"https:\/\/www.europesays.com\/cz\/wp-json\/wp\/v2\/posts\/196966\/revisions"}],"wp:featuredmedia":[{"embeddable":true,"href":"https:\/\/www.europesays.com\/cz\/wp-json\/wp\/v2\/media\/196967"}],"wp:attachment":[{"href":"https:\/\/www.europesays.com\/cz\/wp-json\/wp\/v2\/media?parent=196966"}],"wp:term":[{"taxonomy":"category","embeddable":true,"href":"https:\/\/www.europesays.com\/cz\/wp-json\/wp\/v2\/categories?post=196966"},{"taxonomy":"post_tag","embeddable":true,"href":"https:\/\/www.europesays.com\/cz\/wp-json\/wp\/v2\/tags?post=196966"}],"curies":[{"name":"wp","href":"https:\/\/api.w.org\/{rel}","templated":true}]}}