{"id":197126,"date":"2026-08-31T09:47:15","date_gmt":"2026-08-31T09:47:15","guid":{"rendered":"https:\/\/www.europesays.com\/cz\/197126\/"},"modified":"2026-08-31T09:47:15","modified_gmt":"2026-08-31T09:47:15","slug":"jaroslav-plesl-a-josef-carda-jako-ferda-mravenec-a-brouk-pytlik-ct-prichazi-s-novym-vecernickem","status":"publish","type":"post","link":"https:\/\/www.europesays.com\/cz\/197126\/","title":{"rendered":"Jaroslav Plesl a\u00a0Josef Carda jako Ferda Mravenec a\u00a0Brouk Pytl\u00edk. \u010cT p\u0159ich\u00e1z\u00ed s\u00a0nov\u00fdm ve\u010dern\u00ed\u010dkem"},"content":{"rendered":"<p class=\"c_bB\">P\u0159\u00edhody Brouka Pytl\u00edka a\u00a0Ferdy Mravence nato\u010dil re\u017eis\u00e9r David S\u00fakup. Technologie reli\u00e9fn\u00ed poloplastick\u00e9 loutky by m\u011bla podle tv\u016frc\u016f p\u0159ipom\u00ednat v\u00fdtvarn\u00fd rukopis Ond\u0159eje Sekory (1899-1967). \u201eVe v\u011bt\u0161in\u011b kn\u00ed\u017eek vystupuj\u00ed Ferda a\u00a0Pytl\u00edk odd\u011blen\u011b, ale scen\u00e1ristovi Michalu \u010cunderlemu se kr\u00e1sn\u011b poda\u0159ilo ud\u011blat z\u00a0Ferdy a\u00a0Pytl\u00edka dvojici,\u201c uvedl David S\u00fakup. <\/p>\n<p class=\"c_bB\">\u201ePytl\u00edk je popleta, kter\u00fd to mysl\u00ed dob\u0159e, ale ne v\u017edy to dob\u0159e skon\u010d\u00ed, a\u00a0Ferda je ta klidn\u00e1 s\u00edla, kter\u00e1 nakonec v\u0161e v\u00a0dobr\u00e9 obr\u00e1t\u00ed. P\u0159\u00edb\u011bhy jsou d\u00edky tomu, \u017ee do nich zasahuj\u00ed oba dva, mnohem z\u00e1bavn\u011bj\u0161\u00ed a\u00a0vrstevnat\u011bj\u0161\u00ed,\u201c doplnil. <\/p>\n<p class=\"c_bB\">Ferda Mravenec a\u00a0jeho souputn\u00edk Brouk Pytl\u00edk, rod\u00e1k z\u00a0biografu, kter\u00fd v\u0161echno zn\u00e1 a\u00a0v\u0161emu rozum\u00ed, budou v\u00a0nov\u00e9m animovan\u00e9m seri\u00e1lu mluvit hlasy Jaroslava Plesla a\u00a0Josefa Cardy.<\/p>\n<p><a data-dot=\"atm-link\" target=\"_self\" href=\"https:\/\/www.novinky.cz\/clanek\/koktejl-ferda-mravenec-ma-v-brne-svou-ulicku-mel-by-ji-dostat-i-pytlik-40536541\" class=\"c_I\" rel=\"nofollow noopener\"><img fetchpriority=\"high\" height=\"946\" width=\"1681\" src=\"https:\/\/www.europesays.com\/cz\/wp-content\/uploads\/2026\/08\/ferda-mravenec-brno.jpeg\" loading=\"eager\" decoding=\"sync\" class=\"c_t c_r\"\/><\/a>Ferdovo stolet\u00ed<\/p>\n<p class=\"c_bB\">Slavn\u00e1 a\u00a0obl\u00edben\u00e1 postavi\u010dka \u0161ikovn\u00e9ho mravence Ferdy se objevila v\u00a0novoro\u010dn\u00edm \u010d\u00edsle Lidov\u00fdch novin v\u00a0roce 1933.\u00a0Na spodn\u00edm okraji jedn\u00e9 strany se kr\u010dilo \u0161est pol\u00ed\u010dek, na kter\u00fdch se mravenec s\u00a0punt\u00edkat\u00fdm \u0161\u00e1tkem na krku sna\u017eil skr\u00fdt p\u0159ed pro n\u011bj obrovsk\u00fdmi de\u0161\u0165ov\u00fdmi kapkami. Nakonec na\u0161el \u00fakryt v\u00a0opu\u0161t\u011bn\u00e9 \u0161ne\u010d\u00ed ulit\u011b.<\/p>\n<p class=\"c_bB\">Nebylo to ale \u00fapln\u011b poprv\u00e9, co milovn\u00edk p\u0159\u00edrody a\u00a0sportu a\u00a0propag\u00e1tor ragby Sekora podobn\u00e9ho mravence publikoval. P\u0159edobraz Ferdy, je\u0161t\u011b bez \u0161\u00e1tku, se objevil u\u017e v\u00a0\u010dervnu 1927\u00a0v\u00a0\u010dasopise Pestr\u00fd t\u00fdden. Pozd\u011bji Sekora jeho p\u0159\u00edb\u011bhy p\u0159evedl do obr\u00e1zkov\u00fdch knih.<\/p>\n<p><img height=\"1247\"   width=\"2000\" src=\"https:\/\/www.europesays.com\/cz\/wp-content\/uploads\/2026\/08\/1788169634_626_televize-ceska-televize.jpeg\" loading=\"eager\" decoding=\"sync\" class=\"c_t c_r\"\/>Foto: \u010cT<\/p>\n<p class=\"c_bB\">Brouk Pytl\u00edk je i\u00a0v\u00a0nov\u00e9m ve\u010dern\u00ed\u010dku v\u0161ezn\u00e1lkem a\u00a0v\u0161eum\u011blem, kter\u00fd toho v\u00edc pokaz\u00ed, ne\u017e p\u0159ivede ke zd\u00e1rn\u00e9mu konci.<\/p>\n<p class=\"c_bB\">Prvn\u00ed vy\u0161la roku 1936\u00a0a\u00a0Ferda se v\u00a0n\u00ed potkal pr\u00e1v\u011b s\u00a0Broukem Pytl\u00edkem. Dal\u0161\u00ed kn\u00ed\u017eky, Ferda v\u00a0ciz\u00edch slu\u017eb\u00e1ch a\u00a0Ferda v\u00a0mraveni\u0161ti, pak n\u00e1sledovaly s\u00a0ro\u010dn\u00edm odstupem a\u00a0vych\u00e1zej\u00ed dodnes, a\u00a0to jako trilogie nazvan\u00e1 Kn\u00ed\u017eka Ferdy Mravence. Sou\u010dasn\u00e1 verze se ale od t\u00e9 p\u0159edv\u00e1le\u010dn\u00e9 docela podstatn\u011b li\u0161\u00ed, Sekora toti\u017e p\u0159\u00edb\u011bhy koncem roku 1958\u00a0p\u0159ed\u011blal.<\/p>\n<p class=\"c_bB\">Sekora, a\u010d kv\u016fli \u017eidovsk\u00e9mu p\u016fvodu sv\u00e9 \u017eeny str\u00e1vil konec v\u00e1lky v\u00a0nacistick\u00fdch pracovn\u00edch t\u00e1borech, poslal po roce 1948\u00a0mravence budovat nov\u00fd spole\u010densk\u00fd \u0159\u00e1d. D\u016fkazem jsou tituly Ferda Mravenec ni\u010d\u00ed \u0161k\u016fdce p\u0159\u00edrody (1951), kde se Sekor\u016fv hrdina vypo\u0159\u00e1dal i\u00a0s \u201eamerick\u00fdm broukem\u201c mandelinkou bramborovou. <\/p>\n<p class=\"c_bB\">P\u0159esto ale zna\u010dn\u00e1 \u010d\u00e1st Sekorova d\u00edla, nejen mraven\u010d\u00ed p\u0159\u00edb\u011bhy, dodnes pat\u0159\u00ed k\u00a0tomu nejobl\u00edben\u011bj\u0161\u00edmu, co v\u00a0\u010desk\u00e9 literatu\u0159e pro d\u011bti vzniklo. Samotn\u00fd Ferda se u\u017e ve 40.\u00a0letech objevil ve filmu, loutk\u00e1m tehdy vdechla \u017eivot Herm\u00edna T\u00fdrlov\u00e1.<\/p>\n<p><img height=\"1306\"   width=\"2100\" src=\"https:\/\/www.europesays.com\/cz\/wp-content\/uploads\/2026\/08\/1788169635_681_televize-ceska-televize.jpeg\" loading=\"eager\" decoding=\"sync\" class=\"c_t c_r\"\/>Foto: \u010cT<\/p>\n<p class=\"c_bB\">V nov\u00e9m ve\u010dern\u00edku o\u00a0Ferdovi Mravenci nechyb\u00ed v\u011b\u010dn\u011b nespokojen\u00e1 Beru\u0161ka.<\/p>\n<p><a data-dot=\"atm-link\" target=\"_self\" href=\"https:\/\/www.novinky.cz\/clanek\/kultura-ferda-mravenec-tesinskeho-divadla-slavi-vyznamne-jubileum-chysta-se-700-repriza-40562724\" class=\"c_I\" rel=\"nofollow noopener\"><img height=\"675\" width=\"1200\" src=\"https:\/\/www.europesays.com\/cz\/wp-content\/uploads\/2026\/08\/ferda-mravenec.jpeg\" loading=\"eager\" decoding=\"sync\" class=\"c_t c_r\"\/><\/a><\/p>\n","protected":false},"excerpt":{"rendered":"P\u0159\u00edhody Brouka Pytl\u00edka a\u00a0Ferdy Mravence nato\u010dil re\u017eis\u00e9r David S\u00fakup. Technologie reli\u00e9fn\u00ed poloplastick\u00e9 loutky by m\u011bla podle tv\u016frc\u016f p\u0159ipom\u00ednat&hellip;\n","protected":false},"author":2,"featured_media":197127,"comment_status":"","ping_status":"","sticky":false,"template":"","format":"standard","meta":{"footnotes":"","_share_on_mastodon":"0"},"categories":[14],"tags":[12304,48,79,34053,9248,3833,47,810,80],"class_list":["post-197126","post","type-post","status-publish","format-standard","has-post-thumbnail","category-zabava","tag-animovane-filmy","tag-ceska-televize-ct","tag-entertainment","tag-ferda-mravenec","tag-jaroslav-plesl","tag-josef-carda","tag-televize","tag-televizni-serialy","tag-zabava"],"share_on_mastodon":{"url":"https:\/\/pubeurope.com\/@cz\/117189492826949457","error":""},"_links":{"self":[{"href":"https:\/\/www.europesays.com\/cz\/wp-json\/wp\/v2\/posts\/197126","targetHints":{"allow":["GET"]}}],"collection":[{"href":"https:\/\/www.europesays.com\/cz\/wp-json\/wp\/v2\/posts"}],"about":[{"href":"https:\/\/www.europesays.com\/cz\/wp-json\/wp\/v2\/types\/post"}],"author":[{"embeddable":true,"href":"https:\/\/www.europesays.com\/cz\/wp-json\/wp\/v2\/users\/2"}],"replies":[{"embeddable":true,"href":"https:\/\/www.europesays.com\/cz\/wp-json\/wp\/v2\/comments?post=197126"}],"version-history":[{"count":0,"href":"https:\/\/www.europesays.com\/cz\/wp-json\/wp\/v2\/posts\/197126\/revisions"}],"wp:featuredmedia":[{"embeddable":true,"href":"https:\/\/www.europesays.com\/cz\/wp-json\/wp\/v2\/media\/197127"}],"wp:attachment":[{"href":"https:\/\/www.europesays.com\/cz\/wp-json\/wp\/v2\/media?parent=197126"}],"wp:term":[{"taxonomy":"category","embeddable":true,"href":"https:\/\/www.europesays.com\/cz\/wp-json\/wp\/v2\/categories?post=197126"},{"taxonomy":"post_tag","embeddable":true,"href":"https:\/\/www.europesays.com\/cz\/wp-json\/wp\/v2\/tags?post=197126"}],"curies":[{"name":"wp","href":"https:\/\/api.w.org\/{rel}","templated":true}]}}