{"id":197208,"date":"2026-08-31T10:54:14","date_gmt":"2026-08-31T10:54:14","guid":{"rendered":"https:\/\/www.europesays.com\/cz\/197208\/"},"modified":"2026-08-31T10:54:14","modified_gmt":"2026-08-31T10:54:14","slug":"u-prahy-zacne-fungovat-stacionar-pomuze-nactiletym-v-boji-s-depresivnimi-stavy","status":"publish","type":"post","link":"https:\/\/www.europesays.com\/cz\/197208\/","title":{"rendered":"U Prahy za\u010dne fungovat stacion\u00e1\u0159, pom\u016f\u017ee n\u00e1ctilet\u00fdm v\u00a0boji s\u00a0depresivn\u00edmi stavy"},"content":{"rendered":"<p class=\"e_bX\">N\u00e1rodn\u00ed \u00fastav du\u0161evn\u00edho zdrav\u00ed (NUDZ) p\u0159\u00ed\u0161t\u00ed rok v\u00a0lednu otev\u0159e v\u00a0Klecanech u\u00a0Prahy stacion\u00e1\u0159 pro n\u00e1ctilet\u00e9. Terapie pomohou nap\u0159\u00edklad s\u00a0\u00fazkostmi, depresivn\u00edmi stavy nebo mlad\u00fdm lidem, kte\u0159\u00ed se pot\u00fdkaj\u00ed se sebepo\u0161kozov\u00e1n\u00edm. Zam\u011b\u0159\u00ed se i\u00a0na dal\u0161\u00ed du\u0161evn\u00ed obt\u00ed\u017ee. <\/p>\n<p class=\"e_bX\">P\u00e9\u010di poskytne zdarma. Kapacita stacion\u00e1\u0159e bude zhruba 200\u00a0klient\u016f ro\u010dn\u011b, z\u00e1jemci se mohou hl\u00e1sit na <a data-dot=\"atm-link\" target=\"_blank\" rel=\"noopener nofollow\" href=\"https:\/\/www.research.net\/r\/prihlaska-as-nudz\" class=\"e_n\">webu<\/a>, informoval v\u00a0pond\u011bl\u00ed \u010cTK v\u00a0tiskov\u00e9 zpr\u00e1v\u011b mluv\u010d\u00ed NUDZ Jan \u010cervenka.<\/p>\n<p class=\"e_bX\">\u201eSou\u010dasn\u00fd stav psychick\u00e9ho zdrav\u00ed u\u00a0d\u011bt\u00ed a\u00a0adolescent\u016f je natolik kritick\u00fd, \u017ee vy\u017eaduje rychl\u00e9 zav\u00e1d\u011bn\u00ed inovativn\u00edch a\u00a0vysoce efektivn\u00edch slu\u017eeb. Nov\u00e9 pracovi\u0161t\u011b pro adolescenty je unik\u00e1tn\u00ed v\u00a0tom, \u017ee c\u00edl\u00ed na zaveden\u00ed modern\u00ed l\u00e9\u010dby, kter\u00e1 nevy\u017eaduje hospitalizaci a\u00a0umo\u017e\u0148uje dokonce sou\u010dasnou doch\u00e1zku do \u0161koly,\u201c \u0159ekl \u0159editel NUDZ Ji\u0159\u00ed Hor\u00e1\u010dek.<\/p>\n<p class=\"e_bX\">Stacion\u00e1\u0159 bude ur\u010den\u00fd pro dosp\u00edvaj\u00edc\u00ed od 14\u00a0do 18\u00a0let. \u201eProgram adolescentn\u00ed psychoterapeutick\u00e9 p\u00e9\u010de je ur\u010den dosp\u00edvaj\u00edc\u00edm lidem s\u00a0r\u016fzn\u00fdmi typy du\u0161evn\u00edch obt\u00ed\u017e\u00ed, kter\u00e9 v\u00fdznamn\u011b zasahuj\u00ed do jejich ka\u017edodenn\u00edho \u017eivota, vztah\u016f, \u0161koly nebo fungov\u00e1n\u00ed v\u00a0rodin\u011b,\u201c uvedla vedouc\u00ed adolescentn\u00edho stacion\u00e1\u0159e NUDZ, psycholo\u017eka Eva Dreyfus.<\/p>\n<p><a data-dot=\"mol-article-card-media\" aria-hidden=\"true\" tabindex=\"-1\" href=\"https:\/\/www.seznamzpravy.cz\/clanek\/audio-podcast-ve-vate-poslednich-18-let-zivota-by-se-nemelo-volit-rika-investor-dejcmar-313072\" class=\"e_n f_l8\" rel=\"nofollow noopener\" target=\"_blank\"><img fetchpriority=\"high\" height=\"1687\"   width=\"3000\" src=\"https:\/\/www.europesays.com\/cz\/wp-content\/uploads\/2026\/08\/1788173653_476_ee3e.jpeg\" loading=\"eager\" decoding=\"sync\" class=\"e_aa e_Z\"\/><\/a><\/p>\n<p class=\"e_bX\">P\u00e9\u010de potrv\u00e1 14\u00a0t\u00fddn\u016f a\u00a0zahrne skupinovou a\u00a0tak\u00e9 individu\u00e1ln\u00ed terapii. P\u0159ihl\u00e1\u0161ky posoud\u00ed odborn\u00fd t\u00fdm stacion\u00e1\u0159e NUDZ, vhodn\u00e9 z\u00e1jemce pozve do 30\u00a0dn\u016f na vstupn\u00ed pohovor.<\/p>\n<p class=\"e_bX\">Dosp\u00edvaj\u00edc\u00edm poslou\u017e\u00ed dva programy: Dialektick\u00e1 behavior\u00e1ln\u00ed terapie pro adolescenty (DBT-A) a\u00a0program vych\u00e1zej\u00edc\u00ed z\u00a0princip\u016f kognitivn\u011b-behavior\u00e1ln\u00ed terapie (UP-A). Sou\u010d\u00e1st\u00ed DBT-A je tak\u00e9 telefonick\u00fd kou\u010dink mezi sezen\u00edmi a\u00a0rodi\u010dovsk\u00e9 skupiny, kter\u00e9 podporuj\u00ed zapojen\u00ed rodiny do terapeutick\u00e9ho procesu.<\/p>\n<p class=\"e_bX\">Program DBT-A pom\u00e1h\u00e1 mimo jin\u00e9 se zvl\u00e1dnut\u00edm emoc\u00ed, impulzivn\u00edm jedn\u00e1n\u00edm, sebepo\u0161kozov\u00e1n\u00edm nebo jin\u00fdm krizov\u00fdm chov\u00e1n\u00edm a\u00a0n\u00e1ro\u010dn\u00fdmi vztahy. \u201eProgram nen\u00ed zam\u011b\u0159en pouze na jednu konkr\u00e9tn\u00ed diagn\u00f3zu, ale na obt\u00ed\u017ee spojen\u00e9 p\u0159edev\u0161\u00edm s\u00a0regulac\u00ed emoc\u00ed a\u00a0chov\u00e1n\u00ed, kter\u00e9 se mohou objevovat u\u00a0r\u016fzn\u00fdch du\u0161evn\u00edch obt\u00ed\u017e\u00ed,\u201c doplnila Eva Dreyfus.<\/p>\n<p class=\"e_bX\">Program UP-A je ur\u010den\u00fd dosp\u00edvaj\u00edc\u00edm s\u00a0r\u016fzn\u00fdmi emo\u010dn\u00edmi obt\u00ed\u017eemi, nap\u0159\u00edklad s\u00a0\u00fazkostn\u00fdmi a\u00a0depresivn\u00edmi pot\u00ed\u017eemi, panick\u00fdmi p\u0159\u00edznaky a\u00a0podobn\u011b. Jeho c\u00edlem je podle vedouc\u00ed stacion\u00e1\u0159e pomoci dosp\u00edvaj\u00edc\u00edm l\u00e9pe porozum\u011bt vlastn\u00edm emo\u010dn\u00edm reakc\u00edm a\u00a0postupn\u011b rozv\u00edjet funk\u010dn\u011bj\u0161\u00ed zp\u016fsoby, jak n\u00e1ro\u010dn\u00e9 emoce a\u00a0situace zvl\u00e1dat.<\/p>\n<p class=\"e_bX\">Provoz stacion\u00e1\u0159e podpo\u0159ily evropsk\u00e9 dotace, vybaven\u00ed a\u00a0vzd\u011bl\u00e1v\u00e1n\u00ed terapeutick\u00e9ho t\u00fdmu zajistil dar Nada\u010dn\u00edho fondu Kapka Nad\u011bje.<\/p>\n<p><a data-dot=\"mol-article-card-media\" aria-hidden=\"true\" tabindex=\"-1\" href=\"https:\/\/www.seznamzpravy.cz\/clanek\/kampus-novy-vychovny-trend-fafo-je-hitem-internetu-psychologove-jsou-ale-opatrni-313335\" class=\"e_n f_l8\" rel=\"nofollow noopener\" target=\"_blank\"><img height=\"2284\"   width=\"4061\" src=\"https:\/\/www.europesays.com\/cz\/wp-content\/uploads\/2026\/08\/fafo-dite-louze.jpeg\" loading=\"eager\" decoding=\"sync\" class=\"e_aa e_Z\"\/><\/a><a data-dot=\"mol-article-card-media\" aria-hidden=\"true\" tabindex=\"-1\" href=\"https:\/\/www.seznamzpravy.cz\/clanek\/porady-ve-stinu-k-otci-nechceme-a-maminku-kvuli-tomu-stihaji-pisi-deti-politikum-313892\" class=\"e_n f_l8\" rel=\"nofollow noopener\" target=\"_blank\"><img height=\"1080\"   width=\"1920\" src=\"https:\/\/www.europesays.com\/cz\/wp-content\/uploads\/2026\/08\/1788173654_915_ve-stinu.jpeg\" loading=\"eager\" decoding=\"sync\" class=\"e_aa e_Z\"\/><\/a><\/p>\n","protected":false},"excerpt":{"rendered":"N\u00e1rodn\u00ed \u00fastav du\u0161evn\u00edho zdrav\u00ed (NUDZ) p\u0159\u00ed\u0161t\u00ed rok v\u00a0lednu otev\u0159e v\u00a0Klecanech u\u00a0Prahy stacion\u00e1\u0159 pro n\u00e1ctilet\u00e9. Terapie pomohou nap\u0159\u00edklad s\u00a0\u00fazkostmi,&hellip;\n","protected":false},"author":2,"featured_media":197209,"comment_status":"","ping_status":"","sticky":false,"template":"","format":"standard","meta":{"footnotes":"","_share_on_mastodon":"0"},"categories":[7],"tags":[43,42,41,40,8877,21272,9356,45328,6826],"class_list":["post-197208","post","type-post","status-publish","format-standard","has-post-thumbnail","category-cesko","tag-ceska-republika","tag-cesko","tag-czech-republic","tag-czechia","tag-deprese","tag-detska-psychika","tag-klecany","tag-narodni-ustav-dusevniho-zdravi","tag-psychicke-problemy"],"share_on_mastodon":{"url":"https:\/\/pubeurope.com\/@cz\/117189756462431419","error":""},"_links":{"self":[{"href":"https:\/\/www.europesays.com\/cz\/wp-json\/wp\/v2\/posts\/197208","targetHints":{"allow":["GET"]}}],"collection":[{"href":"https:\/\/www.europesays.com\/cz\/wp-json\/wp\/v2\/posts"}],"about":[{"href":"https:\/\/www.europesays.com\/cz\/wp-json\/wp\/v2\/types\/post"}],"author":[{"embeddable":true,"href":"https:\/\/www.europesays.com\/cz\/wp-json\/wp\/v2\/users\/2"}],"replies":[{"embeddable":true,"href":"https:\/\/www.europesays.com\/cz\/wp-json\/wp\/v2\/comments?post=197208"}],"version-history":[{"count":0,"href":"https:\/\/www.europesays.com\/cz\/wp-json\/wp\/v2\/posts\/197208\/revisions"}],"wp:featuredmedia":[{"embeddable":true,"href":"https:\/\/www.europesays.com\/cz\/wp-json\/wp\/v2\/media\/197209"}],"wp:attachment":[{"href":"https:\/\/www.europesays.com\/cz\/wp-json\/wp\/v2\/media?parent=197208"}],"wp:term":[{"taxonomy":"category","embeddable":true,"href":"https:\/\/www.europesays.com\/cz\/wp-json\/wp\/v2\/categories?post=197208"},{"taxonomy":"post_tag","embeddable":true,"href":"https:\/\/www.europesays.com\/cz\/wp-json\/wp\/v2\/tags?post=197208"}],"curies":[{"name":"wp","href":"https:\/\/api.w.org\/{rel}","templated":true}]}}