{"id":197212,"date":"2026-08-31T10:56:11","date_gmt":"2026-08-31T10:56:11","guid":{"rendered":"https:\/\/www.europesays.com\/cz\/197212\/"},"modified":"2026-08-31T10:56:11","modified_gmt":"2026-08-31T10:56:11","slug":"izrael-a-recko-podepsaly-obrannou-dohodu-za-vice-nez-72-miliard","status":"publish","type":"post","link":"https:\/\/www.europesays.com\/cz\/197212\/","title":{"rendered":"Izrael a\u00a0\u0158ecko podepsaly obrannou dohodu za v\u00edce ne\u017e 72\u00a0miliard"},"content":{"rendered":"<p class=\"c_bB\">\u201eV r\u00e1mci dohody Izrael postav\u00ed \u0158ecku komplexn\u00ed, v\u00edcevrstv\u00fd syst\u00e9m protivzdu\u0161n\u00e9 obrany, kter\u00fd bude \u010derpat v\u00fdhradn\u011b z\u00a0izraelsk\u00fdch syst\u00e9m\u016f a\u00a0z rozs\u00e1hl\u00fdch opera\u010dn\u00edch zku\u0161enost\u00ed, kter\u00e9 izraelsk\u00e9 obrann\u00e9 za\u0159\u00edzen\u00ed z\u00edskalo b\u011bhem v\u00e1lky,\u201c uvedlo podle e-Kathimerini izraelsk\u00e9 ministerstvo obrany.<\/p>\n<p class=\"c_bB\">V\u00edcevrstv\u00e1 protivzdu\u0161n\u00e1 obrana, kterou Izraelci pro \u0158eky vybuduj\u00ed, dostala n\u00e1zev Achill\u016fv \u0161t\u00edt a\u00a0jej\u00edm j\u00e1drem budou radary a\u00a0zbran\u011b od izraelsk\u00fdch spole\u010dnost\u00ed Rafael a\u00a0Israel Aerospace Industries (IAI). Pat\u0159\u00ed sem i\u00a0syst\u00e9m David\u016fv prak ur\u010den\u00fd k\u00a0zachycen\u00ed nep\u0159\u00e1telsk\u00fdch raket st\u0159edn\u00edho a\u017e dlouh\u00e9ho doletu (70\u00a0a\u017e 300\u00a0kilometr\u016f) a\u00a0st\u0159el s\u00a0plochou dr\u00e1hou letu.<\/p>\n<p class=\"c_bB\">V prohl\u00e1\u0161en\u00ed izraelsk\u00e9ho ministerstva obrany k\u00a0podepsan\u00e9mu dokumentu, kter\u00fd potvrzuje obchod za t\u0159i miliardy eur (72,4\u00a0miliardy korun), se uv\u00e1d\u00ed, \u017ee v\u00a0r\u00e1mci dopl\u0148kov\u00e9 dohody v\u00a0hodnot\u011b 26\u00a0miliard dolar\u016f (zhruba 624\u00a0milion\u016f korun) Izrael prod\u00e1 \u0158ecku protivzdu\u0161n\u00e9 obrann\u00e9 syst\u00e9my Drone Dome.<\/p>\n<p>N\u00e1kladn\u00e1 modernizace arm\u00e1dy<\/p>\n<p class=\"c_bB\">\u0158ecko, kter\u00e9 n\u00e1kup protivzdu\u0161n\u00e9 obrany z\u00a0Izraele schv\u00e1lilo u\u017e v\u00a0\u010dervenci, v\u00a0sou\u010dasnosti k\u00a0obran\u011b pou\u017e\u00edv\u00e1 americk\u00e9 syst\u00e9my Patriot a\u00a0rusk\u00e9 S-300.\u00a0Do roku 2036\u00a0pl\u00e1nuje utratit zhruba 28\u00a0miliard eur (675,4\u00a0miliard korun) na modernizaci sv\u00fdch ozbrojen\u00fdch sil. Zahrnuje to mimo jin\u00e9 n\u00e1kup \u010dty\u0159 des\u00edtek nov\u00fdch st\u00edha\u010dek F-35\u00a0ze Spojen\u00fdch st\u00e1t\u016f a\u00a0fregat z\u00a0Francie a\u00a0It\u00e1lie.<\/p>\n<p class=\"c_bB\">\u0158ecko nyn\u00ed vynakl\u00e1d\u00e1 na obranu kolem 3,5\u00a0procenta HDP, co\u017e je v\u00edce ne\u017e v\u011bt\u0161ina \u010dlensk\u00fdch zem\u00ed NATO. Vysok\u00e9 v\u00fddaje na obranu a\u00a0arm\u00e1du udr\u017euj\u00ed \u0158ekov\u00e9 p\u0159edev\u0161\u00edm kv\u016fli nap\u011bt\u00ed s\u00a0Tureckem, ale i \u201edramatick\u00fdm zm\u011bn\u00e1m\u201c ve sv\u00e9m nejbli\u017e\u0161\u00edm okol\u00ed. \u201eJde o\u00a0v\u00e1lku na Ukrajin\u011b a\u00a0tak\u00e9 konflikty v\u00a0arabsk\u00e9m regionu,\u201c konstatoval \u0159eck\u00fd premi\u00e9r Kyriakos Mitsotakis.<\/p>\n<p><a data-dot=\"atm-link\" target=\"_self\" href=\"https:\/\/www.novinky.cz\/clanek\/zahranicni-evropa-recko-presouva-svuj-system-patriot-na-kretu-kvuli-ochrane-namorni-zakladny-40594120\" class=\"c_I\" rel=\"nofollow noopener\"><img height=\"373\" width=\"664\" src=\"https:\/\/www.europesays.com\/cz\/wp-content\/uploads\/2026\/08\/1788173771_744_sHaUM.jpeg\" loading=\"lazy\" decoding=\"async\" class=\"c_t c_r c_l\"\/><\/a><\/p>\n","protected":false},"excerpt":{"rendered":"\u201eV r\u00e1mci dohody Izrael postav\u00ed \u0158ecku komplexn\u00ed, v\u00edcevrstv\u00fd syst\u00e9m protivzdu\u0161n\u00e9 obrany, kter\u00fd bude \u010derpat v\u00fdhradn\u011b z\u00a0izraelsk\u00fdch syst\u00e9m\u016f a\u00a0z&hellip;\n","protected":false},"author":2,"featured_media":197213,"comment_status":"","ping_status":"","sticky":false,"template":"","format":"standard","meta":{"footnotes":"","_share_on_mastodon":"0"},"categories":[3],"tags":[940,3433,464,109,108,106,638,5455,1537,4554,7526],"class_list":["post-197212","post","type-post","status-publish","format-standard","has-post-thumbnail","category-evropa","tag-armada","tag-dohoda","tag-drony","tag-europa","tag-europe","tag-evropa","tag-izrael","tag-modernizace","tag-obrana","tag-rakety","tag-recko"],"share_on_mastodon":{"url":"https:\/\/pubeurope.com\/@cz\/117189763634105802","error":""},"_links":{"self":[{"href":"https:\/\/www.europesays.com\/cz\/wp-json\/wp\/v2\/posts\/197212","targetHints":{"allow":["GET"]}}],"collection":[{"href":"https:\/\/www.europesays.com\/cz\/wp-json\/wp\/v2\/posts"}],"about":[{"href":"https:\/\/www.europesays.com\/cz\/wp-json\/wp\/v2\/types\/post"}],"author":[{"embeddable":true,"href":"https:\/\/www.europesays.com\/cz\/wp-json\/wp\/v2\/users\/2"}],"replies":[{"embeddable":true,"href":"https:\/\/www.europesays.com\/cz\/wp-json\/wp\/v2\/comments?post=197212"}],"version-history":[{"count":0,"href":"https:\/\/www.europesays.com\/cz\/wp-json\/wp\/v2\/posts\/197212\/revisions"}],"wp:featuredmedia":[{"embeddable":true,"href":"https:\/\/www.europesays.com\/cz\/wp-json\/wp\/v2\/media\/197213"}],"wp:attachment":[{"href":"https:\/\/www.europesays.com\/cz\/wp-json\/wp\/v2\/media?parent=197212"}],"wp:term":[{"taxonomy":"category","embeddable":true,"href":"https:\/\/www.europesays.com\/cz\/wp-json\/wp\/v2\/categories?post=197212"},{"taxonomy":"post_tag","embeddable":true,"href":"https:\/\/www.europesays.com\/cz\/wp-json\/wp\/v2\/tags?post=197212"}],"curies":[{"name":"wp","href":"https:\/\/api.w.org\/{rel}","templated":true}]}}