{"id":197254,"date":"2026-08-31T11:31:16","date_gmt":"2026-08-31T11:31:16","guid":{"rendered":"https:\/\/www.europesays.com\/cz\/197254\/"},"modified":"2026-08-31T11:31:16","modified_gmt":"2026-08-31T11:31:16","slug":"jezero-ontario-nyni-a-navzdy-kanada-se-vzeprela-trumpovi-ten-kontroval-videem-idnes-cz","status":"publish","type":"post","link":"https:\/\/www.europesays.com\/cz\/197254\/","title":{"rendered":"Jezero Ontario nyn\u00ed a nav\u017edy. Kanada se vzep\u0159ela Trumpovi, ten kontroval videem &#8211; iDNES.cz"},"content":{"rendered":"<p><a href=\"https:\/\/news.google.com\/rss\/articles\/CBMiwwFBVV95cUxQaVYtaHRHNDZIb1VvQTFBck15cjVZdkRmTHIxalU3Z25ZZUhFTDhiZ0ZkTlBRQl9DaHIxQlBDaXRoMVRKaXdRcWd1NVFNZFlORTJ3UXlYUDd5Y0E2dTVQQ3N1WkRWY1NnUU9QOFhVT0pkbVVWQTJGS1lXalJDdVZrR1dRbmZWOE1STXN1YU5nc3Q0Um1Wb1d4SjluWENyTGdOczBLQUl5NTd3RmczMGowUzhtZ1RnZWdGektwZWlSNzFVMVU?oc=5\" target=\"_blank\" rel=\"nofollow noopener\">Jezero Ontario nyn\u00ed a nav\u017edy. Kanada se vzep\u0159ela Trumpovi, ten kontroval videem<\/a>&nbsp;&nbsp;iDNES.cz<a href=\"https:\/\/news.google.com\/rss\/articles\/CBMisgFBVV95cUxOSDEzRU9BRmVscGxHRTVtX0ZGWFRwM0k5cXlfdFhINFJFZzgzNXhwXzlmd2NRS2JObDcxMmJndFFCbnBsS2dIbmdLRUxkOTFGRlhreVg2cUNrUjJoVWZmLWVBaHJVcHJJZzB3NDhzSTQ4LVllT1J5eHdDMHdfUXhlLUlfYk1tSHBTSHJsMmVnazA5U3lSMHE5WW9nYTBzRnJxVHdjUWFwTkNQTnZ0TW5reTJR?oc=5\" target=\"_blank\" rel=\"nofollow noopener\">Nav\u017edy jezero Ontario. Kanada se br\u00e1n\u00ed proti Trumpovi cedul\u00ed<\/a>&nbsp;&nbsp;Seznam Zpr\u00e1vy<a href=\"https:\/\/news.google.com\/rss\/articles\/CBMixAFBVV95cUxOd1l1TWZ5cTdFdEdBcjl1bHlZSzQ1WTN2dG8tVzhVaGNXWjVYa25fNkFmX3c0dWxtZ1ZselIyNDdyelNubmNUSTZ1bmx0N2tUU0ptT2ZPek1aMVYzVGVVcHJFREZCRTVCdURkckFXbGxyOUJ5OHhwYkxZbUxMV1A3YVhDeFExYldiY3Fwd3BRMUZZMmdpTldLajkwdFBncC1QdHZxeGUwZUpDYkk3bU5TMVFvT09vU2h2d0M0dFItUURmSjRL?oc=5\" target=\"_blank\" rel=\"nofollow noopener\">Ontario, nebo Americk\u00e9 jezero? Google m\u011bn\u00ed n\u00e1zev podle toho, odkud se d\u00edv\u00e1te<\/a>&nbsp;&nbsp;Novinky<a href=\"https:\/\/news.google.com\/rss\/articles\/CBMiqwFBVV95cUxPXzhPMnhWS1V5aEhXTVg3bGhsQ1N1Y09sc3QzekJRbjg1aDBwX0d1VktWOEdRZXdSanFYUTZSUjh6cGp2NUEtaEZRUGhkVUNHYnJESzlUcVNYUHBORlIwbHRFUXRZUjVielVPWmFweWFieUhpN2RkTkk2UE1DUlMxWGpmbmY0a1VETUpBeEhZMHRzbC1yc1BYX0dlQVJtbXo3Nk1yMm9TaUs4STg?oc=5\" target=\"_blank\" rel=\"nofollow noopener\">Co v\u0161e zp\u016fsob\u00ed p\u0159ejmenov\u00e1n\u00ed Ontarijsk\u00e9ho jezera Trumpem na Americk\u00e9<\/a>&nbsp;&nbsp;Den\u00edk.cz<a href=\"https:\/\/news.google.com\/rss\/articles\/CBMipwFBVV95cUxNX1BrTjVYOElJemhHeUY3VlB2bGZiTWUzemxwdlp2T1lCQUVkcUlfak15V0NJQWZ2YXkyMEZmMWNhbFA0dEJhMkVEWm9QWUc1dC0wb2xJdGpHTnNGU1JldHBLVVRSeUFkd1h1T1lZRzVuQ2ZhQ09ISmlCTkg5T2tETFQ1ejZDRnZRVHRReEt3Zi1oRDZSQnNRbXNWUm9Ja3laVlRYaHo4SQ?oc=5\" target=\"_blank\" rel=\"nofollow noopener\">Kanada vrac\u00ed \u00fader Trumpovi. Bude to takhle nav\u017edy, vzkazuje<\/a>&nbsp;&nbsp;TN.cz<\/p>\n","protected":false},"excerpt":{"rendered":"Jezero Ontario nyn\u00ed a nav\u017edy. Kanada se vzep\u0159ela Trumpovi, ten kontroval videem&nbsp;&nbsp;iDNES.czNav\u017edy jezero Ontario. Kanada se br\u00e1n\u00ed proti&hellip;\n","protected":false},"author":2,"featured_media":197255,"comment_status":"","ping_status":"","sticky":false,"template":"","format":"standard","meta":{"footnotes":"","_share_on_mastodon":"0"},"categories":[10],"tags":[212,45332,17,21,13468,27,16,19463,23855,18,19,22,45331,20],"class_list":["post-197254","post","type-post","status-publish","format-standard","has-post-thumbnail","category-zpravy","tag-donald-trump","tag-doug-ford","tag-headlines","tag-hlavni-udalosti","tag-jezero","tag-kanada","tag-news","tag-ontario","tag-spojene-staty-americke","tag-top-news","tag-top-stories","tag-udalosti-dne","tag-ymca","tag-zpravy"],"share_on_mastodon":{"url":"https:\/\/pubeurope.com\/@cz\/117189901338702925","error":""},"_links":{"self":[{"href":"https:\/\/www.europesays.com\/cz\/wp-json\/wp\/v2\/posts\/197254","targetHints":{"allow":["GET"]}}],"collection":[{"href":"https:\/\/www.europesays.com\/cz\/wp-json\/wp\/v2\/posts"}],"about":[{"href":"https:\/\/www.europesays.com\/cz\/wp-json\/wp\/v2\/types\/post"}],"author":[{"embeddable":true,"href":"https:\/\/www.europesays.com\/cz\/wp-json\/wp\/v2\/users\/2"}],"replies":[{"embeddable":true,"href":"https:\/\/www.europesays.com\/cz\/wp-json\/wp\/v2\/comments?post=197254"}],"version-history":[{"count":0,"href":"https:\/\/www.europesays.com\/cz\/wp-json\/wp\/v2\/posts\/197254\/revisions"}],"wp:featuredmedia":[{"embeddable":true,"href":"https:\/\/www.europesays.com\/cz\/wp-json\/wp\/v2\/media\/197255"}],"wp:attachment":[{"href":"https:\/\/www.europesays.com\/cz\/wp-json\/wp\/v2\/media?parent=197254"}],"wp:term":[{"taxonomy":"category","embeddable":true,"href":"https:\/\/www.europesays.com\/cz\/wp-json\/wp\/v2\/categories?post=197254"},{"taxonomy":"post_tag","embeddable":true,"href":"https:\/\/www.europesays.com\/cz\/wp-json\/wp\/v2\/tags?post=197254"}],"curies":[{"name":"wp","href":"https:\/\/api.w.org\/{rel}","templated":true}]}}