{"id":197256,"date":"2026-08-31T11:33:20","date_gmt":"2026-08-31T11:33:20","guid":{"rendered":"https:\/\/www.europesays.com\/cz\/197256\/"},"modified":"2026-08-31T11:33:20","modified_gmt":"2026-08-31T11:33:20","slug":"na-florenc-se-od-1-zari-vraci-autobusy-omezene-podzemni-rekonstrukci-za-dve-miliardy","status":"publish","type":"post","link":"https:\/\/www.europesays.com\/cz\/197256\/","title":{"rendered":"Na Florenc se od 1.\u00a0z\u00e1\u0159\u00ed vrac\u00ed autobusy omezen\u00e9 podzemn\u00ed rekonstrukc\u00ed za dv\u011b miliardy"},"content":{"rendered":"<p class=\"c_bB\">\u201eAutobusov\u00e9 linky 133, 175, 207, 908\u00a0a\u00a0909\u00a0budou op\u011bt zastavovat v\u00a0p\u016fvodn\u00edch zast\u00e1vk\u00e1ch v\u00a0ulici Ke \u0160tvanici, linka 135\u00a0pak v\u00a0p\u016fvodn\u00ed zast\u00e1vce v\u00a0K\u0159i\u017e\u00edkov\u011b ulici, u\u00a0v\u00fdstupu E6\u00a0ze stanice metra Florenc. Do sv\u00e9 zast\u00e1vky se vrac\u00ed tak\u00e9 linka 194,\u201c uvedl mluv\u010d\u00ed dopravn\u00edho podniku Daniel \u0160ab\u00edk.<\/p>\n<p class=\"c_bB\">Provoz pro ve\u0161kerou dopravu a\u00a0chodce se vrac\u00ed podle dopravn\u00edho podniku od 1.\u00a0z\u00e1\u0159\u00ed do ulice Ke \u0160tvanici mezi k\u0159i\u017eovatkami se Sokolovskou a\u00a0K\u0159i\u017e\u00edkovou ulic\u00ed. \u201eP\u0159ed zah\u00e1jen\u00edm prac\u00ed n\u011bkter\u00e9 jazyky v\u011b\u0161tily, \u017ee kv\u016fli n\u00ed nastane kolaps dopravy na Florenci. Rekonstrukce stropn\u00ed desky je dokon\u010dena, bez kolaps\u016f a\u00a0v souladu s\u00a0harmonogramem,\u201c uvedl Jaroslav Kristen, technick\u00fd \u0159editel Dopravn\u00edho podniku\u00a0\u2013 Metro.<\/p>\n<p><a data-dot=\"atm-link\" target=\"_self\" href=\"https:\/\/www.novinky.cz\/clanek\/domaci-zpravy-hlavni-mesto-praha-nova-odbavovaci-hala-autobusu-na-florenci-bude-zubata-40577111\" class=\"c_I\" rel=\"nofollow noopener\"><img fetchpriority=\"high\" height=\"2250\" width=\"4000\" src=\"https:\/\/www.europesays.com\/cz\/wp-content\/uploads\/2026\/08\/1788175998_133_hala-florenc-autobusy.png\" loading=\"eager\" decoding=\"sync\" class=\"c_t c_r\"\/><\/a><\/p>\n<p class=\"c_bB\">Pr\u00e1ce budou nicm\u00e9n\u011b je\u0161t\u011b pokra\u010dovat na modernizaci samotn\u00e9ho podchodu a\u00a0v neve\u0159ejn\u00fdch \u010d\u00e1stech stanice. \u201eT\u011b\u0161\u00edm se, a\u017e jej letos v\u00a0prosinci budeme moct otev\u0159\u00edt pro cestuj\u00edc\u00ed, kter\u00fdm bych stejn\u011b jako v\u0161em Pra\u017ean\u016fm a\u00a0n\u00e1v\u0161t\u011bvn\u00edk\u016fm m\u011bsta cht\u011bl pod\u011bkovat za obrovskou trp\u011blivost a\u00a0toleranci za t\u00e9m\u011b\u0159 \u010dty\u0159i a\u00a0p\u016fl roku v\u00fdstavby,\u201c podotkl.<\/p>\n<p class=\"c_bB\">\u201eRekonstrukci stropn\u00ed desky nad vestibulem stanice metra Florenc jsme za\u010dali v\u00a0b\u0159eznu 2022\u00a0nedaleko od \u017eelezni\u010dn\u00ed trat\u011b a\u00a0budovy vozov\u00e9ho depa Masarykova n\u00e1dra\u017e\u00ed. Za tu dobu jsme se zhotoviteli postupn\u011b odkryli a\u00a0vym\u011bnili cel\u00fd strop jedn\u00e9 z\u00a0nejfrekventovan\u011bj\u0161\u00edch stanic metra, co\u017e je plocha rovnaj\u00edc\u00ed se t\u0159em \u010dtvrtin\u00e1m plochy fotbalov\u00e9ho h\u0159i\u0161t\u011b,\u201c up\u0159esnil Kristen.<\/p>\n<p class=\"c_bB\">Dokon\u010den\u00ed rekonstrukce stropn\u00ed desky na Florenci je pro pra\u017eskou dopravu podle n\u00e1m\u011bstka prim\u00e1tora Jarom\u00edra Ber\u00e1nka (Pir\u00e1ti) z\u00e1sadn\u00edm miln\u00edkem. \u201eSv\u00fdm rozsahem, technickou n\u00e1ro\u010dnost\u00ed i\u00a0finan\u010dn\u00edm objemem kolem dvou miliard korun je tuto investi\u010dn\u00ed akci mo\u017en\u00e9 p\u0159irovnat k\u00a0ned\u00e1vn\u00e9 kompletn\u00ed rekonstrukci Barrandovsk\u00e9ho mostu nebo oprav\u00e1m kl\u00ed\u010dov\u00fdch \u00fasek\u016f d\u00e1lnice D1.\u00a0\u0160lo o\u00a0extr\u00e9mn\u011b slo\u017eitou akci za pln\u00e9ho provozu p\u0159\u00edmo nad hlavami cestuj\u00edc\u00edch,\u201c uvedl n\u00e1m\u011bstek pro oblast dopravy.<\/p>\n<p class=\"c_bB\">Posledn\u00ed t\u0159et\u00ed etapa prob\u00edhala na rozs\u00e1hl\u00e9m staveni\u0161ti zab\u00edraj\u00edc\u00edm ulici Ke \u0160tvanici v\u00a0\u00faseku mezi k\u0159i\u017eovatkami se Sokolovskou a\u00a0K\u0159i\u017e\u00edkovou ulic\u00ed, zahrnuj\u00edc\u00ed okoln\u00ed zpevn\u011bn\u00e9 plochy k\u00a0ulici Za Po\u0159\u00ed\u010dskou branou a\u00a0na druh\u00e9 stran\u011b zatravn\u011bn\u00e9 plochy k\u00a0budov\u011b Muzea Prahy.<\/p>\n<p><a data-dot=\"atm-link\" target=\"_self\" href=\"https:\/\/www.novinky.cz\/clanek\/domaci-zpravy-hlavni-mesto-praha-foto-metro-nikdy-nespi-nahlednete-do-tunelu-po-odjezdu-posledni-soupravy-40570784\" class=\"c_I\" rel=\"nofollow noopener\"><img height=\"2304\" width=\"4096\" src=\"https:\/\/www.europesays.com\/cz\/wp-content\/uploads\/2026\/08\/fd86.jpeg\" loading=\"eager\" decoding=\"sync\" class=\"c_t c_r\"\/><\/a><\/p>\n<p class=\"c_bB\">Pr\u00e1ce na posledn\u00ed etap\u011b za\u010daly v\u00a0polovin\u011b listopadu 2024\u00a0a\u00a0trvaly t\u00e9m\u011b\u0159 22\u00a0m\u011bs\u00edc\u016f. Za tu dobu zhotovitel\u00e9 odstranili druhou polovinu p\u016fvodn\u00ed monolitick\u00e9 betonov\u00e9 desky pod k\u0159i\u017eovatkou ulic Ke \u0160tvanici a\u00a0K\u0159i\u017e\u00edkova a\u00a0n\u00e1sledn\u011b vybudovali novou ocelobetonovou stropn\u00ed desku.<\/p>\n<p class=\"c_bB\">N\u00e1sledn\u011b vym\u011bnili podle mluv\u010d\u00edho dopravn\u00edho podniku 37\u00a0dvacetimetrov\u00fdch a\u00a011\u00a0sedmimetrov\u00fdch nosn\u00edk\u016f, tedy t\u00e9m\u011b\u0159 t\u0159etinu z\u00a0celkov\u00e9ho po\u010dtu, p\u0159elo\u017eili kilometry in\u017een\u00fdrsk\u00fdch s\u00edt\u00ed a\u00a0nainstalovali nov\u00e9 hydroizola\u010dn\u00ed vrstvy, v\u010detn\u011b v\u00fddechu vzduchotechniky, kter\u00fd se nach\u00e1z\u00ed v\u00a0parku u\u00a0budovy Muzea Prahy.<\/p>\n<p class=\"c_bB\">Vzhledem k\u00a0pokra\u010duj\u00edc\u00edm prac\u00edm na kompletn\u00ed modernizaci samotn\u00e9ho podchodu budou pro vstup do a\u00a0v\u00fdstup ze stanice nad\u00e1le otev\u0159eny pouze v\u00fdstupy E2, E3\u00a0a\u00a0E6\u00a0v\u00a0K\u0159i\u017e\u00edkov\u011b ulici, respektive u\u00a0\u00dast\u0159edn\u00edho autobusov\u00e9ho n\u00e1dra\u017e\u00ed. \u201eP\u0159edpokl\u00e1d\u00e1me jeho pln\u00e9 zprovozn\u011bn\u00ed v\u00a0souladu s\u00a0harmonogramem letos v\u00a0prosinci,\u201c podotkl \u0160ab\u00edk.<\/p>\n<p><a data-dot=\"atm-link\" target=\"_self\" href=\"https:\/\/www.novinky.cz\/clanek\/domaci-zpravy-hlavni-mesto-praha-nova-prazska-ctvrt-na-florenci-za-dvacet-miliard-bude-mit-autory-z-vice-zemi-evropy-40553976\" class=\"c_I\" rel=\"nofollow noopener\"><img height=\"1973\" width=\"3508\" src=\"https:\/\/www.europesays.com\/cz\/wp-content\/uploads\/2026\/08\/praha-florenc-vystavba-nove-domy.jpeg\" loading=\"eager\" decoding=\"sync\" class=\"c_t c_r\"\/><\/a><\/p>\n","protected":false},"excerpt":{"rendered":"\u201eAutobusov\u00e9 linky 133, 175, 207, 908\u00a0a\u00a0909\u00a0budou op\u011bt zastavovat v\u00a0p\u016fvodn\u00edch zast\u00e1vk\u00e1ch v\u00a0ulici Ke \u0160tvanici, linka 135\u00a0pak v\u00a0p\u016fvodn\u00ed zast\u00e1vce v\u00a0K\u0159i\u017e\u00edkov\u011b&hellip;\n","protected":false},"author":2,"featured_media":197257,"comment_status":"","ping_status":"","sticky":false,"template":"","format":"standard","meta":{"footnotes":"","_share_on_mastodon":"0"},"categories":[30],"tags":[1669,158,6245,20673,4058,14449,30919,39521,15272,98,99,6243,1373],"class_list":["post-197256","post","type-post","status-publish","format-standard","has-post-thumbnail","category-praha","tag-autobusy","tag-chodci","tag-dopravni-podnik-hl-m-prahy-dpp","tag-florenc","tag-mestska-hromadna-doprava-mhd","tag-miliardy","tag-muzeum-prahy","tag-podchod","tag-podzemi","tag-prague","tag-praha","tag-prazska-integrovana-doprava-pid","tag-rekonstrukce"],"share_on_mastodon":{"url":"https:\/\/pubeurope.com\/@cz\/117189909617221436","error":""},"_links":{"self":[{"href":"https:\/\/www.europesays.com\/cz\/wp-json\/wp\/v2\/posts\/197256","targetHints":{"allow":["GET"]}}],"collection":[{"href":"https:\/\/www.europesays.com\/cz\/wp-json\/wp\/v2\/posts"}],"about":[{"href":"https:\/\/www.europesays.com\/cz\/wp-json\/wp\/v2\/types\/post"}],"author":[{"embeddable":true,"href":"https:\/\/www.europesays.com\/cz\/wp-json\/wp\/v2\/users\/2"}],"replies":[{"embeddable":true,"href":"https:\/\/www.europesays.com\/cz\/wp-json\/wp\/v2\/comments?post=197256"}],"version-history":[{"count":0,"href":"https:\/\/www.europesays.com\/cz\/wp-json\/wp\/v2\/posts\/197256\/revisions"}],"wp:featuredmedia":[{"embeddable":true,"href":"https:\/\/www.europesays.com\/cz\/wp-json\/wp\/v2\/media\/197257"}],"wp:attachment":[{"href":"https:\/\/www.europesays.com\/cz\/wp-json\/wp\/v2\/media?parent=197256"}],"wp:term":[{"taxonomy":"category","embeddable":true,"href":"https:\/\/www.europesays.com\/cz\/wp-json\/wp\/v2\/categories?post=197256"},{"taxonomy":"post_tag","embeddable":true,"href":"https:\/\/www.europesays.com\/cz\/wp-json\/wp\/v2\/tags?post=197256"}],"curies":[{"name":"wp","href":"https:\/\/api.w.org\/{rel}","templated":true}]}}