{"id":197318,"date":"2026-08-31T12:32:15","date_gmt":"2026-08-31T12:32:15","guid":{"rendered":"https:\/\/www.europesays.com\/cz\/197318\/"},"modified":"2026-08-31T12:32:15","modified_gmt":"2026-08-31T12:32:15","slug":"na-slovensku-se-zprisnuji-pokuty-za-prekroceni-rychlosti","status":"publish","type":"post","link":"https:\/\/www.europesays.com\/cz\/197318\/","title":{"rendered":"Na Slovensku se zp\u0159\u00eds\u0148uj\u00ed pokuty za p\u0159ekro\u010den\u00ed rychlosti"},"content":{"rendered":"<p class=\"c_bB\">Vy\u0161\u0161\u00ed sankce se t\u00fdkaj\u00ed jen nejvy\u0161\u0161\u00ed kategorie p\u0159ekro\u010den\u00ed rychlosti, a\u00a0to o\u00a0v\u00edce ne\u017e 50\u00a0km\/h v\u00a0obci nebo o\u00a0v\u00edce ne\u017e 60\u00a0km\/h mimo obec. Pokuta na m\u00edst\u011b se m\u016f\u017ee pohybovat od 500\u00a0a\u017e do 1\u00a0000\u00a0eur (od 12\u00a0000\u00a0do 24\u00a0000\u00a0K\u010d) na m\u00edst\u011b. Ve spr\u00e1vn\u00edm \u0159\u00edzen\u00ed 800\u00a0a\u017e 1\u00a0300\u00a0eur (19\u00a0100\u00a0a\u017e 31\u00a0400\u00a0korun).  <\/p>\n<p class=\"c_bB\">Novela roz\u0161i\u0159uje tzv. objektivn\u00ed odpov\u011bdnost dr\u017eitele vozidla. To znamen\u00e1, \u017ee pokud p\u0159estupek zaznamen\u00e1 schv\u00e1len\u00e9 technick\u00e9 za\u0159\u00edzen\u00ed, pokuta m\u016f\u017ee p\u0159ij\u00edt provozovateli \u010di dr\u017eiteli auta, ani\u017e policie p\u0159\u00edmo zastav\u00ed \u0159idi\u010de a\u00a0na m\u00edst\u011b zji\u0161\u0165uje jeho toto\u017enost.<\/p>\n<p><img height=\"454\"   width=\"1436\" src=\"https:\/\/www.europesays.com\/cz\/wp-content\/uploads\/2026\/08\/pokuty-na-slovensku.png\" loading=\"lazy\" decoding=\"async\" class=\"c_t c_r c_l\"\/>Foto: Nat\u00e1lia Jab\u016frkov\u00e1, Novinky<\/p>\n<p class=\"c_bB\">Tabulka pokut za p\u0159ekro\u010den\u00ed rychlosti<\/p>\n<p class=\"c_bB\">Povoleno z\u016fst\u00e1v\u00e1 hands-free pou\u017e\u00edv\u00e1n\u00ed telefonu, ale sankciov\u00e1no bude jak\u00e9koliv dr\u017een\u00ed telefonu v\u00a0ruce nebo jeho jin\u00e9 ovl\u00e1d\u00e1n\u00ed b\u011bhem j\u00edzdy, a\u00a0to pokutou a\u017e 249\u00a0eur (6\u00a0000\u00a0korun). Pokutu si vyslou\u017e\u00ed i\u00a0nedodr\u017een\u00ed bezpe\u010dn\u00e9 vzd\u00e1lenosti mezi vozidly; \u0159idi\u010de \u010dek\u00e1 pokuta ve v\u00fd\u0161i a\u017e 99\u00a0eur (2\u00a0400\u00a0korun). <\/p>\n<p><a data-dot=\"atm-link\" target=\"_self\" href=\"https:\/\/www.novinky.cz\/clanek\/zahranicni-evropa-slovenske-silnicni-kamery-mely-tajna-zarizeni-s-cisly-do-ruska-upozornila-opozice-40593180\" class=\"c_I\" rel=\"nofollow noopener\"><img height=\"2268\" width=\"4032\" src=\"https:\/\/www.europesays.com\/cz\/wp-content\/uploads\/2026\/08\/1788179535_411_7723.jpeg\" loading=\"lazy\" decoding=\"async\" class=\"c_t c_r c_l\"\/><\/a><\/p>\n","protected":false},"excerpt":{"rendered":"Vy\u0161\u0161\u00ed sankce se t\u00fdkaj\u00ed jen nejvy\u0161\u0161\u00ed kategorie p\u0159ekro\u010den\u00ed rychlosti, a\u00a0to o\u00a0v\u00edce ne\u017e 50\u00a0km\/h v\u00a0obci nebo o\u00a0v\u00edce ne\u017e 60\u00a0km\/h&hellip;\n","protected":false},"author":2,"featured_media":197319,"comment_status":"","ping_status":"","sticky":false,"template":"","format":"standard","meta":{"footnotes":"","_share_on_mastodon":"0"},"categories":[11],"tags":[106,2058,45,54,53,52,204],"class_list":["post-197318","post","type-post","status-publish","format-standard","has-post-thumbnail","category-svet","tag-evropa","tag-pokuta","tag-slovensko","tag-svet","tag-world","tag-world-news","tag-zahranici"],"share_on_mastodon":{"url":"https:\/\/pubeurope.com\/@cz\/117190141167476695","error":""},"_links":{"self":[{"href":"https:\/\/www.europesays.com\/cz\/wp-json\/wp\/v2\/posts\/197318","targetHints":{"allow":["GET"]}}],"collection":[{"href":"https:\/\/www.europesays.com\/cz\/wp-json\/wp\/v2\/posts"}],"about":[{"href":"https:\/\/www.europesays.com\/cz\/wp-json\/wp\/v2\/types\/post"}],"author":[{"embeddable":true,"href":"https:\/\/www.europesays.com\/cz\/wp-json\/wp\/v2\/users\/2"}],"replies":[{"embeddable":true,"href":"https:\/\/www.europesays.com\/cz\/wp-json\/wp\/v2\/comments?post=197318"}],"version-history":[{"count":0,"href":"https:\/\/www.europesays.com\/cz\/wp-json\/wp\/v2\/posts\/197318\/revisions"}],"wp:featuredmedia":[{"embeddable":true,"href":"https:\/\/www.europesays.com\/cz\/wp-json\/wp\/v2\/media\/197319"}],"wp:attachment":[{"href":"https:\/\/www.europesays.com\/cz\/wp-json\/wp\/v2\/media?parent=197318"}],"wp:term":[{"taxonomy":"category","embeddable":true,"href":"https:\/\/www.europesays.com\/cz\/wp-json\/wp\/v2\/categories?post=197318"},{"taxonomy":"post_tag","embeddable":true,"href":"https:\/\/www.europesays.com\/cz\/wp-json\/wp\/v2\/tags?post=197318"}],"curies":[{"name":"wp","href":"https:\/\/api.w.org\/{rel}","templated":true}]}}