{"id":197338,"date":"2026-08-31T12:46:12","date_gmt":"2026-08-31T12:46:12","guid":{"rendered":"https:\/\/www.europesays.com\/cz\/197338\/"},"modified":"2026-08-31T12:46:12","modified_gmt":"2026-08-31T12:46:12","slug":"prazska-zoo-od-zari-nabere-nove-zamestnance-a-prida-penize-na-platy","status":"publish","type":"post","link":"https:\/\/www.europesays.com\/cz\/197338\/","title":{"rendered":"Pra\u017esk\u00e1 zoo od z\u00e1\u0159\u00ed nabere nov\u00e9 zam\u011bstnance a p\u0159id\u00e1 pen\u00edze na platy"},"content":{"rendered":"<p>&#13;<br \/>\n  Komer\u010dn\u00ed prezentace Aktual.: 31.08.2026 14:28&#13;<br \/>\n  Vyd\u00e1no: 31.08.2026, 14:28&#13;\n<\/p>\n<p class=\"big\" itemprop=\"description\">    Praha &#8211; Pra\u017esk\u00e1 zoologick\u00e1 zahrada od \u00fater\u00fd 1. z\u00e1\u0159\u00ed roz\u0161\u00ed\u0159\u00ed po\u010det zam\u011bstnanc\u016f o 24 lid\u00ed a zv\u00fd\u0161\u00ed limit pen\u011bz na platy o 23,6 milionu korun. Od ledna p\u0159ibude dal\u0161\u00edch 15 zam\u011bstnanc\u016f a od magistr\u00e1tu z\u00edsk\u00e1 na platy 12 milion\u016f. Prvn\u00ed nav\u00fd\u0161en\u00ed si zoo podle n\u00e1m\u011bstkyn\u011b prim\u00e1tora Jany Komrskov\u00e9 (Jsme Praha) pokryje sama. Zm\u011bny maj\u00ed zlep\u0161it person\u00e1ln\u00ed situaci v zahrad\u011b a sn\u00ed\u017eit p\u0159et\u00ed\u017een\u00ed zam\u011bstnanc\u016f. Schv\u00e1lili to dnes pra\u017e\u0161t\u00ed radn\u00ed. Organizace nyn\u00ed zam\u011bstn\u00e1v\u00e1 p\u0159ibli\u017en\u011b 250 lid\u00ed.<\/p>\n<p>Po rezignaci tehdej\u0161\u00edho \u0159editele Miroslava Bobka v souvislosti s obvin\u011bn\u00edmi z bossingu a \u0161ikany na pracovi\u0161ti zadal magistr\u00e1t loni na podzim nez\u00e1visl\u00e9 \u0161et\u0159en\u00ed pracovn\u00edch podm\u00ednek v zoo. To upozornilo mimo jin\u00e9 na nedostatek zam\u011bstnanc\u016f, jejich p\u0159et\u011b\u017eov\u00e1n\u00ed a finan\u010dn\u00ed podhodnocen\u00ed n\u011bkter\u00fdch profes\u00ed. Zoo n\u00e1sledn\u011b p\u0159ipravila pl\u00e1n postupn\u00e9 stabilizace person\u00e1ln\u00ed situace.<\/p>\n<p>&#8222;Reagujeme na pot\u0159ebu pos\u00edlen\u00ed person\u00e1lu i na z\u00e1klad\u011b \u0161et\u0159en\u00ed, kter\u00e9 prob\u011bhlo. V posledn\u00edch letech nav\u00fd\u0161en\u00ed po\u010dtu zam\u011bstnanc\u016f nebylo realizov\u00e1no, co\u017e m\u016f\u017ee p\u0159isp\u00edvat jednak k hor\u0161\u00ed atmosf\u00e9\u0159e, jednak k p\u0159et\u00ed\u017een\u00ed zam\u011bstnanc\u016f, kter\u00e9 ze \u0161et\u0159en\u00ed vyplynulo. Pracovn\u00ed podm\u00ednky by se tedy m\u011bly zlep\u0161it,&#8220; uvedla Komrskov\u00e1.<\/p>\n<p>Podle n\u00e1m\u011bstkyn\u011b vych\u00e1z\u00ed nav\u00fd\u0161en\u00ed po\u010dtu zam\u011bstnanc\u016f z podrobn\u00e9ho rozboru pot\u0159eb jednotliv\u00fdch \u00fasek\u016f zoo, kter\u00fd p\u0159ipravila \u0159editelka zahrady Lenka Poliakov\u00e1 ve spolupr\u00e1ci s radn\u00edm pro finance Zde\u0148kem Kov\u00e1\u0159\u00edkem (ODS). Prvn\u00edch 24 nov\u00fdch m\u00edst bude podle Komrskov\u00e9 financovat zoo ze sv\u00fdch vlastn\u00edch p\u0159\u00edjm\u016f, tak\u017ee kv\u016fli nim letos nebude pot\u0159eba zvy\u0161ovat p\u0159\u00edsp\u011bvek m\u011bsta.<\/p>\n<p>Od z\u00e1\u0159\u00ed se z\u00e1rove\u0148 maj\u00ed zv\u00fd\u0161it mzdy nejv\u00edce podhodnocen\u00fdch profes\u00ed, zejm\u00e9na chovatel\u016f a odborn\u00fdch pracovn\u00edk\u016f. Podle schv\u00e1len\u00e9ho pl\u00e1nu m\u00e1 dopln\u011bn\u00ed zam\u011bstnanc\u016f umo\u017enit l\u00e9pe rozd\u011blit pracovn\u00ed z\u00e1t\u011b\u017e a omezit z\u00e1vislost na p\u0159es\u010dasech.<\/p>\n<p>Od ledna p\u0159\u00ed\u0161t\u00edho roku zoo p\u0159ijme dal\u0161\u00edch 15 lid\u00ed. Tato m\u00edsta budou podle Komrskov\u00e9 ur\u010dena p\u0159edev\u0161\u00edm na p\u00e9\u010di o zv\u00ed\u0159ata a jejich financov\u00e1n\u00ed u\u017e si vy\u017e\u00e1d\u00e1 zv\u00fd\u0161en\u00ed p\u0159\u00edsp\u011bvku magistr\u00e1tu o 12 milion\u016f korun. Celkem tak bude m\u00edt zoo od ledna o 39 zam\u011bstnanc\u016f v\u00edce ne\u017e dosud.<\/p>\n<p>Pl\u00e1n po\u010d\u00edt\u00e1 tak\u00e9 s t\u00edm, \u017ee zoo bude v dal\u0161\u00edch m\u011bs\u00edc\u00edch pokra\u010dovat v n\u00e1boru a zam\u011b\u0159\u00ed se na dlouhodob\u00e9 udr\u017een\u00ed pracovn\u00edk\u016f. Sou\u010d\u00e1st\u00ed maj\u00ed b\u00fdt pravideln\u00e9 vyhodnocov\u00e1n\u00ed person\u00e1ln\u00ed situace, vzd\u011bl\u00e1v\u00e1n\u00ed zam\u011bstnanc\u016f, podpora kari\u00e9rn\u00edho r\u016fstu a adapta\u010dn\u00ed programy.<\/p>\n<p>Lo\u0148sk\u00e9 \u0161et\u0159en\u00ed pracovn\u00edho prost\u0159ed\u00ed se krom\u011b person\u00e1ln\u00edho nedostatku zab\u00fdvalo tak\u00e9 vztahy na pracovi\u0161ti. Podle jeho z\u00e1v\u011br\u016f se n\u011bkte\u0159\u00ed zam\u011bstnanci v minulosti setk\u00e1vali s n\u00e1tlakov\u00fdm stylem veden\u00ed, v\u010detn\u011b k\u0159iku nebo poni\u017euj\u00edc\u00edho chov\u00e1n\u00ed. Uk\u00e1zalo se tak\u00e9, \u017ee v zoo chyb\u011blo vzd\u011bl\u00e1v\u00e1n\u00ed vedouc\u00edch pracovn\u00edk\u016f v oblasti \u0159\u00edzen\u00ed lid\u00ed a pr\u00e1ce s t\u00fdmy. Zoo po \u0161et\u0159en\u00ed za\u010dala n\u011bkter\u00e9 probl\u00e9my ji\u017e \u0159e\u0161it, mimo jin\u00e9 vzniklo nov\u00e9 person\u00e1ln\u00ed odd\u011blen\u00ed.<\/p>\n<p>Pra\u017esk\u00e1 zoologick\u00e1 zahrada je p\u0159\u00edsp\u011bvkovou organizac\u00ed magistr\u00e1tu. Podle v\u00fdro\u010dn\u00ed zpr\u00e1vy za rok 2024 hospoda\u0159ila zhruba s 540 miliony korun, z toho p\u0159\u00edsp\u011bvek m\u011bsta \u010dinil asi 200 milion\u016f. Zahradu vede Poliakov\u00e1 od leto\u0161n\u00edho b\u0159ezna, do funkce nastoupila na \u0161est let.<\/p>\n<p class=\"tags\">&#13;<br \/>\n<a href=\"https:\/\/www.ceskenoviny.cz\/tema\/cr\/1\" class=\"tag blue\" itemprop=\"about\" rel=\"tag nofollow noopener\" target=\"_blank\">\u010cR<\/a>&#13;<br \/>\n&#13;<br \/>\n&#13;<br \/>\n&#13;<br \/>\n<a href=\"https:\/\/www.ceskenoviny.cz\/tema\/priroda\/373\" class=\"tag blue\" itemprop=\"about\" rel=\"tag nofollow noopener\" target=\"_blank\">p\u0159\u00edroda<\/a>&#13;<br \/>\n&#13;<br \/>\n&#13;<br \/>\n&#13;<br \/>\n<a href=\"https:\/\/www.ceskenoviny.cz\/tema\/sprava\/303\" class=\"tag blue\" itemprop=\"about\" rel=\"tag nofollow noopener\" target=\"_blank\">spr\u00e1va<\/a>&#13;<br \/>\n&#13;<br \/>\n&#13;<br \/>\n&#13;<br \/>\n<a href=\"https:\/\/www.ceskenoviny.cz\/tema\/zoo\/1000\" class=\"tag blue\" itemprop=\"about\" rel=\"tag nofollow noopener\" target=\"_blank\">zoo<\/a>&#13;<br \/>\n&#13;<br \/>\n&#13;<br \/>\n&#13;<br \/>\n<a href=\"https:\/\/www.ceskenoviny.cz\/tema\/personalni\/921\" class=\"tag blue\" itemprop=\"about\" rel=\"tag nofollow noopener\" target=\"_blank\">person\u00e1ln\u00ed<\/a>&#13;<br \/>\n&#13;<br \/>\n&#13;<br \/>\n&#13;<br \/>\n<a href=\"https:\/\/www.ceskenoviny.cz\/tema\/praha\/540\" class=\"tag blue\" itemprop=\"about\" rel=\"tag nofollow noopener\" target=\"_blank\">Praha<\/a>&#13;<br \/>\n&#13;<br \/>\n&#13;<br \/>\n&#13;<br \/>\n &#13;<\/p>\n","protected":false},"excerpt":{"rendered":"&#13; Komer\u010dn\u00ed prezentace Aktual.: 31.08.2026 14:28&#13; Vyd\u00e1no: 31.08.2026, 14:28&#13; Praha &#8211; Pra\u017esk\u00e1 zoologick\u00e1 zahrada od \u00fater\u00fd 1. z\u00e1\u0159\u00ed&hellip;\n","protected":false},"author":2,"featured_media":197339,"comment_status":"","ping_status":"","sticky":false,"template":"","format":"standard","meta":{"footnotes":"","_share_on_mastodon":"0"},"categories":[30],"tags":[302,304,305,298,303,5500,98,99,1445,299,691],"class_list":["post-197338","post","type-post","status-publish","format-standard","has-post-thumbnail","category-praha","tag-ceskenoviny-cz","tag-cn","tag-cn-cz","tag-cr","tag-ctk","tag-personalni","tag-prague","tag-praha","tag-priroda","tag-sprava","tag-zoo"],"share_on_mastodon":{"url":"https:\/\/pubeurope.com\/@cz\/117190196224839226","error":""},"_links":{"self":[{"href":"https:\/\/www.europesays.com\/cz\/wp-json\/wp\/v2\/posts\/197338","targetHints":{"allow":["GET"]}}],"collection":[{"href":"https:\/\/www.europesays.com\/cz\/wp-json\/wp\/v2\/posts"}],"about":[{"href":"https:\/\/www.europesays.com\/cz\/wp-json\/wp\/v2\/types\/post"}],"author":[{"embeddable":true,"href":"https:\/\/www.europesays.com\/cz\/wp-json\/wp\/v2\/users\/2"}],"replies":[{"embeddable":true,"href":"https:\/\/www.europesays.com\/cz\/wp-json\/wp\/v2\/comments?post=197338"}],"version-history":[{"count":0,"href":"https:\/\/www.europesays.com\/cz\/wp-json\/wp\/v2\/posts\/197338\/revisions"}],"wp:featuredmedia":[{"embeddable":true,"href":"https:\/\/www.europesays.com\/cz\/wp-json\/wp\/v2\/media\/197339"}],"wp:attachment":[{"href":"https:\/\/www.europesays.com\/cz\/wp-json\/wp\/v2\/media?parent=197338"}],"wp:term":[{"taxonomy":"category","embeddable":true,"href":"https:\/\/www.europesays.com\/cz\/wp-json\/wp\/v2\/categories?post=197338"},{"taxonomy":"post_tag","embeddable":true,"href":"https:\/\/www.europesays.com\/cz\/wp-json\/wp\/v2\/tags?post=197338"}],"curies":[{"name":"wp","href":"https:\/\/api.w.org\/{rel}","templated":true}]}}