{"id":197372,"date":"2026-08-31T13:13:13","date_gmt":"2026-08-31T13:13:13","guid":{"rendered":"https:\/\/www.europesays.com\/cz\/197372\/"},"modified":"2026-08-31T13:13:13","modified_gmt":"2026-08-31T13:13:13","slug":"zebricek-nejlepsich-plazi-sveta-ovladla-evropa-polovinu-prvni-desitky-najdete-na-jedinem-kontinentu-jedna-vede-nad-vsemi","status":"publish","type":"post","link":"https:\/\/www.europesays.com\/cz\/197372\/","title":{"rendered":"\u017deb\u0159\u00ed\u010dek nejlep\u0161\u00edch pl\u00e1\u017e\u00ed sv\u011bta ovl\u00e1dla Evropa. Polovinu prvn\u00ed des\u00edtky najdete na jedin\u00e9m kontinentu, jedna vede nad v\u0161emi"},"content":{"rendered":"<p>Kdy\u017e Tripadvisor 17. \u00fanora 2026 zve\u0159ejnil sv\u016fj ka\u017edoro\u010dn\u00ed \u017eeb\u0159\u00ed\u010dek Travellers\u2018 Choice Awards: Best of the Best Beaches, Karibik ani Tichomo\u0159\u00ed nedostaly obvyklou porci sl\u00e1vy.\n<\/p>\n<p>Sv\u011btovou des\u00edtku ovl\u00e1dly \u010dty\u0159i evropsk\u00e9 pob\u0159e\u017e\u00ed: kr\u00e9tsk\u00e1 Elafonissi Beach na druh\u00e9m m\u00edst\u011b, laguna Balos hned za n\u00ed na t\u0159et\u00edm, portugalsk\u00e1 Praia da Fal\u00e9sia na p\u00e1t\u00e9m a sardinsk\u00e1 La Pelosa Beach na osm\u00e9m. Absolutn\u00ed jedni\u010dkou se stala mexick\u00e1 Isla Pasion, jen\u017ee celkov\u00fd dojem z tabulky hovo\u0159\u00ed jasn\u011b: st\u0159edomo\u0159sk\u00fd jih kontinentu drt\u00ed exotick\u00e9 soupe\u0159e v pom\u011bru \u010dty\u0159i ku \u0161esti. A tento trend trv\u00e1 u\u017e t\u0159et\u00ed rok po sob\u011b.<\/p>\n<p>Kr\u00e9ta dvakr\u00e1t ve sv\u011btov\u00e9 trojce: pro\u010d r\u016f\u017eov\u00fd p\u00edsek a tyrkysov\u00e1 laguna sb\u00edraj\u00ed miliony recenz\u00ed<\/p>\n<p>Elafonissi Beach na jihoz\u00e1padn\u00edm c\u00edpu Kr\u00e9ty p\u0159itahuje cestovatele unik\u00e1tn\u00edm r\u016f\u017eov\u00fdm p\u00edskem, kter\u00fd vznik\u00e1 drcen\u00edm kor\u00e1lov\u00fdch \u00falomk\u016f a schr\u00e1nek mo\u0159sk\u00fdch \u017eivo\u010dich\u016f. M\u011blk\u00e1 voda, chr\u00e1n\u011bn\u00e1 poloha a dramatick\u00e9 skaln\u00ed formace z n\u00ed ud\u011blaly jednu z nejfotografovan\u011bj\u0161\u00edch pl\u00e1\u017e\u00ed St\u0159edomo\u0159\u00ed, a pr\u00e1v\u011b objem nad\u0161en\u00fdch recenz\u00ed ji v metodice Tripadvisoru katapultoval na druhou p\u0159\u00ed\u010dku planety.<\/p>\n<p>Pouh\u00fdch \u0161edes\u00e1t kilometr\u016f severoz\u00e1padn\u011b le\u017e\u00ed laguna Balos, sou\u010d\u00e1st programu Natura 2000. P\u0159\u00edstup sem vede bu\u010f strmou p\u011b\u0161inou z parkovi\u0161t\u011b nad z\u00e1tokou, nebo lod\u00ed z p\u0159\u00edstavu Kissamos. Omezen\u00e1 logistika paradoxn\u011b posiluje exkluzivitu z\u00e1\u017eitku, a t\u00edm i kvalitu hodnocen\u00ed. Podle <a rel=\"nofollow noopener\" href=\"https:\/\/visitchania.gr\/en\/places-to-visit\/lagoon-of-balos\/\" target=\"_blank\">turistick\u00e9ho webu regionu Chania<\/a> pat\u0159\u00ed laguna k nejcenn\u011bj\u0161\u00edm p\u0159\u00edrodn\u00edm lokalit\u00e1m z\u00e1padn\u00ed Kr\u00e9ty.<\/p>\n<p>Dv\u011b kr\u00e9tsk\u00e9 pl\u00e1\u017ee ve sv\u011btov\u00e9 trojce nejsou n\u00e1hoda. \u0158ecko disponuje obrovskou recenzn\u00ed z\u00e1kladnou na Tripadvisoru, ostrov nab\u00edz\u00ed p\u0159\u00edm\u00e9 leteck\u00e9 spojen\u00ed z des\u00edtek evropsk\u00fdch m\u011bst a kombinace scen\u00e9rie s relativn\u011b dostupnou infrastrukturou generuje opakovan\u00e9 n\u00e1v\u0161t\u011bvy. Pr\u00e1v\u011b frekvence a kvalita u\u017eivatelsk\u00fdch hodnocen\u00ed za dvan\u00e1ctim\u011bs\u00ed\u010dn\u00ed obdob\u00ed (od konce listopadu 2024 do za\u010d\u00e1tku prosince 2025) rozhoduje o kone\u010dn\u00e9m po\u0159ad\u00ed.<\/p>\n<p>T\u0159i ro\u010dn\u00edky \u017eeb\u0159\u00ed\u010dku ukazuj\u00ed stabiln\u00ed evropskou dominanci<\/p>\n<p>Rok 2026 nep\u0159edstavuje ojedin\u011bl\u00fd v\u00fdkyv. Sta\u010d\u00ed se pod\u00edvat na p\u0159edchoz\u00ed dv\u011b edice:<\/p>\n<p>2024: Praia da Fal\u00e9sia v portugalsk\u00e9m Algarve ovl\u00e1dla cel\u00fd sv\u011bt, Evropa obsadila prvn\u00ed t\u0159i p\u0159\u00ed\u010dky.2025: Elafonissi Beach vystoupala na absolutn\u00ed jedni\u010dku, \u010dty\u0159i evropsk\u00e9 pl\u00e1\u017ee pronikly do elitn\u00ed des\u00edtky.2026: Glob\u00e1ln\u00ed korunu p\u0159evzala mexick\u00e1 Isla Pasion, ale Evropa si udr\u017eela \u010dty\u0159i z\u00e1stupce v prvn\u00ed des\u00edtce.<\/p>\n<p>Trend je z\u0159eteln\u00fd. St\u0159edomo\u0159sk\u00e9 pob\u0159e\u017e\u00ed stabiln\u011b konkuruje karibsk\u00fdm a pacifick\u00fdm ikon\u00e1m, a to navzdory tomu, \u017ee \u017eeb\u0159\u00ed\u010dek vych\u00e1z\u00ed z celosv\u011btov\u00e9 recenzn\u00ed z\u00e1kladny, kde maj\u00ed anglosask\u00e9 a asijsk\u00e9 trhy siln\u00e9 zastoupen\u00ed. Podle alternativn\u00edho datov\u00e9ho p\u0159ehledu <a rel=\"nofollow noopener\" href=\"https:\/\/www.beach.com\/worlds-best-beaches\/\" target=\"_blank\">Beach.com<\/a> boduj\u00ed evropsk\u00e9 pl\u00e1\u017ee rovn\u011b\u017e ve vodn\u00ed kvalit\u011b, klimatick\u00e9m komfortu a dostupnosti, tedy v parametrech, kter\u00e9 Tripadvisor p\u0159\u00edmo nem\u011b\u0159\u00ed, ale kter\u00e9 se prom\u00edtaj\u00ed do spokojenosti recenzent\u016f.<\/p>\n<p>Praia da Fal\u00e9sia: \u010derven\u00e9 \u00fatesy, modr\u00e1 vlajka a \u0161est kilometr\u016f pob\u0159e\u017e\u00ed pro ka\u017ed\u00e9ho<\/p>\n<p>Portugalsk\u00e1 z\u00e1stupkyn\u011b v leto\u0161n\u00ed des\u00edtce zauj\u00edm\u00e1 p\u00e1tou pozici. Jej\u00ed s\u00edla spo\u010d\u00edv\u00e1 v dramatick\u00fdch okrov\u00fdch a \u010derven\u00fdch p\u00edskovcov\u00fdch \u00fatesech, kter\u00e9 lemuj\u00ed \u0161est kilometr\u016f nep\u0159eru\u0161en\u00e9ho pob\u0159e\u017en\u00edho p\u00e1su mezi Vilamourou a Albufeirou. Region\u00e1ln\u00ed zdroje uv\u00e1d\u011bj\u00ed n\u011bkolik p\u0159\u00edstupov\u00fdch bod\u016f, parkov\u00e1n\u00ed, sprchy, z\u00e1chrannou slu\u017ebu, bary i restaurace. Pl\u00e1\u017e dr\u017e\u00ed certifik\u00e1t Blue Flag i pro rok 2026.<\/p>\n<p>Z \u010ceska je Algarve logisticky pohodln\u00e9. Leti\u0161t\u011b V\u00e1clava Havla nab\u00edz\u00ed p\u0159\u00edm\u00e1 spojen\u00ed do Fara, odkud je Fal\u00e9sia vzd\u00e1len\u00e1 zhruba t\u0159icet minut autem. Aktu\u00e1ln\u00ed nab\u00eddky \u010desk\u00fdch cestovn\u00edch kancel\u00e1\u0159\u00ed startuj\u00ed p\u0159ibli\u017en\u011b na 18 600 K\u010d za osobu u standardn\u00edch pobyt\u016f; luxusn\u011bj\u0161\u00ed varianty v p\u011btihv\u011bzdi\u010dkov\u00fdch hotelech v bl\u00edzkosti pl\u00e1\u017ee se pohybuj\u00ed kolem 47 000 K\u010d.<\/p>\n<p>Ide\u00e1ln\u00ed obdob\u00ed pro n\u00e1v\u0161t\u011bvu? Kv\u011bten, \u010derven a z\u00e1\u0159\u00ed, kdy teploty kol\u00edsaj\u00ed kolem p\u0159\u00edjemn\u00fdch 25 \u00b0C a davy letn\u00edch turist\u016f je\u0161t\u011b nedorazily, nebo u\u017e opadly.<\/p>\n<p>Zdroj: <a href=\"https:\/\/vedazive.cz\/planeta-zeme\/plaz-v-portugalsku-porazila-karibik-i-pacifik-zebricek-nejlepsich-plazi-2025-dal-polovinu-mist-evrope-dve-patri-krete\/\" rel=\"nofollow noopener\" target=\"_blank\">V\u011bda\u017div\u011b.cz<\/a><\/p>\n<p>Autor: <a href=\"https:\/\/vedazive.cz\/author\/veronika-holeckova\/\" rel=\"nofollow noopener\" target=\"_blank\">Veronika Hole\u010dkov\u00e1<\/a><\/p>\n","protected":false},"excerpt":{"rendered":"Kdy\u017e Tripadvisor 17. \u00fanora 2026 zve\u0159ejnil sv\u016fj ka\u017edoro\u010dn\u00ed \u017eeb\u0159\u00ed\u010dek Travellers\u2018 Choice Awards: Best of the Best Beaches, Karibik&hellip;\n","protected":false},"author":2,"featured_media":197373,"comment_status":"","ping_status":"","sticky":false,"template":"","format":"standard","meta":{"footnotes":"","_share_on_mastodon":"0"},"categories":[3],"tags":[2038,109,108,106,18881],"class_list":["post-197372","post","type-post","status-publish","format-standard","has-post-thumbnail","category-evropa","tag-clanek","tag-europa","tag-europe","tag-evropa","tag-homepage"],"share_on_mastodon":{"url":"https:\/\/pubeurope.com\/@cz\/117190302703507060","error":""},"_links":{"self":[{"href":"https:\/\/www.europesays.com\/cz\/wp-json\/wp\/v2\/posts\/197372","targetHints":{"allow":["GET"]}}],"collection":[{"href":"https:\/\/www.europesays.com\/cz\/wp-json\/wp\/v2\/posts"}],"about":[{"href":"https:\/\/www.europesays.com\/cz\/wp-json\/wp\/v2\/types\/post"}],"author":[{"embeddable":true,"href":"https:\/\/www.europesays.com\/cz\/wp-json\/wp\/v2\/users\/2"}],"replies":[{"embeddable":true,"href":"https:\/\/www.europesays.com\/cz\/wp-json\/wp\/v2\/comments?post=197372"}],"version-history":[{"count":0,"href":"https:\/\/www.europesays.com\/cz\/wp-json\/wp\/v2\/posts\/197372\/revisions"}],"wp:featuredmedia":[{"embeddable":true,"href":"https:\/\/www.europesays.com\/cz\/wp-json\/wp\/v2\/media\/197373"}],"wp:attachment":[{"href":"https:\/\/www.europesays.com\/cz\/wp-json\/wp\/v2\/media?parent=197372"}],"wp:term":[{"taxonomy":"category","embeddable":true,"href":"https:\/\/www.europesays.com\/cz\/wp-json\/wp\/v2\/categories?post=197372"},{"taxonomy":"post_tag","embeddable":true,"href":"https:\/\/www.europesays.com\/cz\/wp-json\/wp\/v2\/tags?post=197372"}],"curies":[{"name":"wp","href":"https:\/\/api.w.org\/{rel}","templated":true}]}}