{"id":197394,"date":"2026-08-31T13:37:13","date_gmt":"2026-08-31T13:37:13","guid":{"rendered":"https:\/\/www.europesays.com\/cz\/197394\/"},"modified":"2026-08-31T13:37:13","modified_gmt":"2026-08-31T13:37:13","slug":"rakusanka-omylem-prejela-na-dalnici-do-madarska-rychle-se-vratila-ale-pokute-za-mytne-neusla","status":"publish","type":"post","link":"https:\/\/www.europesays.com\/cz\/197394\/","title":{"rendered":"Raku\u0161anka omylem p\u0159ejela na d\u00e1lnici do Ma\u010farska. Rychle se vr\u00e1tila, ale pokut\u011b za m\u00fdtn\u00e9 neu\u0161la"},"content":{"rendered":"<p class=\"c_bB\">\u0158idi\u010dka p\u0159estupek sp\u00e1chala za\u010d\u00e1tkem leto\u0161n\u00edho roku, ale p\u00edsemn\u00e9 vyrozum\u011bn\u00ed o\u00a0pokut\u011b ve v\u00fd\u0161i t\u00e9m\u011b\u0159 153\u00a0eur (3711\u00a0K\u010d) j\u00ed p\u0159i\u0161lo po\u0161tou a\u017e nyn\u00ed. \u201eCht\u011bla jsem jen n\u011bco nakoupit a\u00a0najednou jsem zjistila, \u017ee mus\u00edm p\u0159ejet hranici,\u201c potvrdila serveru <a data-dot=\"atm-link\" target=\"_blank\" rel=\"noopener nofollow\" href=\"https:\/\/www.heute.at\/s\/abfahrt-verpasst-frau-56-muss-152-euro-zahlen-120229250\" class=\"c_I\">Heute<\/a>.<\/p>\n<p class=\"c_bB\">Mo\u017enost k\u00a0oto\u010den\u00ed u\u017e na rakousk\u00e9 stran\u011b nebyla, musela proto\u00a0p\u0159ejet do protism\u011bru a\u017e v\u00a0Ma\u010farsku. Sou\u010d\u00e1st\u00ed vyrozum\u011bn\u00ed o\u00a0p\u0159estupku bylo i\u00a0varov\u00e1n\u00ed, \u017ee pokud platba nebude uhrazena do 60\u00a0dn\u016f od doru\u010den\u00ed, zvy\u0161uje se pokuta automaticky na 200\u00a0eur (4850\u00a0K\u010d).<\/p>\n<p>\u201eU\u017e m\u011b tam neuvid\u00edte\u201c<\/p>\n<p class=\"c_bB\">\u201eOhromilo m\u011b to,\u201c reagovala. \u201eD\u011bkuji ti, Ma\u010farsko, u\u017e m\u011b nikdy neuvid\u00ed\u0161,\u201c dodala s\u00a0t\u00edm, \u017ee auto u\u017e stejn\u011b prodala.<\/p>\n<p class=\"c_bB\">Dopravn\u00ed expert rakousk\u00e9ho automotoklubu \u00d6AMTC Matthias Nagler upozornil, jak je mo\u017en\u00e9 se takov\u00fdm postih\u016fm vyhnout. Uvedl, \u017ee na d\u00e1lni\u010dn\u00edch hrani\u010dn\u00edch p\u0159echodech v\u00a0sousedn\u00edch zem\u00edch je obvykle mo\u017enost koupit si vin\u011btu p\u0159\u00edmo za hranic\u00ed.<\/p>\n<p class=\"c_bB\">\u201ePokud necht\u011bn\u011b p\u0159ejedete, m\u011bli byste nav\u0161t\u00edvit prvn\u00ed odpo\u010d\u00edvadlo nebo parkovi\u0161t\u011b,\u201c \u0159ekl Nagler. Jde zpravidla o\u00a0b\u00fdval\u00e9 hrani\u010dn\u00ed budovy, kter\u00e9 nyn\u00ed slou\u017e\u00ed jako m\u00edsta, kde lze m\u00fdtn\u00e9 uhradit.<\/p>\n<p class=\"c_bB\">V Ma\u010farsku plat\u00ed nav\u00edc zvl\u00e1\u0161tn\u00ed ustanoven\u00ed, \u017ee kdo m\u00fdtn\u00e9 zaplat\u00ed do 60\u00a0minut po p\u0159ejezdu hranice, pokutov\u00e1n nebude. Nagler v\u00a0t\u00e9to souvislosti rad\u00ed, aby si \u0159idi\u010di schovali potvrzen\u00ed o\u00a0zaplacen\u00ed pro p\u0159\u00edpad kontroly nebo nedorozum\u011bn\u00ed.<\/p>\n<p><a data-dot=\"atm-link\" target=\"_self\" href=\"https:\/\/www.novinky.cz\/clanek\/koktejl-ridic-ve-francii-musi-doplatit-statisice-na-mytnem-pri-prujezdech-mytnicemi-podvadel-metodou-vlacku-40584157\" class=\"c_I\" rel=\"nofollow noopener\"><img height=\"2304\" width=\"4096\" src=\"https:\/\/www.europesays.com\/cz\/wp-content\/uploads\/2026\/08\/mytnice.jpeg\" loading=\"lazy\" decoding=\"async\" class=\"c_t c_r c_l\"\/><\/a><\/p>\n","protected":false},"excerpt":{"rendered":"\u0158idi\u010dka p\u0159estupek sp\u00e1chala za\u010d\u00e1tkem leto\u0161n\u00edho roku, ale p\u00edsemn\u00e9 vyrozum\u011bn\u00ed o\u00a0pokut\u011b ve v\u00fd\u0161i t\u00e9m\u011b\u0159 153\u00a0eur (3711\u00a0K\u010d) j\u00ed p\u0159i\u0161lo po\u0161tou&hellip;\n","protected":false},"author":2,"featured_media":197395,"comment_status":"","ping_status":"","sticky":false,"template":"","format":"standard","meta":{"footnotes":"","_share_on_mastodon":"0"},"categories":[11],"tags":[796,15364,2058,256,7656,54,53,52],"class_list":["post-197394","post","type-post","status-publish","format-standard","has-post-thumbnail","category-svet","tag-madarsko","tag-mytne","tag-pokuta","tag-rakousko","tag-ridici","tag-svet","tag-world","tag-world-news"],"share_on_mastodon":{"url":"https:\/\/pubeurope.com\/@cz\/117190397073664563","error":""},"_links":{"self":[{"href":"https:\/\/www.europesays.com\/cz\/wp-json\/wp\/v2\/posts\/197394","targetHints":{"allow":["GET"]}}],"collection":[{"href":"https:\/\/www.europesays.com\/cz\/wp-json\/wp\/v2\/posts"}],"about":[{"href":"https:\/\/www.europesays.com\/cz\/wp-json\/wp\/v2\/types\/post"}],"author":[{"embeddable":true,"href":"https:\/\/www.europesays.com\/cz\/wp-json\/wp\/v2\/users\/2"}],"replies":[{"embeddable":true,"href":"https:\/\/www.europesays.com\/cz\/wp-json\/wp\/v2\/comments?post=197394"}],"version-history":[{"count":0,"href":"https:\/\/www.europesays.com\/cz\/wp-json\/wp\/v2\/posts\/197394\/revisions"}],"wp:featuredmedia":[{"embeddable":true,"href":"https:\/\/www.europesays.com\/cz\/wp-json\/wp\/v2\/media\/197395"}],"wp:attachment":[{"href":"https:\/\/www.europesays.com\/cz\/wp-json\/wp\/v2\/media?parent=197394"}],"wp:term":[{"taxonomy":"category","embeddable":true,"href":"https:\/\/www.europesays.com\/cz\/wp-json\/wp\/v2\/categories?post=197394"},{"taxonomy":"post_tag","embeddable":true,"href":"https:\/\/www.europesays.com\/cz\/wp-json\/wp\/v2\/tags?post=197394"}],"curies":[{"name":"wp","href":"https:\/\/api.w.org\/{rel}","templated":true}]}}