{"id":197472,"date":"2026-08-31T14:54:36","date_gmt":"2026-08-31T14:54:36","guid":{"rendered":"https:\/\/www.europesays.com\/cz\/197472\/"},"modified":"2026-08-31T14:54:36","modified_gmt":"2026-08-31T14:54:36","slug":"stanice-metra-d-maji-sve-definitivni-nazvy-radni-schvalili-nekolik-zmen-2","status":"publish","type":"post","link":"https:\/\/www.europesays.com\/cz\/197472\/","title":{"rendered":"Stanice metra D maj\u00ed sv\u00e9 definitivn\u00ed n\u00e1zvy: Radn\u00ed schv\u00e1lili n\u011bkolik zm\u011bn"},"content":{"rendered":"<p>Linka metra D propoj\u00ed P\u00edsnici s n\u00e1m\u011bst\u00edm M\u00edru a odleh\u010d\u00ed doprav\u011b na jihu metropole. Stavba prvn\u00ed \u010d\u00e1sti linky mezi Pankr\u00e1c\u00ed a Olbrachtovou za\u010dala v roce 2022. Linka D by m\u011bla minim\u00e1ln\u011b v \u00faseku mezi Olbrachtovou a Nov\u00fdmi Dvory za\u010d\u00edt jezdit ve druh\u00e9 polovin\u011b roku 2032, jezdit na n\u00ed budou automatick\u00e9 vlaky.<\/p>\n<p>    <a aria-label=\"Prvn\u00ed kr\u016f\u010dky k Vltavsk\u00e9 filharmonii: Praha po\u017e\u00e1dala o stavebn\u00ed povolen\u00ed\" title=\"Prvn\u00ed kr\u016f\u010dky k Vltavsk\u00e9 filharmonii: Praha po\u017e\u00e1dala o stavebn\u00ed povolen\u00ed\" href=\"https:\/\/www.blesk.cz\/clanek\/regiony-praha-praha-zpravy\/847199\/prvni-krucky-k-vltavske-filharmonii-praha-pozadala-o-stavebni-povoleni.html\" class=\"article-card article-card--type-1 artobj\" data-track-click=\"{&quot;clickTo&quot;:&quot;button&quot;,&quot;link&quot;:{&quot;type&quot;:&quot;article-card&quot;,&quot;text&quot;:&quot;Prvn\u00ed kr\u016f\u010dky k Vltavsk\u00e9 filharmonii: Praha po\u017e\u00e1dala o stavebn\u00ed povolen\u00ed&quot;,&quot;url&quot;:&quot;https:\/\/www.blesk.cz\/clanek\/regiony-praha-praha-zpravy\/847199\/prvni-krucky-k-vltavske-filharmonii-praha-pozadala-o-stavebni-povoleni.html&quot;,&quot;location&quot;:&quot;page&quot;}}\" data-track-element-id=\"artobject-article-link-1-847199\" data-track-list=\"{\" item=\"\" kr=\"\" k=\"\" vltavsk=\"\" filharmonii:=\"\" praha=\"\" po=\"\" o=\"\" stavebn=\"\" povolen=\"\" vltavs rel=\"nofollow noopener\" target=\"_blank\"><\/p>\n<p>\t<img decoding=\"async\" src=\"https:\/\/www.europesays.com\/cz\/wp-content\/uploads\/2026\/08\/1788188074_41_8872627.jpg\" alt=\"BIG p\u0159edstavil nov\u00e9 vizualizace Vltavsk\u00e9 filharmonie\" title=\"\" width=\"238\" height=\"158,67\" class=\"\" style=\"aspect-ratio: 238 \/ 158,67\" loading=\"lazy\"\/><\/p>\n<p>    Prvn\u00ed kr\u016f\u010dky k Vltavsk\u00e9 filharmonii: Praha po\u017e\u00e1dala o stavebn\u00ed povolen\u00ed<\/p>\n<p>    <\/a><\/p>\n<p>Diskusi o pojmenov\u00e1n\u00ed stanic metra linky D odstartoval loni n\u00e1vrh na zm\u011bnu n\u00e1zvu stanice Olbrachtova. Kritik\u016fm se nel\u00edbilo, \u017ee m\u011bla n\u00e9st n\u00e1zev po novin\u00e1\u0159i a spisovateli Ivanu Olbrachtovi (vlastn\u00edm jm\u00e9nem Kamilu Zemanovi), kter\u00fd byl komunistou a po druh\u00e9 sv\u011btov\u00e9 v\u00e1lce se aktivn\u011b \u00fa\u010dastnil n\u00e1stupu komunistick\u00e9 strany k moci.<\/p>\n<p>N\u00e1sledn\u011b se p\u0159ejmenov\u00e1n\u00edm opakovan\u011b zab\u00fdvala m\u00edstopisn\u00e1 komise, kter\u00e1 \u0159e\u0161\u00ed pojmenov\u00e1n\u00ed ulic a dal\u0161\u00edch ve\u0159ejn\u00fdch m\u00edst v metropoli a n\u00e1sledn\u011b pod\u00e1v\u00e1 doporu\u010den\u00ed rad\u011b m\u011bsta, kter\u00e1 je fin\u00e1ln\u011b schvaluje. Komise nejprve rozhodla o p\u0159ejmenov\u00e1n\u00ed prvn\u00edch \u010dty\u0159 stanic a n\u00e1sledn\u011b v \u010dervnu i o posledn\u00edm Depu P\u00edsnice. Krom\u011b t\u0159\u00ed stanic, kter\u00fdm z\u016fstaly dosud u\u017e\u00edvan\u00e9 n\u00e1zvy, jsou na lince je\u0161t\u011b p\u0159estupn\u00ed stanice Pankr\u00e1c a N\u00e1m\u011bst\u00ed M\u00edru, kter\u00e9 z logick\u00fdch d\u016fvod\u016f z\u016fstaly rovn\u011b\u017e zachov\u00e1ny.<\/p>\n<p>    <a aria-label=\"Star Trek oslav\u00ed 60 let v \u010cesku! Praha i Brno p\u0159iv\u00edtaj\u00ed nejv\u011bt\u0161\u00ed hv\u011bzdy seri\u00e1lu!\" title=\"Star Trek oslav\u00ed 60 let v \u010cesku! Praha i Brno p\u0159iv\u00edtaj\u00ed nejv\u011bt\u0161\u00ed hv\u011bzdy seri\u00e1lu!\" href=\"https:\/\/www.blesk.cz\/clanek\/celebrity-serialy-filmy-kino-a-tv\/847152\/star-trek-oslavi-60-let-v-cesku-praha-i-brno-privitaji-nejvetsi-hvezdy-serialu.html\" class=\"article-card article-card--type-1 artobj\" data-track-click=\"{&quot;clickTo&quot;:&quot;button&quot;,&quot;link&quot;:{&quot;type&quot;:&quot;article-card&quot;,&quot;text&quot;:&quot;Star Trek oslav\u00ed 60 let v \u010cesku! Praha i Brno p\u0159iv\u00edtaj\u00ed nejv\u011bt\u0161\u00ed hv\u011bzdy seri\u00e1lu!&quot;,&quot;url&quot;:&quot;https:\/\/www.blesk.cz\/clanek\/celebrity-serialy-filmy-kino-a-tv\/847152\/star-trek-oslavi-60-let-v-cesku-praha-i-brno-privitaji-nejvetsi-hvezdy-serialu.html&quot;,&quot;location&quot;:&quot;page&quot;}}\" data-track-element-id=\"artobject-article-link-2-847152\" data-track-list=\"{\" item=\"\" trek=\"\" oslav=\"\" let=\"\" v=\"\" praha=\"\" i=\"\" brno=\"\" p=\"\" nejv=\"\" hv=\"\" seri=\"\" nej ser rel=\"nofollow noopener\" target=\"_blank\"><\/p>\n<p>\t<img decoding=\"async\" src=\"https:\/\/www.europesays.com\/cz\/wp-content\/uploads\/2026\/08\/1788188075_178_9952581.jpg\" alt=\"Hv\u011bzda Star Treku v \u010cesku\" title=\"\" width=\"238\" height=\"158,67\" class=\"\" style=\"aspect-ratio: 238 \/ 158,67\" loading=\"lazy\"\/><\/p>\n<p>    Star Trek oslav\u00ed 60 let v \u010cesku! Praha i Brno p\u0159iv\u00edtaj\u00ed nejv\u011bt\u0161\u00ed hv\u011bzdy seri\u00e1lu!<\/p>\n<p>    <\/a><\/p>\n<p>Na stavbu prvn\u00ed \u010d\u00e1sti linky mezi Pankr\u00e1c\u00ed a Olbrachtovou by m\u011bl z\u00e1hy navazovat druh\u00fd \u00fasek z Olbrachtovy na Nov\u00e9 Dvory, kter\u00fd zahrnuje i ra\u017ebu tunel\u016f a\u017e do P\u00edsnice. Jeho p\u0159\u00edprava se v\u0161ak zdr\u017eela o v\u00edce ne\u017e 2,5 roku kv\u016fli opakovan\u00fdm napaden\u00edm tendru u antimonopoln\u00edho \u00fa\u0159adu. Stavba za\u010dala a\u017e koncem leto\u0161n\u00edho \u010dervna. V z\u00e1\u0159\u00ed leto\u0161n\u00edho roku pl\u00e1nuje dopravn\u00ed podnik vypsat zak\u00e1zku na stanice Libu\u0161 a Depo P\u00edsnice.<\/p>\n<p>Vedle \u00faseku z Pankr\u00e1ce do P\u00edsnice je v p\u0159\u00edprav\u011b prodlou\u017een\u00ed linky z Pankr\u00e1ce na n\u00e1m\u011bst\u00ed M\u00edru a v\u00fdhledov\u011b m\u011bsto pl\u00e1nuje veden\u00ed Metra D a\u017e na n\u00e1m\u011bst\u00ed Republiky.<\/p>\n<p>          <a class=\"galleryNext\" href=\"https:\/\/www.blesk.cz\/galerie\/regiony-praha-praha-zpravy\/1496488\/stanice-metra-d-maji-sve-definitivni-nazvy-radni-schvalili-nekolik-zmen?foto=2\" rel=\"nofollow noopener\" target=\"_blank\"><\/p>\n<p>          <\/a><br \/>\n          <a href=\"https:\/\/www.blesk.cz\/galerie\/regiony-praha-praha-zpravy\/1496488\/stanice-metra-d-maji-sve-definitivni-nazvy-radni-schvalili-nekolik-zmen?foto=1\" class=\"photoIn\" rel=\"nofollow noopener\" target=\"_blank\"><br \/>\n            <img decoding=\"async\" src=\"https:\/\/www.europesays.com\/cz\/wp-content\/uploads\/2026\/08\/9865575.jpg\" title=\"Dokon\u010dov\u00e1n\u00ed prvn\u00edho \u00faseku metra D mezi stanicemi Pankr\u00e1c D a Olbrachtova. (2026)\" alt=\"Dokon\u010dov\u00e1n\u00ed prvn\u00edho \u00faseku metra D mezi stanicemi Pankr\u00e1c D a Olbrachtova. (2026)\" width=\"520\" loading=\"lazy\"\/><br \/>\n          <\/a><\/p>\n<p>Dokon\u010dov\u00e1n\u00ed prvn\u00edho \u00faseku metra D mezi stanicemi Pankr\u00e1c D a Olbrachtova. (2026)<\/p>\n<p>Autor:\u00a0Blesk:David Mal\u00edk<\/p>\n","protected":false},"excerpt":{"rendered":"Linka metra D propoj\u00ed P\u00edsnici s n\u00e1m\u011bst\u00edm M\u00edru a odleh\u010d\u00ed doprav\u011b na jihu metropole. Stavba prvn\u00ed \u010d\u00e1sti linky&hellip;\n","protected":false},"author":2,"featured_media":197473,"comment_status":"","ping_status":"","sticky":false,"template":"","format":"standard","meta":{"footnotes":"","_share_on_mastodon":"0"},"categories":[30],"tags":[35187,45349,5494,41754,8863,11480,18043,98,99,34213,26484],"class_list":["post-197472","post","type-post","status-publish","format-standard","has-post-thumbnail","category-praha","tag-depo-pisnice","tag-ivan-olbracht","tag-metro-d","tag-namesti-bratri-synku","tag-nusle","tag-pankrac","tag-pisnice","tag-prague","tag-praha","tag-praha-libus","tag-stanice-metra"],"share_on_mastodon":{"url":"https:\/\/pubeurope.com\/@cz\/117190699815617544","error":""},"_links":{"self":[{"href":"https:\/\/www.europesays.com\/cz\/wp-json\/wp\/v2\/posts\/197472","targetHints":{"allow":["GET"]}}],"collection":[{"href":"https:\/\/www.europesays.com\/cz\/wp-json\/wp\/v2\/posts"}],"about":[{"href":"https:\/\/www.europesays.com\/cz\/wp-json\/wp\/v2\/types\/post"}],"author":[{"embeddable":true,"href":"https:\/\/www.europesays.com\/cz\/wp-json\/wp\/v2\/users\/2"}],"replies":[{"embeddable":true,"href":"https:\/\/www.europesays.com\/cz\/wp-json\/wp\/v2\/comments?post=197472"}],"version-history":[{"count":0,"href":"https:\/\/www.europesays.com\/cz\/wp-json\/wp\/v2\/posts\/197472\/revisions"}],"wp:featuredmedia":[{"embeddable":true,"href":"https:\/\/www.europesays.com\/cz\/wp-json\/wp\/v2\/media\/197473"}],"wp:attachment":[{"href":"https:\/\/www.europesays.com\/cz\/wp-json\/wp\/v2\/media?parent=197472"}],"wp:term":[{"taxonomy":"category","embeddable":true,"href":"https:\/\/www.europesays.com\/cz\/wp-json\/wp\/v2\/categories?post=197472"},{"taxonomy":"post_tag","embeddable":true,"href":"https:\/\/www.europesays.com\/cz\/wp-json\/wp\/v2\/tags?post=197472"}],"curies":[{"name":"wp","href":"https:\/\/api.w.org\/{rel}","templated":true}]}}