{"id":197500,"date":"2026-08-31T15:18:18","date_gmt":"2026-08-31T15:18:18","guid":{"rendered":"https:\/\/www.europesays.com\/cz\/197500\/"},"modified":"2026-08-31T15:18:18","modified_gmt":"2026-08-31T15:18:18","slug":"uloveny-zralok-vykousl-rybari-na-palube-kus-lytka","status":"publish","type":"post","link":"https:\/\/www.europesays.com\/cz\/197500\/","title":{"rendered":"Uloven\u00fd \u017eralok vykousl ryb\u00e1\u0159i na palub\u011b kus l\u00fdtka"},"content":{"rendered":"<p class=\"c_bB\">Incident, kter\u00fd na\u0161t\u011bst\u00ed nem\u011bl fat\u00e1ln\u00ed n\u00e1sledky, se odehr\u00e1l tento m\u011bs\u00edc u\u00a0ji\u017en\u00edho pob\u0159e\u017e\u00ed Irska. P\u011bti\u010dlenn\u00e1 skupina ryb\u00e1\u0159\u016f, mezi nimi 27let\u00fd Sebastian Achim z\u00a0Rumunska, vyplula na mo\u0159e z\u00a0lokality Ram Head, napsal den\u00edk <a data-dot=\"atm-link\" target=\"_blank\" rel=\"noopener nofollow\" href=\"https:\/\/www.irishtimes.com\/ireland\/2026\/08\/12\/man-hospitalised-after-suffering-a-shark-bite-off-waterford-coast\/\" class=\"c_I\">The Irish Times<\/a>.<\/p>\n<p class=\"c_bB\">Pos\u00e1dka lovila asi 6,5\u00a0kilometru od pevniny, a\u00a0kdy\u017e se na palub\u011b mrskaly prvn\u00ed \u00falovky, mezi nimi \u017eraloci mod\u0159\u00ed, p\u0159i\u0161el \u00fatok. Pred\u00e1tor zabojoval i \u201ena sou\u0161i\u201c, k\u00a0\u010demu\u017e vyu\u017eil okam\u017eiku, kdy kolegov\u00e9 Sebastiana nat\u00e1\u010deli.<\/p>\n<p class=\"c_bB\">\u201eByl jsem od n\u011bj asi metr. Obdivoval jsem sv\u016fj \u00falovek, kdy\u017e na m\u011b najednou za\u00fato\u010dil,\u201c vyl\u00ed\u010dil Sebastian kritick\u00e9 chv\u00edle. \u201eMyslel jsem, \u017ee to nep\u0159e\u017eiju. Sna\u017eil jsem se z\u016fstat siln\u00fd, abych nevyd\u011bsil zbytek pos\u00e1dky,\u201c dodal Rumun, pro kter\u00e9ho je ryba\u0159en\u00ed dlouholetou v\u00e1\u0161n\u00ed.<\/p>\n<p class=\"c_bB\">\u017draloka modr\u00e9ho cht\u011bl ulovit u\u017e d\u00e1vno. \u201eByli jsme na mo\u0159i p\u00e1r hodin. Ka\u017ed\u00fd z\u00a0n\u00e1s si chytil jednoho. I\u00a0mn\u011b se to kone\u010dn\u011b poda\u0159ilo, m\u011b\u0159il asi 1,5\u00a0metru,\u201c pokra\u010doval Sebastian.<\/p>\n<p class=\"c_bB\">\u201eKousl m\u011b do l\u00fdtka a\u00a0do kosti, p\u0159i\u010dem\u017e \u010d\u00e1st svalu utrhl. Okam\u017eit\u011b jsem za\u010dal krv\u00e1cet, co\u017e jsem se sna\u017eil zastavit s\u00a0pomoc\u00ed lana. Na palub\u011b se nahromadilo zna\u010dn\u00e9 mno\u017estv\u00ed krve,\u201c \u0159ekl d\u00e1le Sebastian.<\/p>\n<p>Do vrtuln\u00edku v\u00a0bezv\u011bdom\u00ed<\/p>\n<p class=\"c_bB\">Kdy\u017e jej pos\u00e1dka vrtuln\u00edku vytahovala z\u00a0p\u011btimetrov\u00e9 lodi, byl u\u017e v\u00a0bezv\u011bdom\u00ed. \u201eVrtuln\u00edk hodn\u011b pomohl. Pravd\u011bpodobn\u011b je to d\u016fvod, \u017ee jsem p\u0159e\u017eil,\u201c uvedl ryb\u00e1\u0159, kter\u00e9ho \u010dekalo n\u011bkolik dn\u00ed v\u00a0nemocnici.<\/p>\n<p class=\"c_bB\">Modr\u00e9 \u017eraloky pr\u00fd u\u017e nebude lovit, proto\u017ee &#8211; jak uvedl &#8211; se pou\u010dil. Ostatn\u00edm doporu\u010dil, aby byli opatrn\u00ed.<\/p>\n<p class=\"c_bB\">\u017draloci mod\u0159\u00ed dor\u016fstaj\u00ed d\u00e9lky v\u00edce ne\u017e t\u0159i metry a\u00a0v\u00e1\u017e\u00ed okolo 200\u00a0kilogram\u016f. Ob\u00fdvaj\u00ed chladn\u00e9 vody m\u00edrn\u00e9ho a\u00a0tropick\u00e9ho p\u00e1su, ve kter\u00fdch se dok\u00e1\u017eou potopit a\u017e do hloubky 350\u00a0metr\u016f. Je zn\u00e1mo 13\u00a0p\u0159\u00edpad\u016f nevyprovokovan\u00e9ho \u00fatoku \u017eraloka modr\u00e9ho na \u010dlov\u011bka, z\u00a0toho byly \u010dty\u0159i smrteln\u00e9.<\/p>\n<p><a data-dot=\"atm-link\" target=\"_self\" href=\"https:\/\/www.novinky.cz\/clanek\/zahranicni-dvanactilety-chlapec-unikl-smrti-po-napadeni-zralokem-masivni-krvaceni-z-nohy-zastavily-bratrovy-plavky-40586117\" class=\"c_I\" rel=\"nofollow noopener\"><img fetchpriority=\"high\" height=\"2304\" width=\"4096\" src=\"https:\/\/www.europesays.com\/cz\/wp-content\/uploads\/2026\/08\/1788189498_772_zralok.jpeg\" loading=\"eager\" decoding=\"sync\" class=\"c_t c_r\"\/><\/a><\/p>\n","protected":false},"excerpt":{"rendered":"Incident, kter\u00fd na\u0161t\u011bst\u00ed nem\u011bl fat\u00e1ln\u00ed n\u00e1sledky, se odehr\u00e1l tento m\u011bs\u00edc u\u00a0ji\u017en\u00edho pob\u0159e\u017e\u00ed Irska. P\u011bti\u010dlenn\u00e1 skupina ryb\u00e1\u0159\u016f, mezi nimi&hellip;\n","protected":false},"author":2,"featured_media":197501,"comment_status":"","ping_status":"","sticky":false,"template":"","format":"standard","meta":{"footnotes":"","_share_on_mastodon":"0"},"categories":[7],"tags":[43,42,41,40,949,3261,2889,3650,15748],"class_list":["post-197500","post","type-post","status-publish","format-standard","has-post-thumbnail","category-cesko","tag-ceska-republika","tag-cesko","tag-czech-republic","tag-czechia","tag-irsko","tag-lode","tag-rumunsko","tag-rybari","tag-zraloci"],"share_on_mastodon":{"url":"https:\/\/pubeurope.com\/@cz\/117190794075971379","error":""},"_links":{"self":[{"href":"https:\/\/www.europesays.com\/cz\/wp-json\/wp\/v2\/posts\/197500","targetHints":{"allow":["GET"]}}],"collection":[{"href":"https:\/\/www.europesays.com\/cz\/wp-json\/wp\/v2\/posts"}],"about":[{"href":"https:\/\/www.europesays.com\/cz\/wp-json\/wp\/v2\/types\/post"}],"author":[{"embeddable":true,"href":"https:\/\/www.europesays.com\/cz\/wp-json\/wp\/v2\/users\/2"}],"replies":[{"embeddable":true,"href":"https:\/\/www.europesays.com\/cz\/wp-json\/wp\/v2\/comments?post=197500"}],"version-history":[{"count":0,"href":"https:\/\/www.europesays.com\/cz\/wp-json\/wp\/v2\/posts\/197500\/revisions"}],"wp:featuredmedia":[{"embeddable":true,"href":"https:\/\/www.europesays.com\/cz\/wp-json\/wp\/v2\/media\/197501"}],"wp:attachment":[{"href":"https:\/\/www.europesays.com\/cz\/wp-json\/wp\/v2\/media?parent=197500"}],"wp:term":[{"taxonomy":"category","embeddable":true,"href":"https:\/\/www.europesays.com\/cz\/wp-json\/wp\/v2\/categories?post=197500"},{"taxonomy":"post_tag","embeddable":true,"href":"https:\/\/www.europesays.com\/cz\/wp-json\/wp\/v2\/tags?post=197500"}],"curies":[{"name":"wp","href":"https:\/\/api.w.org\/{rel}","templated":true}]}}