{"id":197502,"date":"2026-08-31T15:19:28","date_gmt":"2026-08-31T15:19:28","guid":{"rendered":"https:\/\/www.europesays.com\/cz\/197502\/"},"modified":"2026-08-31T15:19:28","modified_gmt":"2026-08-31T15:19:28","slug":"ne-vzdy-to-pujde-hezkym-fotbalem-zjistili-olomoucti-pri-prohre-s-banikem-idnes-cz","status":"publish","type":"post","link":"https:\/\/www.europesays.com\/cz\/197502\/","title":{"rendered":"Ne v\u017edy to p\u016fjde hezk\u00fdm fotbalem, zjistili Olomou\u010dt\u00ed p\u0159i proh\u0159e s Ban\u00edkem &#8211; iDNES.cz"},"content":{"rendered":"<p><a href=\"https:\/\/news.google.com\/rss\/articles\/CBMimAFBVV95cUxQbnVRMktNaFFZbHVjSjFWeWpfaXR3ckN4VFV5SUpfRUJUOVViV0lqRXdIeWYtc3VZVVdOZjdZS25Ic3ZPUXdVdUh6YkNWUlR6LXZGLVlvTThVOXUyd0ppM1hHeFQ2S2pWNXNubE5sT2hlajUxU092R1ZFXzRlUDRpX3hiMjBYMnZjV3BmMGF0MW0zTjRzT1lobw?oc=5\" target=\"_blank\" rel=\"nofollow noopener\">Ne v\u017edy to p\u016fjde hezk\u00fdm fotbalem, zjistili Olomou\u010dt\u00ed p\u0159i proh\u0159e s Ban\u00edkem<\/a>&nbsp;&nbsp;iDNES.cz<a href=\"https:\/\/news.google.com\/rss\/articles\/CBMikAFBVV95cUxNU1lOM1dJUmJBdk5GLXRCYmg3a2ZRWVNXa3FHNlNOSllUZ0dkOG9NWjN1RWpUS2VKd0V4M2EybktSLVdjZnRocU96NHpKYzN6UklSZUQ5RkpSU2prM3pZSXk3YnVTWW83ZGRheGpvd0J6YlBmSWlYOUpvYkZHdGhRVF9fSDF2czZFQmFFUmJmbWg?oc=5\" target=\"_blank\" rel=\"nofollow noopener\">Hapal: Mus\u00edme b\u00fdt kvalitn\u011bj\u0161\u00ed ve fin\u00e1ln\u00ed t\u0159etin\u011b<\/a>&nbsp;&nbsp;SK Sigma Olomouc<a href=\"https:\/\/news.google.com\/rss\/articles\/CBMibkFVX3lxTE9nbC1maFVPNzZpOTZvRUVHTDE5ZG9lREZyY3hIYzd5TDVwaEZOaEhNcmZ2SXBTbWFxZVUwNXBrd1hxamlObmozdGstSFlxX3JuUHV0STAteXQ5YWgxOFc4MDZlOVp6UGV2c3h6RXVn?oc=5\" target=\"_blank\" rel=\"nofollow noopener\">Ostravsk\u00fd obr\u00e1nce M\u00ed\u010dek: M\u00e1m chu\u0165 i na g\u00f3ly, st\u0159ely mi asi jdou<\/a>&nbsp;&nbsp;R\u00e1dio Impuls<a href=\"https:\/\/news.google.com\/rss\/articles\/CBMiygFBVV95cUxNMEk5QlV3aG9IakxGT0UwTmxVSGkxYkhnVUpnS3pKeDZEdHVKQkI4LXhRYS1hcVpkNTA2cXhITjF6czROc0ZNUnpRSGxxUVFBc0dzU0dkZmoyLVAzdzNYd3pTRFIyWUlZa0gxTmsxTEVhZzRxWHJPaFoxNVBkUy1QZXZwTU0zNndKRE9lQmVSTmRZc3JoSURxX1FfQ3ZsMGZ2b1hUVjRHZTBRNUN5OXFiNFNFWjdiNjJUOXpNTmt4eGZ3ZlU2YmVRWFV3?oc=5\" target=\"_blank\" rel=\"nofollow noopener\">SEST\u0158IH: Ban\u00edk zapsal druhou v\u00fdhru v \u0159ad\u011b, Sigmu svalil nejt\u011bsn\u011bj\u0161\u00edm mo\u017en\u00fdm rozd\u00edlem<\/a>&nbsp;&nbsp;Sport.cz<a href=\"https:\/\/news.google.com\/rss\/articles\/CBMitwFBVV95cUxOWmlnbWNPdmtpdDR5YXlNUnplM2xTYkhUanducU5aaFo0LWQteEFZQVIxU2lHRXEyd3hGUTE2bUxTX09pMUxaQjhqTWtQTm1reDhGZmRITHlSekxzTnRNSGYxcEpvMEkxT2puNHkydkhGVWhkTXkxS3hBc0FRVG1fRlp3RVRxNTVLb1JNUlZESlBqTndEaVFYTnJUTlUyZ0dfelQ3WGtrek5UTW5pRDMwdVVrckZQZFU?oc=5\" target=\"_blank\" rel=\"nofollow noopener\">Sigma poprv\u00e9 bez g\u00f3lu? S Ban\u00edkem mus\u00edme po\u010d\u00edtat, v\u00ed Hapal. Chacha\u0159i ho pot\u011b\u0161ili<\/a>&nbsp;&nbsp;Moravskoslezsk\u00fd den\u00edk<\/p>\n","protected":false},"excerpt":{"rendered":"Ne v\u017edy to p\u016fjde hezk\u00fdm fotbalem, zjistili Olomou\u010dt\u00ed p\u0159i proh\u0159e s Ban\u00edkem&nbsp;&nbsp;iDNES.czHapal: Mus\u00edme b\u00fdt kvalitn\u011bj\u0161\u00ed ve fin\u00e1ln\u00ed t\u0159etin\u011b&nbsp;&nbsp;SK&hellip;\n","protected":false},"author":2,"featured_media":197503,"comment_status":"","ping_status":"","sticky":false,"template":"","format":"standard","meta":{"footnotes":"","_share_on_mastodon":"0"},"categories":[10],"tags":[972,17,21,743,16,395,19331,2844,18,19,22,2246,20],"class_list":["post-197502","post","type-post","status-publish","format-standard","has-post-thumbnail","category-zpravy","tag-banik-ostrava","tag-headlines","tag-hlavni-udalosti","tag-moravskoslezsky-kraj","tag-news","tag-olomoucky-kraj","tag-pavel-hapal","tag-sigma-olomouc","tag-top-news","tag-top-stories","tag-udalosti-dne","tag-vaclav-sejk","tag-zpravy"],"share_on_mastodon":{"url":"https:\/\/pubeurope.com\/@cz\/117190797922984168","error":""},"_links":{"self":[{"href":"https:\/\/www.europesays.com\/cz\/wp-json\/wp\/v2\/posts\/197502","targetHints":{"allow":["GET"]}}],"collection":[{"href":"https:\/\/www.europesays.com\/cz\/wp-json\/wp\/v2\/posts"}],"about":[{"href":"https:\/\/www.europesays.com\/cz\/wp-json\/wp\/v2\/types\/post"}],"author":[{"embeddable":true,"href":"https:\/\/www.europesays.com\/cz\/wp-json\/wp\/v2\/users\/2"}],"replies":[{"embeddable":true,"href":"https:\/\/www.europesays.com\/cz\/wp-json\/wp\/v2\/comments?post=197502"}],"version-history":[{"count":0,"href":"https:\/\/www.europesays.com\/cz\/wp-json\/wp\/v2\/posts\/197502\/revisions"}],"wp:featuredmedia":[{"embeddable":true,"href":"https:\/\/www.europesays.com\/cz\/wp-json\/wp\/v2\/media\/197503"}],"wp:attachment":[{"href":"https:\/\/www.europesays.com\/cz\/wp-json\/wp\/v2\/media?parent=197502"}],"wp:term":[{"taxonomy":"category","embeddable":true,"href":"https:\/\/www.europesays.com\/cz\/wp-json\/wp\/v2\/categories?post=197502"},{"taxonomy":"post_tag","embeddable":true,"href":"https:\/\/www.europesays.com\/cz\/wp-json\/wp\/v2\/tags?post=197502"}],"curies":[{"name":"wp","href":"https:\/\/api.w.org\/{rel}","templated":true}]}}