{"id":197534,"date":"2026-08-31T15:45:28","date_gmt":"2026-08-31T15:45:28","guid":{"rendered":"https:\/\/www.europesays.com\/cz\/197534\/"},"modified":"2026-08-31T15:45:28","modified_gmt":"2026-08-31T15:45:28","slug":"divocina-na-nuselskem-moste-policiste-zasahovali-proti-70-motorkarum-hrozili-strelnou-zbrani","status":"publish","type":"post","link":"https:\/\/www.europesays.com\/cz\/197534\/","title":{"rendered":"Divo\u010dina na Nuselsk\u00e9m most\u011b. Policist\u00e9 zasahovali proti 70 motork\u00e1\u0159\u016fm, hrozili st\u0159elnou zbran\u00ed"},"content":{"rendered":"<p class=\"main-title\">\n        Ne\u017e za\u010dnete \u010d\u00edst<br \/>\n        Co byste m\u011bli v\u011bd\u011bt, ne\u017e za\u010dnete \u010d\u00edst\n    <\/p>\n<p>Sedmdes\u00e1t motork\u00e1\u0159\u016f blokovalo pra\u017esk\u00fd most.<\/p>\n<p>Agresivn\u00ed j\u00edzda po zadn\u00edm kole i skryt\u00e9 zna\u010dky.<\/p>\n<p>Policist\u00e9 museli vyt\u00e1hnout st\u0159eln\u00e9 zbran\u011b.<\/p>\n<p>Jak dopadla kontrola patn\u00e1cti zastaven\u00fdch stroj\u016f?<\/p>\n<p>        <a href=\"\" class=\"show-more\" data-collapsed-text=\"V\u00edce\" data-expanded-text=\"M\u00e9n\u011b\"><br \/>\n        V\u00edce<br \/>\n    <\/a><\/p>\n<p>        <img decoding=\"async\" src=\"https:\/\/www.europesays.com\/cz\/wp-content\/uploads\/2026\/08\/1788191127_947_fallback-image.jpg\" alt=\"CNN Prima NEWS\" class=\"avatar-img w-[40px] h-[40px] min-w-[40px] rounded-full border-[1.5px] border-solid border-black object-cover hover:opacity-90 transition-opacity before:!content-none !bg-none\" loading=\"lazy\"\/><\/p>\n<p>                            CNN Prima NEWS<\/p>\n<p>                        30. srp 2026, 11:28\n                    <\/p>\n<p class=\"lead\">\n                        Policist\u00e9 v sobotu ve\u010der museli zasahovat proti 70 motork\u00e1\u0159\u016fm na pra\u017esk\u00e9m Nuselsk\u00e9m most\u011b. Na m\u00edst\u011b m\u011bli jezdit po zadn\u00edm kole a s ohnut\u00fdmi registra\u010dn\u00edmi zna\u010dkami. Policist\u00e9 zkontrolovali jen \u010d\u00e1st motork\u00e1\u0159\u016f. Jeden z nich zastavil a\u017e pod hrozbou nam\u00ed\u0159en\u00e9 zbran\u011b, informovala agentura Aktu.\n                    <\/p>\n<p>                                <a href=\"https:\/\/www.seznam.cz\/pridat-boxik\/173335\" onclick=\"dataLayer.push({&#039;event&#039;: &#039;add_to_seznam&#039;})\" class=\"hidden w-full\" id=\"seznam-banner\" rel=\"nofollow noopener\" target=\"_blank\"><\/p>\n<p>        <img decoding=\"async\" loading=\"lazy\" class=\"w-full mb-4\" src=\"https:\/\/assets.cnn.iprima.cz\/images\/seznam-banner-desktop-v3.svg\" alt=\"Seznam.cz banner\"\/><\/p>\n<p><\/a><\/p>\n<p>Podle informac\u00ed <a target=\"_blank\" href=\"http:\/\/Aktu.cz\" rel=\"nofollow noopener\">Aktu.cz<\/a> celkem 70 motork\u00e1\u0159\u016f poru\u0161ovalo p\u0159edpisy na Nuselsk\u00e9m most\u011b, tedy nedaleko m\u00edsta, kde s\u00eddl\u00ed policejn\u00ed \u0159editelstv\u00ed. Str\u00e1\u017eci z\u00e1kona ihned zas\u00e1hli.<\/p>\n<p>Pod\u00edvejte se na z\u00e1b\u011bry z kamer na p\u0159ilb\u00e1ch pron\u00e1sledovan\u00fdch motork\u00e1\u0159\u016f:<\/p>\n<p>Incident se \u00fadajn\u011b odehr\u00e1l v sobotu okolo p\u016fl jeden\u00e1ct\u00e9 ve\u010der. Policist\u00e9 jednoho z motork\u00e1\u0159\u016f zastavili a\u017e d\u00edky nam\u00ed\u0159en\u00e9 st\u0159eln\u00e9 zbrani. Na m\u00edst\u011b bylo zkontrolov\u00e1no asi 15 motorek. N\u011bkte\u0159\u00ed budou nad\u00e1le \u0159e\u0161eni v p\u0159estupkov\u00e9m \u0159\u00edzen\u00ed, proto\u017ee m\u011bli ohnut\u00e9 registra\u010dn\u00ed zna\u010dky nebo jezdili po zadn\u00edch kolech. Dal\u0161\u00ed budou \u0161et\u0159eni kv\u016fli neuposlechnut\u00ed v\u00fdzvy.<\/p>\n<p>MOHLO V\u00c1M UNIKNOUT: <a target=\"_blank\" href=\"https:\/\/cnn.iprima.cz\/cnn-systemy-patriot-na-ukrajine-trci-v-kukuricnych-polich-valka-s-iranem-jim-vzala-munici-519596\" rel=\"nofollow noopener\">Syst\u00e9my Patriot tr\u010d\u00ed v ukrajinsk\u00fdch kuku\u0159i\u010dn\u00fdch pol\u00edch. Dopadla na n\u011b v\u00e1lka s \u00cdr\u00e1nem, p\u00ed\u0161e CNN<\/a><\/p>\n<p class=\"related-articles-title\">\n        Doporu\u010den\u00e9 \u010dl\u00e1nky\n    <\/p>\n<p>        <img decoding=\"async\" src=\"https:\/\/www.europesays.com\/cz\/wp-content\/uploads\/2026\/08\/1788191127_947_fallback-image.jpg\" alt=\"CNN Prima NEWS\" class=\"avatar-img w-[40px] h-[40px] min-w-[40px] rounded-full border-[1.5px] border-solid border-black object-cover hover:opacity-90 transition-opacity before:!content-none !bg-none\" loading=\"lazy\"\/><\/p>\n<p>                                    CNN Prima NEWS<\/p>\n","protected":false},"excerpt":{"rendered":"Ne\u017e za\u010dnete \u010d\u00edst Co byste m\u011bli v\u011bd\u011bt, ne\u017e za\u010dnete \u010d\u00edst Sedmdes\u00e1t motork\u00e1\u0159\u016f blokovalo pra\u017esk\u00fd most. Agresivn\u00ed j\u00edzda po&hellip;\n","protected":false},"author":2,"featured_media":197535,"comment_status":"","ping_status":"","sticky":false,"template":"","format":"standard","meta":{"footnotes":"","_share_on_mastodon":"0"},"categories":[7],"tags":[43,42,41,40,808,37824,1231,8340,34927,1230,11737,1234],"class_list":["post-197534","post","type-post","status-publish","format-standard","has-post-thumbnail","category-cesko","tag-ceska-republika","tag-cesko","tag-czech-republic","tag-czechia","tag-iran","tag-nuselsky-most","tag-pravo-a-spravedlnost","tag-spz","tag-strelna-zbran","tag-trestna-cinnost","tag-valka-v-iranu","tag-vymahani-prava"],"share_on_mastodon":{"url":"https:\/\/pubeurope.com\/@cz\/117190900495973903","error":""},"_links":{"self":[{"href":"https:\/\/www.europesays.com\/cz\/wp-json\/wp\/v2\/posts\/197534","targetHints":{"allow":["GET"]}}],"collection":[{"href":"https:\/\/www.europesays.com\/cz\/wp-json\/wp\/v2\/posts"}],"about":[{"href":"https:\/\/www.europesays.com\/cz\/wp-json\/wp\/v2\/types\/post"}],"author":[{"embeddable":true,"href":"https:\/\/www.europesays.com\/cz\/wp-json\/wp\/v2\/users\/2"}],"replies":[{"embeddable":true,"href":"https:\/\/www.europesays.com\/cz\/wp-json\/wp\/v2\/comments?post=197534"}],"version-history":[{"count":0,"href":"https:\/\/www.europesays.com\/cz\/wp-json\/wp\/v2\/posts\/197534\/revisions"}],"wp:featuredmedia":[{"embeddable":true,"href":"https:\/\/www.europesays.com\/cz\/wp-json\/wp\/v2\/media\/197535"}],"wp:attachment":[{"href":"https:\/\/www.europesays.com\/cz\/wp-json\/wp\/v2\/media?parent=197534"}],"wp:term":[{"taxonomy":"category","embeddable":true,"href":"https:\/\/www.europesays.com\/cz\/wp-json\/wp\/v2\/categories?post=197534"},{"taxonomy":"post_tag","embeddable":true,"href":"https:\/\/www.europesays.com\/cz\/wp-json\/wp\/v2\/tags?post=197534"}],"curies":[{"name":"wp","href":"https:\/\/api.w.org\/{rel}","templated":true}]}}