{"id":197562,"date":"2026-08-31T16:07:13","date_gmt":"2026-08-31T16:07:13","guid":{"rendered":"https:\/\/www.europesays.com\/cz\/197562\/"},"modified":"2026-08-31T16:07:13","modified_gmt":"2026-08-31T16:07:13","slug":"konec-messi-reprezentacni-dres-uz-neoblece-smrt-taty-ho-v-tomto-kroku-utvrdila","status":"publish","type":"post","link":"https:\/\/www.europesays.com\/cz\/197562\/","title":{"rendered":"Konec. Messi reprezenta\u010dn\u00ed dres u\u017e neoble\u010de. Smrt t\u00e1ty ho v\u00a0tomto kroku utvrdila"},"content":{"rendered":"<p class=\"b_bA\">S n\u00e1rodn\u00edm t\u00fdmem vyhr\u00e1l v\u00a0roce 2022\u00a0mistrovstv\u00ed sv\u011bta, v\u00a0roce 2014\u00a0a\u00a0letos z\u00edskal st\u0159\u00edbro. Osmin\u00e1sobn\u00fd dr\u017eitel Zlat\u00e9ho m\u00ed\u010de pro nejlep\u0161\u00edho hr\u00e1\u010de sv\u011bta ozn\u00e1mil sv\u00e9 rozhodnut\u00ed na <a data-dot=\"atm-link\" target=\"_blank\" rel=\"noopener nofollow\" href=\"https:\/\/www.instagram.com\/p\/DctWzhYxElg\/\" class=\"b_V\">instagramu<\/a>.<\/p>\n<p class=\"b_bA\">Messi odehr\u00e1l za Argentinu celkem 207\u00a0utk\u00e1n\u00ed a\u00a0vst\u0159elil 125\u00a0g\u00f3l\u016f. Debutoval za ni v\u00a0listopadu 2005.\u00a0Posledn\u00edm vystoupen\u00edm v\u00a0n\u00e1rodn\u00edm t\u00fdmu pro n\u011bj bylo zm\u00edn\u011bn\u00e9 MS v\u00a0Americe.<\/p>\n<p class=\"b_bA\">\u201ePo dob\u011b, kter\u00e1 uplynula od fin\u00e1le, a\u00a0po dlouh\u00e9m p\u0159em\u00fd\u0161len\u00ed chci v\u0161em ozn\u00e1mit, \u017ee kon\u010d\u00edm s\u00a0n\u00e1rodn\u00edm t\u00fdmem\u2026\u201c uvedl Messi. <\/p>\n<p class=\"b_bA\">\u010cekalo se, \u017ee podobn\u011b jako jeho rival a\u00a0souputn\u00edk Cristiano Ronaldo tak\u00e9 po MS skon\u010d\u00ed, ale ozn\u00e1men\u00ed p\u0159i\u0161lo a\u017e s\u00a0odstupem.   <\/p>\n<p class=\"b_bA\">\u201eBylo to rozhodnut\u00ed, kter\u00e9 m\u011b bolelo a\u00a0st\u00e1le bol\u00ed a\u017e do hloubi du\u0161e, ale ch\u00e1pu, \u017ee je to ten spr\u00e1vn\u00fd \u010das. P\u0159\u00edsah\u00e1m, \u017ee jsem v\u017edycky d\u00e1val (reprezentaci) v\u0161echno, nejen v\u00a0posledn\u00edch n\u011bkolika letech, kdy jsme v\u0161echno vyhr\u00e1li, ale i\u00a0p\u0159edt\u00edm,\u201c napsal d\u00e1le s\u00a0emotivn\u00edm osloven\u00edm fand\u016f. <\/p>\n<p class=\"b_bA\">\u201eAbych v\u00e1m v\u00a0n\u00e1rodn\u00edm dresu p\u0159inesl radost a\u00a0abyste skrze fotbal mohli b\u00fdt hrd\u00fdmi Argentinci. Kapitoly se uzav\u00edraj\u00ed a\u00a0v tomto p\u0159\u00edpad\u011b m\u011b to hodn\u011b bol\u00ed. Miluji, miloval a\u00a0v\u017edycky budu milovat b\u00fdt v\u00a0n\u00e1rodn\u00edm t\u00fdmu. Dal jsem do toho v\u0161echno; u\u017e nem\u00e1m co v\u00edc d\u00e1t, a\u00a0krom\u011b toho za mnou nastupuj\u00ed skv\u011bl\u00ed mlad\u00ed hr\u00e1\u010di,\u201c dodal.<\/p>\n<p><a data-dot=\"atm-link\" target=\"_self\" href=\"https:\/\/www.sport.cz\/clanek\/fotbal-messi-se-po-slzach-z-finale-ms-vraci-na-scenu-v-miami-uz-zacal-trenovat-5509418\" class=\"b_V g_ia\" rel=\"nofollow noopener\"><img fetchpriority=\"high\" height=\"1222\" width=\"1630\" src=\"https:\/\/www.europesays.com\/cz\/wp-content\/uploads\/2026\/08\/2954.jpeg\" loading=\"eager\" decoding=\"sync\" class=\"b_B b_z\"\/><\/a><\/p>\n<p class=\"b_bA\">Messi sv\u00e9 rozhodnut\u00ed ozn\u00e1mil na soci\u00e1ln\u00edch s\u00edt\u00edch, kam um\u00edstil sv\u016fj vzkaz v\u00a0ru\u010dn\u011b psan\u00e9 podob\u011b na pap\u00edrech. Pot\u00e9 k\u00a0n\u011bmu dodal, \u017ee ho sepsal u\u017e dva dny po fin\u00e1le mistrovstv\u00ed sv\u011bta. \u201eDnes, po tom, co se stalo m\u00e9mu t\u00e1tovi, jsem o\u00a0tomto kroku p\u0159esv\u011bd\u010den\u011bj\u0161\u00ed je\u0161t\u011b v\u00edc ne\u017e d\u0159\u00edv,\u201c p\u0159ipojil na z\u00e1v\u011br slavn\u00fd fotbalista. Jeho otec p\u0159ed t\u0159emi t\u00fddny zem\u0159el, co\u017e Messiho velmi zas\u00e1hlo.<\/p>\n<p><a data-dot=\"atm-link\" target=\"_self\" href=\"https:\/\/www.sport.cz\/clanek\/fotbal-messimu-zemrel-otec-jeho-vazna-nemoc-dohanela-hvezdu-k-slzam-uz-pri-ms-5512229\" class=\"b_V g_ia\" rel=\"nofollow noopener\"><img height=\"1198\" width=\"1598\" src=\"https:\/\/www.europesays.com\/cz\/wp-content\/uploads\/2026\/08\/1788192433_826_messi-otec-bratr-rodrigo-jorge-messi.jpeg\" loading=\"eager\" decoding=\"sync\" class=\"b_B b_z\"\/><\/a><script async src=\"\/\/www.instagram.com\/embed.js\"><\/script><\/p>\n","protected":false},"excerpt":{"rendered":"S n\u00e1rodn\u00edm t\u00fdmem vyhr\u00e1l v\u00a0roce 2022\u00a0mistrovstv\u00ed sv\u011bta, v\u00a0roce 2014\u00a0a\u00a0letos z\u00edskal st\u0159\u00edbro. Osmin\u00e1sobn\u00fd dr\u017eitel Zlat\u00e9ho m\u00ed\u010de pro nejlep\u0161\u00edho hr\u00e1\u010de&hellip;\n","protected":false},"author":2,"featured_media":197563,"comment_status":"","ping_status":"","sticky":false,"template":"","format":"standard","meta":{"footnotes":"","_share_on_mastodon":"0"},"categories":[15],"tags":[326,3621,4027,2425,94,93],"class_list":["post-197562","post","type-post","status-publish","format-standard","has-post-thumbnail","category-sport","tag-fotbal","tag-kariera","tag-lionel-messi","tag-reprezentace","tag-sport","tag-sports"],"share_on_mastodon":{"url":"https:\/\/pubeurope.com\/@cz\/117190986794521226","error":""},"_links":{"self":[{"href":"https:\/\/www.europesays.com\/cz\/wp-json\/wp\/v2\/posts\/197562","targetHints":{"allow":["GET"]}}],"collection":[{"href":"https:\/\/www.europesays.com\/cz\/wp-json\/wp\/v2\/posts"}],"about":[{"href":"https:\/\/www.europesays.com\/cz\/wp-json\/wp\/v2\/types\/post"}],"author":[{"embeddable":true,"href":"https:\/\/www.europesays.com\/cz\/wp-json\/wp\/v2\/users\/2"}],"replies":[{"embeddable":true,"href":"https:\/\/www.europesays.com\/cz\/wp-json\/wp\/v2\/comments?post=197562"}],"version-history":[{"count":0,"href":"https:\/\/www.europesays.com\/cz\/wp-json\/wp\/v2\/posts\/197562\/revisions"}],"wp:featuredmedia":[{"embeddable":true,"href":"https:\/\/www.europesays.com\/cz\/wp-json\/wp\/v2\/media\/197563"}],"wp:attachment":[{"href":"https:\/\/www.europesays.com\/cz\/wp-json\/wp\/v2\/media?parent=197562"}],"wp:term":[{"taxonomy":"category","embeddable":true,"href":"https:\/\/www.europesays.com\/cz\/wp-json\/wp\/v2\/categories?post=197562"},{"taxonomy":"post_tag","embeddable":true,"href":"https:\/\/www.europesays.com\/cz\/wp-json\/wp\/v2\/tags?post=197562"}],"curies":[{"name":"wp","href":"https:\/\/api.w.org\/{rel}","templated":true}]}}