{"id":197796,"date":"2026-08-31T20:41:13","date_gmt":"2026-08-31T20:41:13","guid":{"rendered":"https:\/\/www.europesays.com\/cz\/197796\/"},"modified":"2026-08-31T20:41:13","modified_gmt":"2026-08-31T20:41:13","slug":"pogacar-je-po-operaci-zatim-zustava-v-nemocnici","status":"publish","type":"post","link":"https:\/\/www.europesays.com\/cz\/197796\/","title":{"rendered":"Poga\u010dar je po operaci, zat\u00edm z\u016fst\u00e1v\u00e1 v\u00a0nemocnici"},"content":{"rendered":"<p class=\"b_bA\">O\u00a0novince informoval l\u00e9ka\u0159sk\u00fd t\u00fdm st\u00e1je UAE Emirates, odhadovanou d\u00e9lku rekonvalescence hv\u011bzdn\u00e9ho Slovince ale neup\u0159esnil. \u201eDnes odpoledne Tadej podstoupil \u00fasp\u011b\u0161nou operaci lev\u00e9 kl\u00ed\u010dn\u00ed kosti pot\u00e9, co dostal zelenou k\u00a0z\u00e1kroku,\u201c napsal \u0161\u00e9fl\u00e9ka\u0159 UAE Emirates Adrian Rotunno. <\/p>\n<p class=\"b_bA\">Poga\u010dar, kter\u00fd si z\u00a0p\u00e1du odnesl i\u00a0stabiln\u00ed zlomeninu kr\u010dn\u00edho obratle C7\u00a0a\u00a0mnoho\u010detn\u00e9 od\u0159eniny, z\u016fstane v\u00a0nemocnici je\u0161t\u011b n\u011bkolik dn\u00ed na pozorov\u00e1n\u00ed. \u201eA\u017e bude p\u0159ipraven, vr\u00e1t\u00ed se dom\u016f, aby zah\u00e1jil rekonvalescenci a\u00a0rehabilitaci pod dohledem l\u00e9ka\u0159sk\u00e9ho person\u00e1lu t\u00fdmu,\u201c dodal Rotunno.<\/p>\n<p><a data-dot=\"atm-link\" target=\"_self\" href=\"https:\/\/www.sport.cz\/clanek\/cyklistika-sok-na-vuelte-pogacar-odstoupil-5520815\" class=\"b_V g_ia\" rel=\"nofollow noopener\"><img fetchpriority=\"high\" height=\"1200\" width=\"1600\" src=\"https:\/\/www.europesays.com\/cz\/wp-content\/uploads\/2026\/08\/1788208872_126_cyklistika-pogacar.jpeg\" loading=\"eager\" decoding=\"sync\" class=\"b_B b_z\"\/><\/a><\/p>\n<p class=\"b_bA\">Je v\u0161ak prakticky vylou\u010deno, \u017ee by Poga\u010dar za m\u011bs\u00edc na mistrovstv\u00ed sv\u011bta v\u00a0Montrealu obhajoval tituly z\u00a0p\u0159edchoz\u00edch dvou let. Pravd\u011bpodobn\u011bj\u0161\u00ed je, \u017ee pro n\u011bj aktu\u00e1ln\u00ed sezona skon\u010dila.<\/p>\n<p class=\"b_bA\">Na Vuelt\u011b p\u0159itom od po\u010d\u00e1tku neohro\u017een\u011b \u0161el za spln\u011bn\u00edm c\u00edle st\u00e1t se dev\u00e1t\u00fdm cyklistou historie, jen\u017e vyhraje v\u0161echny t\u0159i Grand Tour. Ovl\u00e1dl t\u0159i etapy a\u00a0po sedmi vedl u\u017e t\u00e9m\u011b\u0159 o\u00a0\u010dty\u0159i minuty. V\u00a08.\u00a0etap\u011b se ale zhruba 30\u00a0km p\u0159ed c\u00edlem p\u0159i nezavin\u011bn\u00e9m p\u00e1du zranil a\u00a0musel odstoupit. Etapov\u00fd z\u00e1vod sedmadvacetilet\u00fd cyklista nedokon\u010dil poprv\u00e9 v\u00a0kari\u00e9\u0159e.<\/p>\n<p><a data-dot=\"atm-link\" target=\"_self\" href=\"https:\/\/www.sport.cz\/clanek\/cyklistika-pogacara-prevezli-sanitkou-do-nemocnice-v-barcelone-sam-zverejnil-fotku-z-luzka-5521214\" class=\"b_V g_ia\" rel=\"nofollow noopener\"><img height=\"2731\" width=\"3641\" src=\"https:\/\/www.europesays.com\/cz\/wp-content\/uploads\/2026\/08\/1788208873_113_a7d1.jpeg\" loading=\"eager\" decoding=\"sync\" class=\"b_B b_z\"\/><\/a><\/p>\n","protected":false},"excerpt":{"rendered":"O\u00a0novince informoval l\u00e9ka\u0159sk\u00fd t\u00fdm st\u00e1je UAE Emirates, odhadovanou d\u00e9lku rekonvalescence hv\u011bzdn\u00e9ho Slovince ale neup\u0159esnil. \u201eDnes odpoledne Tadej podstoupil&hellip;\n","protected":false},"author":2,"featured_media":197797,"comment_status":"","ping_status":"","sticky":false,"template":"","format":"standard","meta":{"footnotes":"","_share_on_mastodon":"0"},"categories":[10],"tags":[4967,17,21,16,5208,8969,18,19,22,24093,20,1296],"class_list":["post-197796","post","type-post","status-publish","format-standard","has-post-thumbnail","category-zpravy","tag-cyklistika","tag-headlines","tag-hlavni-udalosti","tag-news","tag-operace","tag-tadej-pogacar","tag-top-news","tag-top-stories","tag-udalosti-dne","tag-vuelta-a-espana","tag-zpravy","tag-zraneni"],"share_on_mastodon":{"url":"https:\/\/pubeurope.com\/@cz\/117192064151213577","error":""},"_links":{"self":[{"href":"https:\/\/www.europesays.com\/cz\/wp-json\/wp\/v2\/posts\/197796","targetHints":{"allow":["GET"]}}],"collection":[{"href":"https:\/\/www.europesays.com\/cz\/wp-json\/wp\/v2\/posts"}],"about":[{"href":"https:\/\/www.europesays.com\/cz\/wp-json\/wp\/v2\/types\/post"}],"author":[{"embeddable":true,"href":"https:\/\/www.europesays.com\/cz\/wp-json\/wp\/v2\/users\/2"}],"replies":[{"embeddable":true,"href":"https:\/\/www.europesays.com\/cz\/wp-json\/wp\/v2\/comments?post=197796"}],"version-history":[{"count":0,"href":"https:\/\/www.europesays.com\/cz\/wp-json\/wp\/v2\/posts\/197796\/revisions"}],"wp:featuredmedia":[{"embeddable":true,"href":"https:\/\/www.europesays.com\/cz\/wp-json\/wp\/v2\/media\/197797"}],"wp:attachment":[{"href":"https:\/\/www.europesays.com\/cz\/wp-json\/wp\/v2\/media?parent=197796"}],"wp:term":[{"taxonomy":"category","embeddable":true,"href":"https:\/\/www.europesays.com\/cz\/wp-json\/wp\/v2\/categories?post=197796"},{"taxonomy":"post_tag","embeddable":true,"href":"https:\/\/www.europesays.com\/cz\/wp-json\/wp\/v2\/tags?post=197796"}],"curies":[{"name":"wp","href":"https:\/\/api.w.org\/{rel}","templated":true}]}}