{"id":197898,"date":"2026-09-01T00:34:48","date_gmt":"2026-09-01T00:34:48","guid":{"rendered":"https:\/\/www.europesays.com\/cz\/197898\/"},"modified":"2026-09-01T00:34:48","modified_gmt":"2026-09-01T00:34:48","slug":"praha-daruje-irsku-kopii-prazskeho-jezulatka-pozehnal-ji-pribyl-3","status":"publish","type":"post","link":"https:\/\/www.europesays.com\/cz\/197898\/","title":{"rendered":"Praha daruje Irsku kopii Pra\u017esk\u00e9ho Jezul\u00e1tka, po\u017eehnal j\u00ed P\u0159ibyl"},"content":{"rendered":"<p>&#13;<br \/>\n  Komer\u010dn\u00ed prezentace Aktual.: 31.08.2026 14:55&#13;<br \/>\n  Vyd\u00e1no: 31.08.2026, 14:55&#13;\n<\/p>\n<p class=\"big\" itemprop=\"description\">    Praha &#8211; Pra\u017esk\u00fd arcibiskup Stanislav P\u0159ibyl v rezidenci pra\u017esk\u00e9ho prim\u00e1tora po\u017eehnal kopii so\u0161ky Pra\u017esk\u00e9ho Jezul\u00e1tka. Hlavn\u00ed m\u011bsto a \u010desk\u00e9 velvyslanectv\u00ed v Irsku so\u0161ku, kter\u00e1 se dotkla origin\u00e1lu, v\u011bnuj\u00ed diec\u00e9zi v irsk\u00e9m hrabstv\u00ed Kerry u p\u0159\u00edle\u017eitosti aktu\u00e1ln\u00edho irsk\u00e9ho p\u0159edsednictv\u00ed Rad\u011b EU. Biskupovi hrabstv\u00ed Kerry Raymondu Anthonymu Browneovi dar, vyroben\u00fd z um\u011bl\u00e9 prysky\u0159ice, p\u0159edaj\u00ed velvyslanec v Irsku Pavel Vo\u0161al\u00edk a pra\u017esk\u00fd radn\u00ed Tom\u00e1\u0161 Slabihoudek (TOP 09). Sou\u010d\u00e1st\u00ed daru je slavnostn\u00ed od\u011bv i k\u0159i\u0161\u0165\u00e1lov\u00e1 koruna a kr\u00e1lovsk\u00e9 jablko. Uvedli to p\u0159i dne\u0161n\u00edm \u017eehn\u00e1n\u00ed so\u0161e.<\/p>\n<p>Podle pra\u017esk\u00e9ho prim\u00e1tora Bohuslava Svobody (ODS) je dar symbolem p\u0159\u00e1telstv\u00ed k Irsku. P\u0159ibyl zd\u016fraznil gesto Jezul\u00e1tka, jeho\u017e pozdvi\u017een\u00e1 prav\u00e1 ruka \u017eehn\u00e1. Vznik origin\u00e1lu so\u0161ky d\u00edt\u011bte, kter\u00e9 vl\u00e1dne, m\u016f\u017ee podle n\u011bho sahat do 16. stolet\u00ed k svat\u00e9 Terezii z \u00c1vily. &#8222;D\u011btstv\u00ed nen\u00ed infantilita, je to jednoduchost, nekomplikovanost, nez\u00e1ludnost, prostota,&#8220; uvedl P\u0159ibyl.<\/p>\n<p>Volba hrabstv\u00ed Kerry m\u00e1 podle Vo\u0161al\u00edka symbolick\u00fd rozm\u011br. Tamn\u00ed m\u011bsto Killarney, biskupovo s\u00eddlo, bylo v roce 2004 p\u0159i vstupu \u010cR do EU za irsk\u00e9ho p\u0159edsednictv\u00ed jej\u00edm uv\u00edtac\u00edm partnersk\u00fdm m\u011bstem, p\u0159ipomn\u011bl velvyslanec. Sou\u010dasn\u00e9 irsk\u00e9 p\u0159edsednictv\u00ed trv\u00e1 do konce leto\u0161n\u00edho roku, dar je podle Vo\u0161al\u00edka poselstv\u00ed pro budoucnost. &#8222;P\u0159ipom\u00edn\u00e1me si hodnoty, na nich\u017e EU stoj\u00ed,&#8220; \u0159ekl Vo\u0161al\u00edk.<\/p>\n<p>Prvn\u00ed ve\u0159ejn\u00e9 p\u0159edstaven\u00ed so\u0161ky se uskute\u010dn\u00ed 8. z\u00e1\u0159\u00ed p\u0159i tradi\u010dn\u00ed poutn\u00ed m\u0161i u mari\u00e1nsk\u00e9 stud\u00e1nky v irsk\u00e9m Ballyheigue.<\/p>\n<p>V Irsku se Pra\u017esk\u00e9 Jezul\u00e1tko t\u011b\u0161\u00ed velk\u00e9 \u00fact\u011b, je lidov\u00fdm n\u00e1bo\u017eensk\u00fdm symbolem, jemu\u017e Irov\u00e9 \u0159\u00edkaj\u00ed Child of Prague. So\u0161ka vystaven\u00e1 u p\u0159\u00edle\u017eitosti svatby p\u0159ed domem podle tradice zajist\u00ed ob\u0159adu po\u010das\u00ed bez de\u0161t\u011b.<\/p>\n<p>Nov\u00fd od\u011bv pro kopii Jezul\u00e1tka p\u0159ipravila \u010desk\u00e1 m\u00f3dn\u00ed n\u00e1vrh\u00e1\u0159ka Zuzana Kub\u00ed\u010dkov\u00e1. Samet pl\u00e1\u0161t\u011b v hlubok\u00e9m zelen\u00e9m odst\u00ednu p\u0159ipom\u00edn\u00e1 pr\u00e1v\u011b Irsko. Spl\u00fdvav\u00e1 ko\u0161ile pod pl\u00e1\u0161t\u011bm navazuje na prost\u00fd \u0161at. Ko\u0161ili zdob\u00ed motiv vinn\u00e9 r\u00e9vy s hrozny. Kr\u00e1lovsk\u00fd pl\u00e1\u0161\u0165 pak nese na l\u00edme\u010dku motiv lipov\u00e9ho listu, odkaz na \u010cesko a Prahu.<\/p>\n<p>Svatov\u00e1clavskou korunu i kr\u00e1lovsk\u00e9 jablko navrhli \u010de\u0161t\u00ed skl\u00e1\u0159i a bi\u017eutern\u00ed centrum Svazu v\u00fdrobc\u016f skla a bi\u017euterie K\u0159i\u0161\u0165\u00e1lov\u00fd r\u00e1j. Od\u011bv dopl\u0148uje p\u0159\u00edv\u011bsek z brou\u0161en\u00e9ho k\u0159i\u0161\u0165\u00e1lu v rub\u00ednov\u00e9 barv\u011b ve tvaru srdce. Inspirovalo ho srdce, kter\u00e9 ke sv\u00e9mu podpisu kreslil b\u00fdval\u00fd prezident V\u00e1clav Havel. Na podstavci Jezul\u00e1tka je n\u00e1pis Love and Blessings from Prague \u2022 2026.<\/p>\n<p>Origin\u00e1ln\u00ed so\u0161ka, vysok\u00e1 47 centimetr\u016f, m\u00e1 podle legendy schopnost uzdravovat nemocn\u00e9. Plastiku vytvo\u0159il pravd\u011bpodobn\u011b v 16. stolet\u00ed ve \u0160pan\u011blsku nezn\u00e1m\u00fd autor. So\u0161ka m\u00e1 d\u0159ev\u011bn\u00e9 j\u00e1dro obalen\u00e9 l\u00e1tkou, ale jinak je vymodelov\u00e1na z barevn\u00e9ho vosku. Je zn\u00e1m\u00e1 tak\u00e9 nep\u0159ebernou \u0159adou oble\u010dk\u016f, kter\u00e9 podle p\u0159\u00edle\u017eitosti dost\u00e1v\u00e1.<\/p>\n<p>Do Prahy se Jezul\u00e1tko dostalo s Mari\u00ed Manriqueovou de Lara, man\u017eelkou Vratislava z Pern\u0161tejna. V kostele na Mal\u00e9 Stran\u011b, kter\u00fd vystav\u011bli pra\u017e\u0161t\u00ed n\u011bmecky mluv\u00edc\u00ed luter\u00e1ni a po bitv\u011b na B\u00edl\u00e9 ho\u0159e z\u00edskali bos\u00ed karmelit\u00e1ni, je so\u0161ka um\u00edst\u011bna od roku 1628. Karmelit\u00e1ni, kte\u0159\u00ed kostel zasv\u011btili Pann\u011b Marii V\u00edt\u011bzn\u00e9 a svat\u00e9mu Anton\u00ednu Padu\u00e1nsk\u00e9mu, dostali Pra\u017esk\u00e9 Jezul\u00e1tko od Polyxeny z Lobkowicz.<\/p>\n<p>Kult Jezul\u00e1tka se postupn\u011b roz\u0161\u00ed\u0159il po Evrop\u011b, ale i do zem\u00ed Latinsk\u00e9 Ameriky, uct\u00edvaj\u00ed jej tak\u00e9 katol\u00edci v \u010c\u00edn\u011b \u010di Vietnamu, na Filip\u00edn\u00e1ch. Keramickou so\u0161ku Pra\u017esk\u00e9ho Jezul\u00e1tka v\u011bnoval arcibiskup P\u0159ibyl za\u010d\u00e1tkem b\u0159ezna pape\u017ei Lvu XIV. p\u0159i sv\u00e9 audienci ve Vatik\u00e1nu. V\u00edce informac\u00ed o Jezul\u00e1tku a odkaz na online v\u00fdstavu N\u00e1rodn\u00ed knihovny \u010cR obsahuje <a href=\"https:\/\/www.ceskenoviny.cz\/zpravy\/prague.eu\/jezulatko\" rel=\"nofollow noopener\" target=\"_blank\">web<\/a>, kter\u00fd p\u0159ipravila spole\u010dnost Prague City Tourism.<\/p>\n<p class=\"tags\">&#13;<br \/>\n<a href=\"https:\/\/www.ceskenoviny.cz\/tema\/irsko\/21\" class=\"tag blue\" itemprop=\"about\" rel=\"tag nofollow noopener\" target=\"_blank\">Irsko<\/a>&#13;<br \/>\n&#13;<br \/>\n&#13;<br \/>\n&#13;<br \/>\n<a href=\"https:\/\/www.ceskenoviny.cz\/tema\/eu\/3\" class=\"tag blue\" itemprop=\"about\" rel=\"tag nofollow noopener\" target=\"_blank\">EU<\/a>&#13;<br \/>\n&#13;<br \/>\n&#13;<br \/>\n&#13;<br \/>\n<a href=\"https:\/\/www.ceskenoviny.cz\/tema\/cr\/1\" class=\"tag blue\" itemprop=\"about\" rel=\"tag nofollow noopener\" target=\"_blank\">\u010cR<\/a>&#13;<br \/>\n&#13;<br \/>\n&#13;<br \/>\n&#13;<br \/>\n<a href=\"https:\/\/www.ceskenoviny.cz\/tema\/cirkve\/335\" class=\"tag blue\" itemprop=\"about\" rel=\"tag nofollow noopener\" target=\"_blank\">c\u00edrkve<\/a>&#13;<br \/>\n&#13;<br \/>\n&#13;<br \/>\n&#13;<br \/>\n<a href=\"https:\/\/www.ceskenoviny.cz\/tema\/predsednictvi\/5005\" class=\"tag blue\" itemprop=\"about\" rel=\"tag nofollow noopener\" target=\"_blank\">p\u0159edsednictv\u00ed<\/a>&#13;<br \/>\n&#13;<br \/>\n&#13;<br \/>\n&#13;<br \/>\n<a href=\"https:\/\/www.ceskenoviny.cz\/tema\/praha\/540\" class=\"tag blue\" itemprop=\"about\" rel=\"tag nofollow noopener\" target=\"_blank\">Praha<\/a>&#13;<br \/>\n&#13;<br \/>\n&#13;<br \/>\n&#13;<br \/>\n<a href=\"https:\/\/www.ceskenoviny.cz\/tema\/foto\/13820\" class=\"tag blue\" itemprop=\"about\" rel=\"tag nofollow noopener\" target=\"_blank\">FOTO<\/a>&#13;<br \/>\n&#13;<br \/>\n&#13;<br \/>\n&#13;<br \/>\n &#13;<\/p>\n","protected":false},"excerpt":{"rendered":"&#13; Komer\u010dn\u00ed prezentace Aktual.: 31.08.2026 14:55&#13; Vyd\u00e1no: 31.08.2026, 14:55&#13; Praha &#8211; Pra\u017esk\u00fd arcibiskup Stanislav P\u0159ibyl v rezidenci pra\u017esk\u00e9ho&hellip;\n","protected":false},"author":2,"featured_media":197899,"comment_status":"","ping_status":"","sticky":false,"template":"","format":"standard","meta":{"footnotes":"","_share_on_mastodon":"0"},"categories":[30],"tags":[302,1393,304,305,298,303,373,1092,949,98,99,30207],"class_list":["post-197898","post","type-post","status-publish","format-standard","has-post-thumbnail","category-praha","tag-ceskenoviny-cz","tag-cirkve","tag-cn","tag-cn-cz","tag-cr","tag-ctk","tag-eu","tag-foto","tag-irsko","tag-prague","tag-praha","tag-predsednictvi"],"share_on_mastodon":{"url":"https:\/\/pubeurope.com\/@cz\/117192983975301715","error":""},"_links":{"self":[{"href":"https:\/\/www.europesays.com\/cz\/wp-json\/wp\/v2\/posts\/197898","targetHints":{"allow":["GET"]}}],"collection":[{"href":"https:\/\/www.europesays.com\/cz\/wp-json\/wp\/v2\/posts"}],"about":[{"href":"https:\/\/www.europesays.com\/cz\/wp-json\/wp\/v2\/types\/post"}],"author":[{"embeddable":true,"href":"https:\/\/www.europesays.com\/cz\/wp-json\/wp\/v2\/users\/2"}],"replies":[{"embeddable":true,"href":"https:\/\/www.europesays.com\/cz\/wp-json\/wp\/v2\/comments?post=197898"}],"version-history":[{"count":0,"href":"https:\/\/www.europesays.com\/cz\/wp-json\/wp\/v2\/posts\/197898\/revisions"}],"wp:featuredmedia":[{"embeddable":true,"href":"https:\/\/www.europesays.com\/cz\/wp-json\/wp\/v2\/media\/197899"}],"wp:attachment":[{"href":"https:\/\/www.europesays.com\/cz\/wp-json\/wp\/v2\/media?parent=197898"}],"wp:term":[{"taxonomy":"category","embeddable":true,"href":"https:\/\/www.europesays.com\/cz\/wp-json\/wp\/v2\/categories?post=197898"},{"taxonomy":"post_tag","embeddable":true,"href":"https:\/\/www.europesays.com\/cz\/wp-json\/wp\/v2\/tags?post=197898"}],"curies":[{"name":"wp","href":"https:\/\/api.w.org\/{rel}","templated":true}]}}