{"id":197908,"date":"2026-09-01T01:23:18","date_gmt":"2026-09-01T01:23:18","guid":{"rendered":"https:\/\/www.europesays.com\/cz\/197908\/"},"modified":"2026-09-01T01:23:18","modified_gmt":"2026-09-01T01:23:18","slug":"tankovy-prapor-olmer-zkousel-prsa-adamcove-za-film-dostal-smesny-honorar-tanky-nejezdily","status":"publish","type":"post","link":"https:\/\/www.europesays.com\/cz\/197908\/","title":{"rendered":"Tankov\u00fd prapor: Olmer zkou\u0161el prsa Adamcov\u00e9,\u00a0za film dostal sm\u011b\u0161n\u00fd honor\u00e1\u0159. Tanky nejezdily"},"content":{"rendered":"<p class=\"e_cz\">Tankov\u00fd prapor ml premi\u00e9ru 29.\u00a0kv\u011btna 1991\u00a0a\u00a0vznikl v\u00a0produkci spole\u010dnosti Bonton. \u0160lo o\u00a0prvn\u00ed \u010desk\u00fd soukrom\u011b vyroben\u00fd celove\u010dern\u00ed film po zn\u00e1rodn\u011bn\u00ed kinematografie v\u00a0roce 1945.\u00a0Jen\u017ee v\u00a0dob\u011b nat\u00e1\u010den\u00ed st\u00e1le platil star\u00fd z\u00e1kon, kter\u00fd d\u00e1val \u010deskoslovensk\u00e9 kinematografii monopoln\u00ed postaven\u00ed. Produkce se proto dostala do zvl\u00e1\u0161tn\u00ed situace. Film se sice vyr\u00e1b\u011bl v\u00a0nov\u00e9 spole\u010densk\u00e9 realit\u011b po listopadu 1989, pr\u00e1vn\u00ed p\u0159edpisy ale je\u0161t\u011b nesta\u010dily dr\u017eet krok.<\/p>\n<p>Hrozily velk\u00e9 probl\u00e9my<\/p>\n<p class=\"e_cz\">Tv\u016frci se proto ob\u00e1vali, \u017ee jejich projekt m\u016f\u017ee m\u00edt dohru. Ne\u0161lo p\u0159itom jen o\u00a0teoretick\u00fd probl\u00e9m. Bonton podle dostupn\u00fdch vzpom\u00ednek skute\u010dn\u011b riskoval konflikt s\u00a0tehdej\u0161\u00edm syst\u00e9mem. \u201eNa v\u0161echno m\u011bl monopol Barrandov. A\u00a0tehdej\u0161\u00ed veden\u00ed n\u00e1m dost vyhro\u017eovalo. Nebylo to v\u016fbec lehk\u00e9,\u201c vzpom\u00ednal re\u017eis\u00e9r V\u00edt Olmer.<\/p>\n<p class=\"e_cz\">Do probl\u00e9m\u016f se produkce dostala tak\u00e9 kv\u016fli spolupr\u00e1ci s\u00a0arm\u00e1dou. Parlament toti\u017e rozhodl, \u017ee arm\u00e1da nesm\u00ed za pen\u00edze poskytovat podobn\u00e9 aktivity. Tv\u016frci ale pot\u0159ebovali vojenskou techniku a\u00a0velk\u00e9 sc\u00e9ny s\u00a0tanky, tak\u017ee museli vyjedn\u00e1vat v\u00fdjimku a\u017e s\u00a0n\u00e1\u010deln\u00edkem gener\u00e1ln\u00edho \u0161t\u00e1bu.<\/p>\n<p>Modr\u00e1 kn\u00ed\u017eka re\u017eis\u00e9ra a\u00a0odm\u011bna 7500\u00a0korun<\/p>\n<p class=\"e_cz\">V\u00edt Olmer byl pro film pon\u011bkud netypickou volbou. S\u00e1m toti\u017e na vojn\u011b nikdy neslou\u017eil a\u00a0m\u011bl modrou kn\u00ed\u017eku. P\u0159esto dostal za \u00fakol p\u0159ev\u00e9st \u0160kvoreck\u00e9ho zku\u0161enosti s\u00a0vojensk\u00fdm prost\u0159ed\u00edm na filmov\u00e9 pl\u00e1tno. Olmer m\u011bl tehdy na v\u00fdb\u011br tak\u00e9 jin\u00fd projekt, Zden\u011bk Sv\u011br\u00e1k pro n\u011bj toti\u017e napsal sc\u00e9n\u00e1\u0159 k\u00a0filmu Obecn\u00e1 \u0161kola. Re\u017eis\u00e9r se nakonec rozhodl pr\u00e1v\u011b pro Tankov\u00fd prapor.<\/p>\n<p class=\"e_cz\">\u0160kvoreck\u00e9ho p\u0159edloha p\u0159itom vych\u00e1zela z\u00a0autorov\u00fdch vlastn\u00edch zku\u0161enost\u00ed. Danny Smi\u0159ick\u00fd m\u00e1 \u0159adu autobiografick\u00fdch rys\u016f a\u00a0v p\u0159\u00edb\u011bhu se odr\u00e1\u017e\u00ed \u0160kvoreck\u00e9ho vojensk\u00e1 slu\u017eba. Sc\u00e9n\u00e1\u0159 pak vznikl mimo\u0159\u00e1dn\u011b rychle, Radek John ho napsal b\u011bhem \u010dtrn\u00e1cti dn\u016f. \u201eB\u00e1li jsme se, \u017ee n\u00e1s po premi\u00e9\u0159e odvedou v\u00a0poutech,\u201c tvrdil John a\u00a0dokreslil tak tehdej\u0161\u00ed atmosf\u00e9ru. Tankov\u00fd prapor se stal obrovsk\u00fdm komer\u010dn\u00edm \u00fasp\u011bchem, ale V\u00edt Olmer na n\u011bm v\u00fdrazn\u011b nevyd\u011blal. Za re\u017eii toti\u017e dostla pouze 7500\u00a0korun. <\/p>\n<p>Martina Adamcov\u00e1 podala d\u016fkaz<\/p>\n<p class=\"e_cz\">Jedna z\u00a0nejzaj\u00edmav\u011bj\u0161\u00edch historek \u201ez nat\u00e1\u010den\u00ed\u201c se t\u00fdk\u00e1 Martiny Adamcov\u00e9 a\u00a0jej\u00ed \u010deta\u0159ky Babin\u010d\u00e1kov\u00e9. Adamcov\u00e1 se o\u00a0roli dozv\u011bd\u011bla pot\u00e9, co ji p\u016fvodn\u011b vybran\u00e1 here\u010dka odm\u00edtla. Vypravila se proto za asistentem re\u017eie a\u00a0nab\u00eddla se sama. Proto\u017ee se u\u017e nat\u00e1\u010delo, \u017e\u00e1dn\u00fd klasick\u00fd konkurz se nekonal.<\/p>\n<p class=\"e_cz\">Olmer si ji vzal stranou a\u00a0b\u011bhem n\u011bkolika minut se rozhodl, \u017ee je pro postavu vhodn\u00e1. \u201eVzal m\u011b na dvorek a\u00a0\u0159ekl mi: \u201eV\u00edte, my hled\u00e1me \u017eenskou, kter\u00e1 m\u00e1 opravdu velk\u00e1 \u0148adra. Asi byste to mohla hr\u00e1t, ale mus\u00edm si s\u00e1hnout, abych m\u011bl jistotu.\u201c Tak si je osahal, \u0159ekl, \u017ee je to v\u00a0po\u0159\u00e1dku, ode\u0161el, a\u00a0za deset minut u\u017e mi volali z\u00a0produkce, \u017ee m\u00e1m roli. M\u011bla jsem opravdu velk\u00e9 hereck\u00e9 p\u0159ednosti.\u201c Adamcov\u00e1 pozd\u011bji vzpom\u00ednala, \u017ee j\u00ed podobn\u00e1 role nijak nevadila. Nahotu ve filmu vn\u00edmala tak\u00e9 jako symbol zm\u011bny spole\u010densk\u00fdch pom\u011br\u016f po p\u00e1du komunismu. Babin\u010d\u00e1kov\u00e1 se n\u00e1sledn\u011b stala jednou z\u00a0nejv\u00fdrazn\u011bj\u0161\u00edch \u017eensk\u00fdch postav filmu.<\/p>\n<p>Erotick\u00e1 sc\u00e9na a\u00a0nepoj\u00edzdn\u00e9 tanky<\/p>\n<p class=\"e_cz\">Tankov\u00fd prapor m\u011bl pochopiteln\u011b tak\u00e9 \u0159adu erotick\u00fdch sc\u00e9n. Jedna z\u00a0nich vznikala v\u00a0panel\u00e1kov\u00e9m byt\u011b a\u00a0nat\u00e1\u010deli ji Luk\u00e1\u0161 Vacul\u00edk a\u00a0Simona Chytrov\u00e1. \u0160t\u00e1b ov\u0161em pon\u011bkud podcenil typick\u00fd probl\u00e9m panel\u00e1kov\u00fdch s\u00eddli\u0161\u0165: soused\u00e9 m\u011bli na okoln\u00ed byty velmi dobr\u00fd v\u00fdhled. Kdy\u017e byla sc\u00e9na hotov\u00e1, ozval se z\u00a0okol\u00ed potlesk a\u00a0p\u00edskot. Mimochodem, pr\u00e1v\u011b p\u0159i nat\u00e1\u010den\u00ed filmu se V\u00edt Olmer sezn\u00e1mil se Simonou Chytrovou, kter\u00e1 se pozd\u011bji stala jeho man\u017eelkou.<\/p>\n<p class=\"e_cz\">Jedn\u00edm z\u00a0nejv\u011bt\u0161\u00edch probl\u00e9m\u016f filmu byla technika. Bylo pot\u0159eba patn\u00e1ct tank\u016f, kter\u00e9 dorazily ze Slovenska ve velmi \u0161patn\u00e9m stavu. T\u00e9m\u011b\u0159 v\u0161echny byly nepoj\u00edzdn\u00e9 a\u00a0bylo nutn\u00e9 je p\u0159ed nat\u00e1\u010den\u00edm opravit. Tv\u016frc\u016fm nakonec pomohl \u010dlov\u011bk, kter\u00fd dok\u00e1zal starou techniku zprovoznit natolik, aby mohla vyjet alespo\u0148 p\u0159i spole\u010dn\u00e9m z\u00e1b\u011bru. Na v\u00fdsledku filmu p\u0159itom probl\u00e9my s\u00a0technikou nejsou prakticky poznat. Tankov\u00e9 sc\u00e9ny p\u016fsob\u00ed jako sou\u010d\u00e1st pom\u011brn\u011b velk\u00e9 vojensk\u00e9 produkce, p\u0159esto\u017ee jejich realizace byla mnohem komplikovan\u011bj\u0161\u00ed.<\/p>\n<p><img fetchpriority=\"high\" height=\"3456\"   width=\"3944\" src=\"https:\/\/www.europesays.com\/cz\/wp-content\/uploads\/2026\/09\/vit-olmer-ivana-chytrova-bony-a-klid.jpeg\" loading=\"eager\" decoding=\"sync\" class=\"e_ah e_af\"\/>Foto: NextFoto (koupen\u00e1 licence)<\/p>\n<p class=\"e_cz\">V\u00edt Olmer a\u00a0Simona Chytrov\u00e1 na k\u0159tu knihy Bony a\u00a0klid 2<\/p>\n<p class=\"e_cz\">Je\u0161t\u011b v\u011bt\u0161\u00ed probl\u00e9m p\u0159edstavovalo nat\u00e1\u010den\u00ed uvnit\u0159 tanku. Prostor byl natolik st\u00edsn\u011bn\u00fd, \u017ee se do n\u011bj obt\u00ed\u017en\u011b dost\u00e1vala kamera i\u00a0kameraman Jan Mal\u00ed\u0159. \u201eBylo to komplikovan\u00e9. Je tam stra\u0161n\u011b m\u00e1lo m\u00edsta. Dlouho jsme uva\u017eovali, \u017ee to nato\u010d\u00edme na trena\u017e\u00e9rech. Ale st\u00e1le to nebylo ono,\u201c vysv\u011btloval Olmer. \u0160t\u00e1b proto hledal zp\u016fsob, jak simulovat pohyb tanku a\u00a0jeho ot\u0159esy. Nakonec si pomohl pom\u011brn\u011b sv\u00e9r\u00e1zn\u011b. \u201eKdy\u017e jsme pot\u0159ebovali z\u00e1t\u0159esk tanku, tak toho herce, co to \u0159\u00eddil, kopnul tak, \u017ee se ten stroj kompletn\u011b cel\u00fd rozt\u0159\u00e1sl.\u201c<\/p>\n<p>Nap\u011bt\u00ed mezi Jand\u00e1kem a\u00a0Zav\u0159elem<\/p>\n<p class=\"e_cz\">Ne v\u0161echno nap\u011bt\u00ed b\u011bhem nat\u00e1\u010den\u00ed souviselo s\u00a0technikou nebo pen\u011bzi. Vlastimil Zav\u0159el a\u00a0V\u00edt\u011bzslav Jand\u00e1k mezi sebou m\u011bli osobn\u00ed konflikt. \u201ePan Jand\u00e1k? To je jin\u00e1 kategorie herce, ten v\u017edy musel m\u00edt n\u011bco extra, nekamar\u00e1d\u00edme spolu,\u201c okomentoval to Zav\u0159el. Jand\u00e1k v\u0161ak tvrdil, \u017ee o\u00a0ni\u010dem nev\u00ed. Tak\u017ee t\u011b\u017eko \u0159\u00edct, co mezi nimi bylo.<\/p>\n<p class=\"e_cz\">Pozorn\u011bj\u0161\u00ed div\u00e1ci mohou ve filmu narazit na zbra\u0148, kter\u00e1 do obdob\u00ed d\u011bje \u00fapln\u011b nezapad\u00e1. Ve filmu se objev\u00ed \u010deskoslovensk\u00fd samopal vz. 58, p\u0159esto\u017ee p\u0159\u00edb\u011bh se odehr\u00e1v\u00e1 v\u00a0dob\u011b, kdy tato zbra\u0148 je\u0161t\u011b nebyla zavedena. Je to drobnost, kter\u00e1 p\u0159i b\u011b\u017en\u00e9m sledov\u00e1n\u00ed snadno unikne. Pro filmov\u00e9 fanou\u0161ky a\u00a0z\u00e1jemce o\u00a0vojenskou historii jde ale o\u00a0zaj\u00edmav\u00fd detail.<\/p>\n<p class=\"e_cz\">Zdroje: autorsk\u00fd \u010dl\u00e1nek s\u00a0vyu\u017eit\u00edm<\/p>\n","protected":false},"excerpt":{"rendered":"Tankov\u00fd prapor ml premi\u00e9ru 29.\u00a0kv\u011btna 1991\u00a0a\u00a0vznikl v\u00a0produkci spole\u010dnosti Bonton. \u0160lo o\u00a0prvn\u00ed \u010desk\u00fd soukrom\u011b vyroben\u00fd celove\u010dern\u00ed film po zn\u00e1rodn\u011bn\u00ed&hellip;\n","protected":false},"author":2,"featured_media":197909,"comment_status":"","ping_status":"","sticky":false,"template":"","format":"standard","meta":{"footnotes":"","_share_on_mastodon":"0"},"categories":[14],"tags":[26298,79,45420,1093,9771,1448,650,174,44185,649,14081,80,437],"class_list":["post-197908","post","type-post","status-publish","format-standard","has-post-thumbnail","category-zabava","tag-bulvar","tag-entertainment","tag-film-tankovy-prapor","tag-filmy","tag-humor","tag-kultura","tag-lide","tag-politika","tag-roman-skamene","tag-spolecnost","tag-vit-olmer","tag-zabava","tag-zajimavosti"],"share_on_mastodon":{"url":"https:\/\/pubeurope.com\/@cz\/117193173248225860","error":""},"_links":{"self":[{"href":"https:\/\/www.europesays.com\/cz\/wp-json\/wp\/v2\/posts\/197908","targetHints":{"allow":["GET"]}}],"collection":[{"href":"https:\/\/www.europesays.com\/cz\/wp-json\/wp\/v2\/posts"}],"about":[{"href":"https:\/\/www.europesays.com\/cz\/wp-json\/wp\/v2\/types\/post"}],"author":[{"embeddable":true,"href":"https:\/\/www.europesays.com\/cz\/wp-json\/wp\/v2\/users\/2"}],"replies":[{"embeddable":true,"href":"https:\/\/www.europesays.com\/cz\/wp-json\/wp\/v2\/comments?post=197908"}],"version-history":[{"count":0,"href":"https:\/\/www.europesays.com\/cz\/wp-json\/wp\/v2\/posts\/197908\/revisions"}],"wp:featuredmedia":[{"embeddable":true,"href":"https:\/\/www.europesays.com\/cz\/wp-json\/wp\/v2\/media\/197909"}],"wp:attachment":[{"href":"https:\/\/www.europesays.com\/cz\/wp-json\/wp\/v2\/media?parent=197908"}],"wp:term":[{"taxonomy":"category","embeddable":true,"href":"https:\/\/www.europesays.com\/cz\/wp-json\/wp\/v2\/categories?post=197908"},{"taxonomy":"post_tag","embeddable":true,"href":"https:\/\/www.europesays.com\/cz\/wp-json\/wp\/v2\/tags?post=197908"}],"curies":[{"name":"wp","href":"https:\/\/api.w.org\/{rel}","templated":true}]}}