{"id":197914,"date":"2026-09-01T01:32:15","date_gmt":"2026-09-01T01:32:15","guid":{"rendered":"https:\/\/www.europesays.com\/cz\/197914\/"},"modified":"2026-09-01T01:32:15","modified_gmt":"2026-09-01T01:32:15","slug":"machacova-muza-dcera-kubelkove-spaciruje-po-manhattanu","status":"publish","type":"post","link":"https:\/\/www.europesays.com\/cz\/197914\/","title":{"rendered":"Mach\u00e1\u010dova m\u016fza! Dcera Kubelkov\u00e9 \u0161pac\u00edruje po Manhattanu"},"content":{"rendered":"<p>Star\u0161\u00ed dcera moder\u00e1torky a modelky <a class=\"celebrity celebwiki\" href=\"https:\/\/celebwiki.blesk.cz\/osobnost\/1783\/iva-kubelkova\/\" target=\"_blank\" rel=\"nofollow noopener\">Ivy Kubelkov\u00e9<\/a> (49) a tenista proslaven\u00fd extr\u00e9mn\u011b kr\u00e1tk\u00fdmi \u0161ortkami jsou u\u017e n\u011bjak\u00fd ten p\u00e1tek p\u00e1r, by\u0165 to zat\u00edm zatloukaj\u00ed. Na Mach\u00e1\u010de, kter\u00fd po dlouh\u00e9m kur\u00fdrov\u00e1n\u00ed zran\u011bn\u00ed oba p\u0159edchoz\u00ed z\u00e1pasy projel, na grandslamu v New Yorku \u010d\u00edhal Brit Samuelem (skon\u010dilo po uz\u00e1v\u011brce) a podporu tuze pot\u0159eboval.<\/p>\n<p style=\"text-align: center;\">Moder\u00e1torka Iva Kubelkov\u00e1: Zraje jako v\u00edno!<\/p>\n<p>    <a href=\"https:\/\/www.ahaonline.cz\/clanek\/zhave-drby\/236733\/dcera-kubelkove-natalie-za-oceanem-utek-z-horiciho-hotelu.html\" rel=\"nofollow noopener\" target=\"_blank\"><\/p>\n<p>        <img decoding=\"async\" src=\"https:\/\/www.europesays.com\/cz\/wp-content\/uploads\/2026\/09\/9941974-crop.jpg\" alt=\"Dcera Kubelkov\u00e9 Nat\u00e1lie za oce\u00e1nem: \u00dat\u011bk z ho\u0159\u00edc\u00edho hotelu!\" title=\"Dcera Kubelkov\u00e9 Nat\u00e1lie za oce\u00e1nem: \u00dat\u011bk z ho\u0159\u00edc\u00edho hotelu!\" height=\"140\" width=\"220\" class=\"lazyload \" loading=\"lazy\" \/><\/p>\n<p>    <\/a><\/p>\n","protected":false},"excerpt":{"rendered":"Star\u0161\u00ed dcera moder\u00e1torky a modelky Ivy Kubelkov\u00e9 (49) a tenista proslaven\u00fd extr\u00e9mn\u011b kr\u00e1tk\u00fdmi \u0161ortkami jsou u\u017e n\u011bjak\u00fd ten&hellip;\n","protected":false},"author":2,"featured_media":197915,"comment_status":"","ping_status":"","sticky":false,"template":"","format":"standard","meta":{"footnotes":"","_share_on_mastodon":"0"},"categories":[14],"tags":[536,79,653,656,1912,13655,1332,80,163],"class_list":["post-197914","post","type-post","status-publish","format-standard","has-post-thumbnail","category-zabava","tag-cestovani","tag-entertainment","tag-laska","tag-natalie-jiraskova","tag-tenis","tag-tomas-machac","tag-vztah","tag-zabava","tag-zhave-drby"],"share_on_mastodon":{"url":"https:\/\/pubeurope.com\/@cz\/117193208628132036","error":""},"_links":{"self":[{"href":"https:\/\/www.europesays.com\/cz\/wp-json\/wp\/v2\/posts\/197914","targetHints":{"allow":["GET"]}}],"collection":[{"href":"https:\/\/www.europesays.com\/cz\/wp-json\/wp\/v2\/posts"}],"about":[{"href":"https:\/\/www.europesays.com\/cz\/wp-json\/wp\/v2\/types\/post"}],"author":[{"embeddable":true,"href":"https:\/\/www.europesays.com\/cz\/wp-json\/wp\/v2\/users\/2"}],"replies":[{"embeddable":true,"href":"https:\/\/www.europesays.com\/cz\/wp-json\/wp\/v2\/comments?post=197914"}],"version-history":[{"count":0,"href":"https:\/\/www.europesays.com\/cz\/wp-json\/wp\/v2\/posts\/197914\/revisions"}],"wp:featuredmedia":[{"embeddable":true,"href":"https:\/\/www.europesays.com\/cz\/wp-json\/wp\/v2\/media\/197915"}],"wp:attachment":[{"href":"https:\/\/www.europesays.com\/cz\/wp-json\/wp\/v2\/media?parent=197914"}],"wp:term":[{"taxonomy":"category","embeddable":true,"href":"https:\/\/www.europesays.com\/cz\/wp-json\/wp\/v2\/categories?post=197914"},{"taxonomy":"post_tag","embeddable":true,"href":"https:\/\/www.europesays.com\/cz\/wp-json\/wp\/v2\/tags?post=197914"}],"curies":[{"name":"wp","href":"https:\/\/api.w.org\/{rel}","templated":true}]}}