{"id":197980,"date":"2026-09-01T04:25:11","date_gmt":"2026-09-01T04:25:11","guid":{"rendered":"https:\/\/www.europesays.com\/cz\/197980\/"},"modified":"2026-09-01T04:25:11","modified_gmt":"2026-09-01T04:25:11","slug":"v-zari-by-melo-byt-stale-nadprumerne-teplo","status":"publish","type":"post","link":"https:\/\/www.europesays.com\/cz\/197980\/","title":{"rendered":"V z\u00e1\u0159\u00ed by m\u011blo b\u00fdt st\u00e1le nadpr\u016fm\u011brn\u011b teplo"},"content":{"rendered":"<p class=\"c_bB\">V prvn\u00edm t\u00fddnu z\u00e1\u0159\u00ed (1.\u00a0\u2013 6.\u00a09.) by m\u011bly b\u00fdt m\u00edrn\u011b nadpr\u016fm\u011brn\u00e9 teploty. Nejteplej\u0161\u00ed by m\u011bl b\u00fdt p\u00e1tek, kdy by mohlo na jihu \u010ceska b\u00fdt a\u017e 30\u00a0\u00b0C. No\u010dn\u00ed teploty budou v\u011bt\u0161inou kolem 14\u00a0\u00b0C. Na za\u010d\u00e1tek z\u00e1\u0159\u00ed jde o\u00a0nadpr\u016fm\u011brn\u00e9 teploty. V\u00a0sobotu by m\u011bla p\u0159ij\u00edt studen\u00e1 fronta, za kterou se m\u00edrn\u011b ochlad\u00ed.<\/p>\n<p class=\"c_bB\">Ve druh\u00e9m t\u00fddnu (7.\u00a0\u2013 13.\u00a09.) bude \u010cesko na rozhran\u00ed tepl\u00e9 vzduchov\u00e9 hmoty na jihu a\u00a0studen\u00e9 na severu. Zat\u00edm to vypad\u00e1, \u017ee by sp\u00ed\u0161 mohlo p\u0159ev\u00e1\u017eit po\u010das\u00ed s\u00a0teplej\u0161\u00edm vzduchem, ale nejsp\u00ed\u0161e bude po\u010das\u00ed ve druh\u00e9m z\u00e1\u0159ijov\u00e9m t\u00fddnu rozkol\u00edsan\u00e9.<\/p>\n<p><img fetchpriority=\"high\" height=\"500\"   width=\"1163\" src=\"https:\/\/www.europesays.com\/cz\/wp-content\/uploads\/2026\/09\/pocasi-teplota.png\" loading=\"eager\" decoding=\"sync\" class=\"c_t c_r\"\/>Foto: \u010cHM\u00da<\/p>\n<p class=\"c_bB\">V\u00fdvoj a\u00a0p\u0159edpov\u011b\u010f pr\u016fm\u011brn\u00fdch t\u00fddenn\u00edch teplot podle v\u00fdhledu \u010cesk\u00e9ho hydrometeorologick\u00e9ho \u00fastavu (\u010cHM\u00da) &#8211; teploty by v\u00a0z\u00e1\u0159\u00ed m\u011bly b\u00fdt lehce nadpr\u016fm\u011brn\u00e9 nebo pr\u016fm\u011brn\u00e9<\/p>\n<p class=\"c_bB\">Nadpr\u016fm\u011brn\u011b tepl\u00fd by m\u011bl b\u00fdt i\u00a0zbytek z\u00e1\u0159\u00ed, p\u0159\u00edpadn\u011b mohou b\u00fdt teploty kolem pr\u016fm\u011bru. Ve t\u0159et\u00edm t\u00fddnu z\u00e1\u0159\u00ed (14.\u00a0\u2013 20.\u00a09.) by m\u011bla b\u00fdt v\u00a0pr\u016fm\u011bru za \u010cesko maxima kolem 19\u00a0\u00b0C a\u00a0denn\u00ed minima kolem 9\u00a0\u00b0C. V\u00a0posledn\u00edm t\u00fddnu (21.\u00a0\u2013 27.\u00a09.) by se nejvy\u0161\u0161\u00ed teploty m\u011bly pohybovat kolem 18\u00a0\u00b0C a\u00a0nejni\u017e\u0161\u00ed kolem 7\u00a0\u00b0C.<\/p>\n<p>Pr\u0161et moc nebude<\/p>\n<p class=\"c_bB\">Sr\u00e1\u017ekov\u011b by z\u00e1\u0159\u00ed jako celek m\u011blo b\u00fdt podle \u010cHM\u00da pr\u016fm\u011brn\u00e9. Pr\u016fm\u011brn\u00fd \u00fahrn sr\u00e1\u017eek v\u00a0jednotliv\u00fdch t\u00fddnech by m\u011bl b\u00fdt kolem 10\u00a0mm. <\/p>\n<p class=\"c_bB\">V prvn\u00edm t\u00fddnu (1.\u00a0\u2013 6.\u00a09.) se p\u0159\u00edli\u0161 sr\u00e1\u017eek nevyskytne. V\u00edce by mohlo zapr\u0161et a\u017e p\u0159i p\u0159echodu fronty v\u00a0sobotu, ale sr\u00e1\u017ekov\u00fd syst\u00e9m se mo\u017en\u00e1 bude nad \u010ceskem rozpadat. Nejv\u011bt\u0161\u00ed \u0161ance na v\u00edce de\u0161t\u011b je na severu republiky.<\/p>\n<p class=\"c_bB\">V dal\u0161\u00edch t\u00fddnech by m\u011bly b\u00fdt sr\u00e1\u017eky pr\u016fm\u011brn\u00e9 nebo i\u00a0podpr\u016fm\u011brn\u00e9, co\u017e vych\u00e1z\u00ed jak z\u00a0v\u00fdhledu \u010cHM\u00da, tak z\u00a0p\u0159edpov\u011bdi ECMWF. Lehce podpr\u016fm\u011brn\u00e9 sr\u00e1\u017eky p\u0159edpov\u00edd\u00e1 pro z\u00e1\u0159\u00ed pro \u010cesko tak\u00e9 <a data-dot=\"atm-link\" target=\"_blank\" rel=\"noopener nofollow\" href=\"https:\/\/charts.ecmwf.int\/catalogue\/packages\/c3s_seasonal\/products\/c3s_seasonal_spatial_mm_rain_1m?area=area01&amp;base_time=202608010000&amp;type=tsum&amp;valid_time=202609010000\" class=\"c_I\">sez\u00f3nn\u00ed p\u0159edpov\u011b\u010f <\/a>pro z\u00e1\u0159\u00ed slo\u017een\u00e1 z\u00a0v\u00edce model\u016f. <\/p>\n<p class=\"c_bB\">\u010cHM\u00da upozor\u0148uje, \u017ee p\u0159i sr\u00e1\u017ek\u00e1ch budou p\u0159eva\u017eovat p\u0159eh\u00e1\u0148ky nebo i\u00a0bou\u0159ky. To znamen\u00e1, \u017ee mohou b\u00fdt sr\u00e1\u017ekov\u00e9 \u00fahrny nap\u0159\u00ed\u010d \u010ceskem velmi rozd\u00edln\u00e9. <\/p>\n<p class=\"c_bB\">D\u016fle\u017eit\u00e9 je tak\u00e9 p\u0159ipomenout, \u017ee v\u00fdhled po\u010das\u00ed ud\u00e1v\u00e1 pr\u016fm\u011br za cel\u00e9 t\u00fddny, po\u010das\u00ed v\u00a0jednotliv\u00fdch dnech se tak m\u016f\u017ee li\u0161it. <\/p>\n<p><img height=\"1800\"   width=\"2000\" src=\"https:\/\/www.europesays.com\/cz\/wp-content\/uploads\/2026\/09\/pocasi-dest-srazky.png\" loading=\"eager\" decoding=\"sync\" class=\"c_t c_r\"\/>Foto: ECMWF\/C3S<\/p>\n<p class=\"c_bB\">Pr\u016fm\u011br p\u0159edpov\u011bd\u00ed sr\u00e1\u017eek n\u011bkolika model\u016f ukazuje, \u017ee v\u00a0\u010cesku by v\u00a0z\u00e1\u0159\u00ed m\u011blo pr\u0161et pr\u016fm\u011brn\u011b nebo lehce podpr\u016fm\u011brn\u011b<\/p>\n<p><a data-dot=\"atm-link\" target=\"_self\" href=\"https:\/\/www.novinky.cz\/clanek\/pocasi-ceka-nas-vetsinou-slunecny-tyden-nekde-ale-i-zaprsi-40594711\" class=\"c_I\" rel=\"nofollow noopener\"><img height=\"393\" width=\"700\" src=\"https:\/\/www.europesays.com\/cz\/wp-content\/uploads\/2026\/09\/teploty.png\" loading=\"eager\" decoding=\"sync\" class=\"c_t c_r\"\/><\/a><\/p>\n","protected":false},"excerpt":{"rendered":"V prvn\u00edm t\u00fddnu z\u00e1\u0159\u00ed (1.\u00a0\u2013 6.\u00a09.) by m\u011bly b\u00fdt m\u00edrn\u011b nadpr\u016fm\u011brn\u00e9 teploty. Nejteplej\u0161\u00ed by m\u011bl b\u00fdt p\u00e1tek, kdy&hellip;\n","protected":false},"author":2,"featured_media":197981,"comment_status":"","ping_status":"","sticky":false,"template":"","format":"standard","meta":{"footnotes":"","_share_on_mastodon":"0"},"categories":[7],"tags":[43,42,3710,41,40,3659,255,1440,1441,11699],"class_list":["post-197980","post","type-post","status-publish","format-standard","has-post-thumbnail","category-cesko","tag-ceska-republika","tag-cesko","tag-cesky-hydrometeorologicky-ustav-chmu","tag-czech-republic","tag-czechia","tag-dest","tag-pocasi","tag-predpoved-pocasi","tag-teploty","tag-zari"],"share_on_mastodon":{"url":"https:\/\/pubeurope.com\/@cz\/117193888625885735","error":""},"_links":{"self":[{"href":"https:\/\/www.europesays.com\/cz\/wp-json\/wp\/v2\/posts\/197980","targetHints":{"allow":["GET"]}}],"collection":[{"href":"https:\/\/www.europesays.com\/cz\/wp-json\/wp\/v2\/posts"}],"about":[{"href":"https:\/\/www.europesays.com\/cz\/wp-json\/wp\/v2\/types\/post"}],"author":[{"embeddable":true,"href":"https:\/\/www.europesays.com\/cz\/wp-json\/wp\/v2\/users\/2"}],"replies":[{"embeddable":true,"href":"https:\/\/www.europesays.com\/cz\/wp-json\/wp\/v2\/comments?post=197980"}],"version-history":[{"count":0,"href":"https:\/\/www.europesays.com\/cz\/wp-json\/wp\/v2\/posts\/197980\/revisions"}],"wp:featuredmedia":[{"embeddable":true,"href":"https:\/\/www.europesays.com\/cz\/wp-json\/wp\/v2\/media\/197981"}],"wp:attachment":[{"href":"https:\/\/www.europesays.com\/cz\/wp-json\/wp\/v2\/media?parent=197980"}],"wp:term":[{"taxonomy":"category","embeddable":true,"href":"https:\/\/www.europesays.com\/cz\/wp-json\/wp\/v2\/categories?post=197980"},{"taxonomy":"post_tag","embeddable":true,"href":"https:\/\/www.europesays.com\/cz\/wp-json\/wp\/v2\/tags?post=197980"}],"curies":[{"name":"wp","href":"https:\/\/api.w.org\/{rel}","templated":true}]}}