{"id":198012,"date":"2026-09-01T05:21:15","date_gmt":"2026-09-01T05:21:15","guid":{"rendered":"https:\/\/www.europesays.com\/cz\/198012\/"},"modified":"2026-09-01T05:21:15","modified_gmt":"2026-09-01T05:21:15","slug":"test-dostupneho-suv-dacia-duster-eco-g-120","status":"publish","type":"post","link":"https:\/\/www.europesays.com\/cz\/198012\/","title":{"rendered":"Test dostupn\u00e9ho SUV Dacia Duster Eco-G 120"},"content":{"rendered":"<p class=\"b_bs\">Z\u00e1kazn\u00edci Dacie si tuto zna\u010dku obl\u00edbili pro nep\u0159ekonateln\u00fd pom\u011br cena\/hodnota. Pokud nejste moc rozma\u0159il\u00ed, dop\u0159ej\u00ed v\u00e1m rumunsko-francouzsk\u00e1 auta spoustu muziky za rozumn\u00fd pen\u00edz. Co\u017e je v\u00a0dne\u0161n\u00ed p\u0159edra\u017een\u00e9 dob\u011b l\u00e1kav\u011bj\u0161\u00ed ne\u017e kdy d\u0159\u00edv.<\/p>\n<p><a data-dot=\"atm-link\" aria-hidden=\"true\" tabindex=\"-1\" href=\"https:\/\/www.garaz.cz\/clanek\/novinky-dacia-striker-motory-kufr-vybava-cena-21017341\" class=\"b_X o_g7\" rel=\"nofollow noopener\" target=\"_blank\"><img fetchpriority=\"high\" height=\"739\"   width=\"1314\" src=\"https:\/\/www.europesays.com\/cz\/wp-content\/uploads\/2026\/09\/dacia-striker.jpeg\" loading=\"eager\" decoding=\"sync\" class=\"b_D b_B\"\/><\/a><\/p>\n<p class=\"b_bs\">A v\u016fbec nejde jen o\u00a0to, \u017ee zrovna takov\u00fd Duster po\u0159\u00edd\u00edte za hodn\u011b rozumn\u00e9 pen\u00edze (na segment rodinn\u00fdch SUV). On u\u017e toti\u017e ve sv\u00e9 t\u0159et\u00ed generaci vypad\u00e1 zvenku docela cool, abyste se nemuseli styd\u011bt, \u017ee jste se rozhodli u\u0161et\u0159it, a\u00a0uvnit\u0159 p\u016fsob\u00ed sp\u00ed\u0161 robustn\u011b ne\u017e vylo\u017een\u011b lacin\u011b\u00a0\u2013 Dacia se nau\u010dila sv\u00e1 \u00fasporn\u00e1 \u0159e\u0161en\u00ed prod\u00e1vat fakt docela stylov\u011b.<\/p>\n<p>\u017d\u00e1dn\u00fd lacin\u00fd chud\u00e1k<\/p>\n<p class=\"b_bs\">P\u0159itom v\u00e1m tu nebude nic chyb\u011bt\u00a0\u2013 prostoru je uvnit\u0159 Dusteru dost v\u00a0prvn\u00ed i\u00a0druh\u00e9 \u0159ad\u011b, ale taky v\u00a0kufru s\u00a0objemem 453\u00a0litr\u016f. V\u00fdbava nab\u00eddne vychyt\u00e1vky jako bezkl\u00ed\u010dov\u00fd p\u0159\u00edstup, vyh\u0159\u00edvan\u00e9 seda\u010dky, volant i\u00a0\u010deln\u00ed sklo, dotykov\u00fd infotainment s\u00a0navigac\u00ed a\u00a0induk\u010dn\u00edm nab\u00edjen\u00edm telefonu nebo t\u0159eba pr\u00e9miov\u00e9 audio Arkamys (a \u017e\u00e1dn\u00fd p\u0159\u00edplatkov\u00fd prvek nestoj\u00ed ranec).<\/p>\n<p class=\"b_bs\">U\u017e v\u00a0samotn\u00e9m z\u00e1kladu (v\u00fdbavov\u00fd stupe\u0148 Essential) najdete t\u0159eba LED sv\u011btlomety, manu\u00e1ln\u00ed klimatizaci, tempomat, ABS i\u00a0ESP, elektrick\u00e1 zrc\u00e1tka, k\u016f\u017e\u00ed \u010daloun\u011bn\u00fd volant s\u00a0v\u00fd\u0161kov\u00fdm i\u00a0pod\u00e9ln\u00fdm nastaven\u00edm, multimedi\u00e1ln\u00ed syst\u00e9m se 4\u00a0reproduktory nebo centr\u00e1l s\u00a0d\u00e1lkov\u00fdm ovl\u00e1d\u00e1n\u00edm.<\/p>\n<p><img height=\"1333\"   width=\"2000\" src=\"https:\/\/www.europesays.com\/cz\/wp-content\/uploads\/2026\/09\/dacia-duster.jpeg\" loading=\"eager\" decoding=\"sync\" class=\"b_D b_B\"\/>Foto: Luk\u00e1\u0161 Kukla<\/p>\n<p class=\"b_bs\">Interi\u00e9r Dusteru se v\u00a0t\u00e9to generaci hodn\u011b posunul\u00a0\u2013 designem, kvalitou i\u00a0v\u00fdbavou.<\/p>\n<p class=\"b_bs\">P\u0159iho\u010fte 40\u00a0tis\u00edc za vy\u0161\u0161\u00ed v\u00fdbavu Expression a\u00a0u\u017e m\u00e1te i\u00a017&#8243; lit\u00e1 kola, zadn\u00ed parkovac\u00ed senzory s\u00a0kamerou, de\u0161\u0165ov\u00fd a\u00a0sv\u011bteln\u00fd senzor, p\u0159edn\u00ed i\u00a0zadn\u00ed okna v\u00a0elektrice, digit\u00e1ln\u00ed p\u0159\u00edstrojov\u00fd \u0161t\u00edt nebo taky infotainment s\u00a0podporou Android Auto a\u00a0Apple CarPlay.<\/p>\n<p>Z\u00e1klad naprosto sta\u010d\u00ed. A\u00a0um\u00ed u\u0161et\u0159it<\/p>\n<p class=\"b_bs\">A z\u00e1kladn\u00ed motor je pro Duster snad ten nejlep\u0161\u00ed. Jasn\u011b, je to skromn\u00fd t\u0159\u00edv\u00e1lec, ale m\u00e1 kur\u00e1\u017e a\u00a0d\u00edky p\u0159epl\u0148ov\u00e1n\u00ed turbem taky s\u00edlu. Objem toti\u017e posko\u010dil z\u00a0litru na 1,2\u00a0l a\u00a0v\u00fdkon se posunul na 120\u00a0kon\u00ed a\u00a0to\u010div\u00fd moment na 197\u00a0Nm\u00a0\u2013 co\u017e jsou hodnoty, kter\u00e9 v\u016fbec ned\u011blaj\u00ed ostudu. V\u00a0b\u011b\u017en\u00e9m provozu ho proti d\u0159\u00edv\u011bj\u0161ku nebudete muset ani moc t\u00fdrat, abyste udr\u017eeli tempo.<\/p>\n<p class=\"b_bs\">Nav\u00edc krom\u011b benzinu um\u00ed spalovat i\u00a0LPG (propan-butan), tak\u017ee m\u016f\u017eete dost u\u0161et\u0159it na pohonn\u00fdch hmot\u00e1ch. P\u0159i sou\u010dasn\u00fdch cen\u00e1ch vyjde 1\u00a0kilometr na 1,60\u00a0K\u010d p\u0159i j\u00edzd\u011b na LPG a\u00a02,50\u00a0K\u010d na benzin. A\u00a0to u\u017e stoj\u00ed za zamy\u0161len\u00ed!<\/p>\n<p class=\"b_bs\">Zvl\u00e1\u0161\u0165 proto, \u017ee LPG v\u00e1s nijak zvl\u00e1\u0161\u0165 neomezuje\u00a0\u2013 jeho 50litrov\u00e1 n\u00e1dr\u017e je ukryt\u00e1 pod podlahou kufru, jeho\u017e objem tak nijak nesni\u017euje, a\u00a0m\u00e1 do\u017eivotn\u00ed z\u00e1ruku, tak\u017ee ji nemus\u00edte ka\u017ed\u00fdch p\u00e1r let m\u011bnit jako u\u00a0individu\u00e1ln\u00edch p\u0159estaveb. Benzinov\u00e1 n\u00e1dr\u017e m\u00e1 nav\u00edc \u201eplnotu\u010dn\u00fd\u201c objem 50\u00a0litr\u016f, abyste netrp\u011bli p\u0159\u00edli\u0161 mal\u00fdm radiusem ani v\u00a0zem\u00edch, kde LPG nen\u00ed tak dostupn\u00e9 jako v\u00a0\u010cR. S\u00a0ob\u011bma n\u00e1dr\u017eemi pln\u00fdmi pak najedete kolem 1\u00a0500\u00a0km.<\/p>\n<p><a data-dot=\"atm-link\" aria-hidden=\"true\" tabindex=\"-1\" href=\"https:\/\/www.novinky.cz\/clanek\/auto-dacia-poodhaluje-novy-elektromobil-ceka-se-cena-kolem-435-000-korun-40583838\" class=\"b_X o_g7\" rel=\"nofollow noopener\" target=\"_blank\"><img height=\"1080\"   width=\"1920\" src=\"https:\/\/www.europesays.com\/cz\/wp-content\/uploads\/2026\/09\/dacia-spring-elektromobil.jpeg\" loading=\"eager\" decoding=\"sync\" class=\"b_D b_B\"\/><\/a><\/p>\n<p class=\"b_bs\">A j\u00edzda to bude p\u0159\u00edjemn\u00e1, Duster se \u0159\u00edd\u00ed snadno a\u00a0\u010desk\u00e9 silnice zvl\u00e1d\u00e1 se ct\u00ed, i\u00a0kdy\u017e ob\u010das um\u00ed b\u00fdt trochu usk\u00e1kan\u00fd. Na druhou stranu se zase nemus\u00edte b\u00e1t sjet z\u00a0asfaltu za dobrodru\u017estv\u00edm\u00a0\u2013 a\u00a0proto\u017ee je to relativn\u011b mal\u00e9 a\u00a0lehk\u00e9 auto, ani nutn\u011b nepot\u0159ebujete \u010dty\u0159kolku, jeliko\u017e sv\u011btlou v\u00fd\u0161ku, n\u00e1jezdov\u00e9 i\u00a0p\u0159ejezdov\u00e9 \u00fahly m\u00e1 velmi slu\u0161n\u00e9 a\u00a0kr\u00e1tk\u00e1 jedni\u010dka simuluj\u00edc\u00ed redukci v\u00e1m v\u00a0mnoha situac\u00edch dok\u00e1\u017ee hodn\u011b pomoci.<\/p>\n<p class=\"b_bs\">Tak\u017ee tady to m\u00e1te\u00a0\u2013 ten nejlevn\u011bj\u0161\u00ed Duster je jedn\u00edm z\u00a0t\u011bch nejlep\u0161\u00edch, proto\u017ee moc nestoj\u00ed a\u00a0je\u0161t\u011b v\u00e1m bude s\u00a0ka\u017ed\u00fdm kilometrem \u0161et\u0159it pen\u00edze na palivu i\u00a0servisu sofistikovan\u011bj\u0161\u00ed a\u00a0dra\u017e\u0161\u00ed techniky.<\/p>\n<p class=\"b_bs\">Pro dal\u0161\u00ed tipy na \u00faspory sledujte Gar\u00e1\u017e.cz!<\/p>\n<p><img height=\"1333\"   width=\"2000\" src=\"https:\/\/www.europesays.com\/cz\/wp-content\/uploads\/2026\/09\/1788240074_909_dacia-duster.jpeg\" loading=\"eager\" decoding=\"sync\" class=\"b_D b_B\"\/>Foto: Luk\u00e1\u0161 Kukla<\/p>\n<p class=\"b_bs\">Cen\u00edk Dacie Duster za\u010d\u00edn\u00e1 na \u010d\u00e1stce 441\u00a0900\u00a0K\u010d pr\u00e1v\u011b za verzi ECO-G 120\u00a0spaluj\u00edc\u00ed benzin i\u00a0LPG. My bychom s\u00e1hli po stejn\u00e9m motoru ve vy\u0161\u0161\u00ed v\u00fdbav\u011b Expression (+40\u00a0tis\u00edc korun), kterou m\u016f\u017eete m\u00edt i\u00a0s dvouspojkov\u00fdm automatem (za dal\u0161\u00edch 40\u00a0tis\u00edc nav\u00edc).<\/p>\n<p class=\"b_bs\">Klidn\u011b se ale m\u016f\u017eete roz\u0161oupnout a\u00a0p\u0159iplatit si za vy\u0161\u0161\u00ed v\u00fdbavy nebo v\u00fdkonn\u011bj\u0161\u00ed pohony (a vy\u0161roubovat cenu klidn\u011b a\u017e k\u00a0700\u00a0tis\u00edc\u016fm). Ale t\u00edm tak trochu pop\u0159ete smysl cel\u00e9ho auta\u2026<\/p>\n<p><a data-dot=\"atm-link\" aria-hidden=\"true\" tabindex=\"-1\" href=\"https:\/\/www.garaz.cz\/clanek\/testy-nejen-skvela-spotreba-pet-veci-ktere-nas-bavi-na-dlouhodobe-testovane-dacii-bigster-21017036\" class=\"b_X o_g7\" rel=\"nofollow noopener\" target=\"_blank\"><img height=\"2068\"   width=\"3678\" src=\"https:\/\/www.europesays.com\/cz\/wp-content\/uploads\/2026\/09\/dacia-bigster-hybrid.jpeg\" loading=\"eager\" decoding=\"sync\" class=\"b_D b_B\"\/><\/a>Technick\u00e9 \u00fadajeMotor\u0159adov\u00fd t\u0159\u00edv\u00e1lec, z\u00e1\u017eehov\u00fd\/LPG, turboZdvihov\u00fd objem1 199 cm\u00b3V\u00fdkon &#8211; benzin90 kW (120 k) LPG; 84 kW (113 k) benzinTo\u010div\u00fd moment197 NmP\u0159evodovkamanu\u00e1ln\u00ed, 6 stup\u0148\u016fPohonp\u0159edn\u00edch kolPohotovostn\u00ed hmotnost1 318 kgAkcelerace 0\u2013100\u00a0km\/h11,0 sMaxim\u00e1ln\u00ed rychlost180\u00a0km\/hSpot\u0159eba (kombinace)6,0\u00a0l\/100 km benzin; 7,5 l\/100 km LPGObjem palivov\u00e9 n\u00e1dr\u017ee50 l + 50 l pro LPGKola a pneumatiky215\/60 R18Rozm\u011bry (d\u00e9lka\/\u0161\u00ed\u0159ka\/v\u00fd\u0161ka)4 343\/1\u00a0813\/1\u00a0656\u00a0mmRozvor2 657 mmObjem zavazadlov\u00e9ho prostoru453 l<\/p>\n","protected":false},"excerpt":{"rendered":"Z\u00e1kazn\u00edci Dacie si tuto zna\u010dku obl\u00edbili pro nep\u0159ekonateln\u00fd pom\u011br cena\/hodnota. Pokud nejste moc rozma\u0159il\u00ed, dop\u0159ej\u00ed v\u00e1m rumunsko-francouzsk\u00e1 auta&hellip;\n","protected":false},"author":2,"featured_media":198013,"comment_status":"","ping_status":"","sticky":false,"template":"","format":"standard","meta":{"footnotes":"","_share_on_mastodon":"0"},"categories":[12],"tags":[67,68,2217,3955,9800,293],"class_list":["post-198012","post","type-post","status-publish","format-standard","has-post-thumbnail","category-byznys","tag-business","tag-byznys","tag-dacia","tag-dacia-duster","tag-lpg","tag-suv-auta"],"share_on_mastodon":{"url":"https:\/\/pubeurope.com\/@cz\/117194108956502368","error":""},"_links":{"self":[{"href":"https:\/\/www.europesays.com\/cz\/wp-json\/wp\/v2\/posts\/198012","targetHints":{"allow":["GET"]}}],"collection":[{"href":"https:\/\/www.europesays.com\/cz\/wp-json\/wp\/v2\/posts"}],"about":[{"href":"https:\/\/www.europesays.com\/cz\/wp-json\/wp\/v2\/types\/post"}],"author":[{"embeddable":true,"href":"https:\/\/www.europesays.com\/cz\/wp-json\/wp\/v2\/users\/2"}],"replies":[{"embeddable":true,"href":"https:\/\/www.europesays.com\/cz\/wp-json\/wp\/v2\/comments?post=198012"}],"version-history":[{"count":0,"href":"https:\/\/www.europesays.com\/cz\/wp-json\/wp\/v2\/posts\/198012\/revisions"}],"wp:featuredmedia":[{"embeddable":true,"href":"https:\/\/www.europesays.com\/cz\/wp-json\/wp\/v2\/media\/198013"}],"wp:attachment":[{"href":"https:\/\/www.europesays.com\/cz\/wp-json\/wp\/v2\/media?parent=198012"}],"wp:term":[{"taxonomy":"category","embeddable":true,"href":"https:\/\/www.europesays.com\/cz\/wp-json\/wp\/v2\/categories?post=198012"},{"taxonomy":"post_tag","embeddable":true,"href":"https:\/\/www.europesays.com\/cz\/wp-json\/wp\/v2\/tags?post=198012"}],"curies":[{"name":"wp","href":"https:\/\/api.w.org\/{rel}","templated":true}]}}