{"id":198020,"date":"2026-09-01T05:30:32","date_gmt":"2026-09-01T05:30:32","guid":{"rendered":"https:\/\/www.europesays.com\/cz\/198020\/"},"modified":"2026-09-01T05:30:32","modified_gmt":"2026-09-01T05:30:32","slug":"kdo-je-nejbohatsi-cech-strnad-i-kretinsky-vyrazne-zbohatli-v-patach-jim-je-kellnerova","status":"publish","type":"post","link":"https:\/\/www.europesays.com\/cz\/198020\/","title":{"rendered":"Kdo je nejbohat\u0161\u00ed \u010cech? Strnad i K\u0159et\u00ednsk\u00fd v\u00fdrazn\u011b zbohatli, v pat\u00e1ch jim je Kellnerov\u00e1"},"content":{"rendered":"<p>\n                        Nejbohat\u0161\u00edm \u010cechem je podle \u010dasopisu Euro stejn\u011b jako loni majitel zbroja\u0159sk\u00e9 skupiny CSG Michal Strnad s majetkem 470 miliard korun. Na druh\u00e9 m\u00edsto se posunul v\u011bt\u0161inov\u00fd vlastn\u00edk Energetick\u00e9ho a pr\u016fmyslov\u00e9ho holdingu (EPH) Daniel K\u0159et\u00ednsk\u00fd se 432 miliardami korun. Oba od lo\u0148ska v\u00fdrazn\u011b zbohatli, Strnad o 140 miliard, K\u0159et\u00ednsk\u00fd o 152 miliard. T\u0159et\u00ed je majitelka finan\u010dn\u00ed skupiny PPF Ren\u00e1ta Kellnerov\u00e1 s rodinou, jejich\u017e majetek \u010din\u00ed 385 miliard korun. Euro o tom v p\u00e1tek informovalo v tiskov\u00e9 zpr\u00e1v\u011b.\n                    <\/p>\n<p>\u017deb\u0159\u00ed\u010dek nejbohat\u0161\u00edch \u010cech\u016f a Slov\u00e1k\u016f sestavuje Euro od roku 2014. Souhrnn\u00e1 hodnota majetku prvn\u00ed stovky letos dos\u00e1hla 4,069 bilionu korun. Proti lo\u0148sku vzrostla o 658,6 miliardy, tedy t\u00e9m\u011b\u0159 o p\u011btinu. Polep\u0161ilo si 69 osobnost\u00ed v \u017eeb\u0159\u00ed\u010dku, 19 z\u016fstalo beze zm\u011bny a 12 zaznamenalo pokles.<\/p>\n<p>\u010cT\u011aTE TAK\u00c9: <a target=\"_blank\" href=\"https:\/\/cnn.iprima.cz\/iranska-krize-drti-energeticky-trh-experti-rekli-o-kolik-muze-v-cesku-zdrazit-plyn-i-elektrina-520156\" rel=\"nofollow noopener\">\u00cdr\u00e1nsk\u00e1 krize drt\u00ed energetiku: Experti odhadli, o kolik mohou v \u010cesku podra\u017eit plyn a elekt\u0159ina<\/a><\/p>\n<p>Podle Eura byl letos souboj o prvn\u00ed m\u00edsto velmi nap\u00ednav\u00fd. Na za\u010d\u00e1tku l\u00e9ta bylo Strnadovo v\u00edt\u011bzstv\u00ed v ohro\u017een\u00ed. \u201eAkcie CSG se po lednov\u00e9m vstupu na burzu vy\u0161plhaly a\u017e k 800 korun\u00e1m, koncem \u010dervna v\u0161ak spadly na 300 korun. Teprve srpnov\u00e9 zotaven\u00ed p\u0159ibli\u017en\u011b k 450 korun\u00e1m vr\u00e1tilo Strnada do \u010dela \u017eeb\u0159\u00ed\u010dku,\u201c uvedl \u010dasopis.<\/p>\n<p>Na \u010dtvrt\u00e9m m\u00edst\u011b je s 275 miliardami vlastn\u00edk skupiny KKCG Karel Kom\u00e1rek. P\u00e1t\u00fd skon\u010dil spoluzakladatel J&amp;T a akcion\u00e1\u0159 holdingu EPH Patrik Tk\u00e1\u010d, jeho\u017e majetek \u010din\u00ed 220 miliard korun. N\u00e1sleduje majitel energetick\u00e9 skupiny Sev.en Pavel Tyka\u010d se 190 miliardami.<\/p>\n<p>Na sedm\u00e9m m\u00edst\u011b je vlastn\u00edk realitn\u00ed skupiny CPI Radovan V\u00edtek. V \u017eeb\u0159\u00ed\u010dku je V\u00edtek nejv\u00fd\u0161e postaven\u00fdm miliard\u00e1\u0159em, kter\u00fd od lo\u0148ska zchudl. Pohor\u0161il si o t\u0159i miliardy korun na 116 miliard. O 1,5 miliardy korun se zten\u010dil i majetek rodiny premi\u00e9ra Andreje Babi\u0161e (ANO), kterou Euro za\u0159adilo s 83,5 miliardy K\u010d na osm\u00e9 m\u00edsto. Babi\u0161 v \u00fanoru vlo\u017eil akcie holdingu Agrofert do sv\u011b\u0159ensk\u00e9ho fondu.<\/p>\n<p class=\"intro-title-mobile\">\n        \u010ct\u011bte tak\u00e9\n    <\/p>\n<p>        <a href=\"https:\/\/cnn.iprima.cz\/ekonomicke-harakiri-i-beznadejna-rovnice-schillerova-se-oprela-do-pavla-kvuli-rozpoctu-520115\" class=\"image-link\" rel=\"nofollow noopener\" target=\"_blank\"><\/p>\n<p>            <img decoding=\"async\" loading=\"lazy\" class=\"image\" src=\"https:\/\/www.europesays.com\/cz\/wp-content\/uploads\/2026\/09\/868757b3d11756c956facd4c516dbc05.jpg\" alt=\"Ministryn\u011b financ\u00ed Alena Schillerov\u00e1 (ANO)\"\/><\/p>\n<p>            <\/a><\/p>\n<p class=\"intro-title-desktop\">\n            \u010ct\u011bte tak\u00e9\n        <\/p>\n<p>                <a href=\"https:\/\/cnn.iprima.cz\/ekonomicke-harakiri-i-beznadejna-rovnice-schillerova-se-oprela-do-pavla-kvuli-rozpoctu-520115\" class=\"title-link\" rel=\"nofollow noopener\" target=\"_blank\"><\/p>\n<p class=\"title\">\n                Ekonomick\u00e9 harakiri i beznad\u011bjn\u00e1 rovnice. Schillerov\u00e1 se op\u0159ela do Pavla kv\u016fli rozpo\u010dtu\n            <\/p>\n<p>        <\/a><\/p>\n<p>                                                                                                25. srp 2026, 10:11<\/p>\n<p>                6 min \u010dten\u00ed<\/p>\n<p>Za skokany roku \u010dasopis ozna\u010dil vlastn\u00edky zbroja\u0159sk\u00e9 skupiny STV Group Martina Drdu a Ludmilu Drdovou. Odhadovan\u00e1 hodnota jejich majetku vzrostla t\u00e9m\u011b\u0159 dvojn\u00e1sobn\u011b na 56,5 miliardy korun. V\u00fdrazn\u011b si polep\u0161il tak\u00e9 developer Du\u0161an Kunovsk\u00fd, a to o 17 miliard na 50,5 miliardy. Nov\u00fdm jm\u00e9nem v \u017eeb\u0159\u00ed\u010dku je Petr Kratochv\u00edl, vlastn\u00edk men\u0161inov\u00fdch pod\u00edl\u016f v kl\u00ed\u010dov\u00fdch \u010d\u00e1stech CSG, s majetkem 26,7 miliardy korun.<\/p>\n<p>Euro p\u0159i sestavov\u00e1n\u00ed \u017eeb\u0159\u00ed\u010dku vych\u00e1z\u00ed z burzovn\u00ed hodnoty, \u010dist\u00e9ho zisku, provozn\u00edho zisku EBITDA, zadlu\u017een\u00ed, \u010dist\u00e9 hodnoty aktiv a v minulosti vyplacen\u00fdch dividend. Op\u00edr\u00e1 se o dlouh\u00e9 \u010dasov\u00e9 \u0159ady i informace z ve\u0159ejn\u00fdch zdroj\u016f a od samotn\u00fdch podnikatelsk\u00fdch skupin.<\/p>\n<p>\u017deb\u0159\u00ed\u010dek nejbohat\u0161\u00edch \u010cech\u016f a Slov\u00e1k\u016f podle \u010dasopisu Euro:<\/p>\n<p>Po\u0159ad\u00edMajetek 2026 (mld. K\u010d)Meziro\u010dn\u00ed zm\u011bna (mld. K\u010d)Hlavn\u00ed zna\u010dkyHlavn\u00ed obor podnik\u00e1n\u00ed1.Michal Strnad470140CSGzbrojn\u00ed pr\u016fmysl2.Daniel K\u0159et\u00ednsk\u00fd432152EPH, EP Groupenergetika3.Ren\u00e1ta Kellnerov\u00e1 s rodinou38570PPFr\u016fzn\u00e9 obory4.Karel Kom\u00e1rek27555KKCG, Allwyns\u00e1zky a loterie5.Patrik Tk\u00e1\u010d22030EPH, J&amp;Tenergetika6.Pavel Tyka\u010d19040Sev.enenergetika7.Radovan V\u00edtek116-3CPInemovitosti8.rodina Andreje Babi\u0161e83,5-1,5Agrofertr\u016fzn\u00e9 obory9.Jozef Tk\u00e1\u010d769J&amp;Tfinan\u010dn\u00ed slu\u017eby10.Ivan Jakabovi\u010d669J&amp;Tfinan\u010dn\u00ed slu\u017eby<\/p>\n<p>Podobn\u00e1 po\u0159ad\u00ed publikuj\u00ed tak\u00e9 \u010dasopis Forbes a den\u00edk E15, a \u010ce\u0161i s nejv\u011bt\u0161\u00edm majetkem figuruj\u00ed rovn\u011b\u017e v \u017eeb\u0159\u00ed\u010dku, kter\u00fd zve\u0159ej\u0148uje agentura Bloomberg.<\/p>\n<p>MOHLO V\u00c1M UNIKNOUT: <a target=\"_blank\" href=\"https:\/\/cnn.iprima.cz\/iranska-krize-drti-energeticky-trh-experti-rekli-o-kolik-muze-v-cesku-zdrazit-plyn-i-elektrina-520156\" rel=\"nofollow noopener\">\u00cdr\u00e1nsk\u00e1 krize drt\u00ed energetiku: Experti odhadli, o kolik mohou v \u010cesku zdra\u017eit plyn a elekt\u0159ina<\/a><\/p>\n<p>        <img decoding=\"async\" src=\"https:\/\/www.europesays.com\/cz\/wp-content\/uploads\/2026\/09\/a66033d0e1b43ce9c627652e554fdc64.png\" alt=\"\u010cTK\" class=\"avatar-img w-[40px] h-[40px] min-w-[40px] rounded-full border-[1.5px] border-solid border-black object-cover hover:opacity-90 transition-opacity before:!content-none !bg-none\" loading=\"lazy\"\/><\/p>\n<p>                                    \u010cTK<\/p>\n<p class=\"!text-semibold-14-14 !text-black mb-0 mt-2\">\n                Spolehliv\u00fd, rychl\u00fd a nez\u00e1visl\u00fd zpravodajsk\u00fd servis.\n            <\/p>\n","protected":false},"excerpt":{"rendered":"Nejbohat\u0161\u00edm \u010cechem je podle \u010dasopisu Euro stejn\u011b jako loni majitel zbroja\u0159sk\u00e9 skupiny CSG Michal Strnad s majetkem 470&hellip;\n","protected":false},"author":2,"featured_media":198021,"comment_status":"","ping_status":"","sticky":false,"template":"","format":"standard","meta":{"footnotes":"","_share_on_mastodon":"0"},"categories":[12],"tags":[67,68,1834,8005,708,7599,150,5241,2887,25009,17133,2886,10223,651,45463],"class_list":["post-198020","post","type-post","status-publish","format-standard","has-post-thumbnail","category-byznys","tag-business","tag-byznys","tag-czechoslovak-group","tag-daniel-kretinsky","tag-ekonomika","tag-energeticky-a-prumyslovy-holding","tag-energetika","tag-michal-strnad","tag-obchod-a-finance","tag-obchodni-spolecnosti","tag-ppf","tag-produkty-a-sluzby","tag-renata-kellnerova","tag-rodina","tag-tydenik-euro"],"share_on_mastodon":{"url":"https:\/\/pubeurope.com\/@cz\/117194144310557359","error":""},"_links":{"self":[{"href":"https:\/\/www.europesays.com\/cz\/wp-json\/wp\/v2\/posts\/198020","targetHints":{"allow":["GET"]}}],"collection":[{"href":"https:\/\/www.europesays.com\/cz\/wp-json\/wp\/v2\/posts"}],"about":[{"href":"https:\/\/www.europesays.com\/cz\/wp-json\/wp\/v2\/types\/post"}],"author":[{"embeddable":true,"href":"https:\/\/www.europesays.com\/cz\/wp-json\/wp\/v2\/users\/2"}],"replies":[{"embeddable":true,"href":"https:\/\/www.europesays.com\/cz\/wp-json\/wp\/v2\/comments?post=198020"}],"version-history":[{"count":0,"href":"https:\/\/www.europesays.com\/cz\/wp-json\/wp\/v2\/posts\/198020\/revisions"}],"wp:featuredmedia":[{"embeddable":true,"href":"https:\/\/www.europesays.com\/cz\/wp-json\/wp\/v2\/media\/198021"}],"wp:attachment":[{"href":"https:\/\/www.europesays.com\/cz\/wp-json\/wp\/v2\/media?parent=198020"}],"wp:term":[{"taxonomy":"category","embeddable":true,"href":"https:\/\/www.europesays.com\/cz\/wp-json\/wp\/v2\/categories?post=198020"},{"taxonomy":"post_tag","embeddable":true,"href":"https:\/\/www.europesays.com\/cz\/wp-json\/wp\/v2\/tags?post=198020"}],"curies":[{"name":"wp","href":"https:\/\/api.w.org\/{rel}","templated":true}]}}