{"id":198062,"date":"2026-09-01T06:19:16","date_gmt":"2026-09-01T06:19:16","guid":{"rendered":"https:\/\/www.europesays.com\/cz\/198062\/"},"modified":"2026-09-01T06:19:16","modified_gmt":"2026-09-01T06:19:16","slug":"zdrazovani-dopada-na-deti-rodice-setri-na-sportu-a-krouzcich","status":"publish","type":"post","link":"https:\/\/www.europesays.com\/cz\/198062\/","title":{"rendered":"Zdra\u017eov\u00e1n\u00ed dopad\u00e1 na d\u011bti. Rodi\u010de \u0161et\u0159\u00ed na sportu a\u00a0krou\u017ec\u00edch"},"content":{"rendered":"<p class=\"e_bX\">Zat\u00edmco \u0161koln\u00ed v\u00fdbava je nutnost, mimo\u0161koln\u00ed aktivity od sportov\u00e1n\u00ed a\u017e po r\u016fzn\u00e9 dovednostn\u00ed krou\u017eky jsou pohledem rodinn\u00e9ho rozpo\u010dtu zbytn\u00e9.<\/p>\n<p class=\"e_bX\">N\u011bkte\u0159\u00ed velc\u00ed po\u0159adatel\u00e9 aktivit pro d\u011bti a\u00a0mladistv\u00e9 potvrzuj\u00ed, \u017ee je zn\u00e1t, \u017ee se rodiny dost\u00e1vaj\u00ed do situace, kdy mus\u00ed volit, zda budou do krou\u017ek\u016f investovat.<\/p>\n<p class=\"e_bX\">\u201eZ\u00e1jem d\u011bt\u00ed o\u00a0sport a\u00a0pohybov\u00e9 krou\u017eky nepoklesl, ale rodi\u010de mnohem v\u00edce p\u0159em\u00fd\u0161l\u00ed nad financemi, kter\u00e9 mus\u00ed za pohybov\u00e9 krou\u017eky \u010di aktivity uhradit,\u201c \u0159\u00edk\u00e1 Johana Homolov\u00e1, tiskov\u00e1 mluv\u010d\u00ed \u010cesk\u00e9 obce sokolsk\u00e9.<\/p>\n<p class=\"e_bX\">\u201eD\u016fvody jsou nep\u0159ekvapiv\u00e9: inflace, mzdy, pron\u00e1jmy a\u00a0pom\u016fcky. U\u00a0dra\u017e\u0161\u00edch krou\u017ek\u016f vid\u00edme pokles, u\u00a0b\u011b\u017en\u00fdch se v\u00a0z\u00e1sad\u011b z\u00e1jem nem\u011bn\u00ed,\u201c potvrzuje trend i\u00a0So\u0148a Polak z\u00a0\u010cesk\u00e9 rady d\u011bt\u00ed a\u00a0ml\u00e1de\u017ee, kter\u00e1 v\u00a0minulosti zalo\u017eila iniciativu Darujme krou\u017eky d\u011btem. Ta v\u00a0polovin\u011b z\u00e1\u0159\u00ed otev\u0159e novou v\u00fdzvu a\u00a0rozd\u011bl\u00ed v\u00a0n\u00ed na krou\u017eky \u010dty\u0159i miliony korun. Pomoc m\u00e1 sm\u011b\u0159ovat rodin\u00e1m, kter\u00e9 mohou dolo\u017eit d\u00e1vky od st\u00e1tu.<\/p>\n<p class=\"e_bX\">Johana Homolov\u00e1 potvrzuje, \u017ee pokud rodi\u010de mus\u00ed \u0161et\u0159it, krou\u017eky a\u00a0volno\u010dasov\u00e9 aktivity jsou \u010dasto mezi prvn\u00edmi oblastmi. \u201eZ pohledu zdrav\u00ed a\u00a0psychick\u00e9 pohody d\u011bt\u00ed jde v\u0161ak o\u00a0krok, kter\u00fd n\u00e1s mrz\u00ed a\u00a0kter\u00fd ve sv\u00e9m d\u016fsledku nep\u0159isp\u00edv\u00e1 k\u00a0rozvoji d\u00edt\u011bte,\u201c podot\u00fdk\u00e1 mluv\u010d\u00ed Sokol\u016f.<\/p>\n<p class=\"e_bX\">\u010cesk\u00e1 rada d\u011bt\u00ed a\u00a0ml\u00e1de\u017ee pak zd\u016fraz\u0148uje, \u017ee volno\u010dasov\u00e9 aktivity maj\u00ed i\u00a0preventivn\u00ed charakter, rozv\u00edj\u00ed dovednosti a\u00a0talent a\u00a0upev\u0148uj\u00ed soci\u00e1ln\u00ed vztahy. \u201eKdy\u017e si nenajdou d\u011bti ve \u0161kole kamar\u00e1dy, tak si je najdou na krou\u017ec\u00edch,\u201c \u0159\u00edk\u00e1 Polak.<\/p>\n<p><a data-dot=\"mol-article-card-media\" aria-hidden=\"true\" tabindex=\"-1\" href=\"https:\/\/www.seznamzpravy.cz\/clanek\/sport-ceskou-atletiku-ma-zachranit-nova-generace-jeji-tvari-je-zazracna-linda-313603\" class=\"e_n f_l8\" rel=\"nofollow noopener\" target=\"_blank\"><img fetchpriority=\"high\" height=\"1080\"   width=\"1920\" src=\"https:\/\/www.europesays.com\/cz\/wp-content\/uploads\/2026\/09\/sport-atletika.webp\" loading=\"eager\" decoding=\"sync\" class=\"e_aa e_Z\"\/><\/a><\/p>\n<p class=\"e_bX\">Ilustruje to i\u00a0p\u0159\u00edb\u011bh Zuzany a\u00a0jej\u00edho p\u0159ed\u010dasn\u011b narozen\u00e9ho syna. \u201eM\u011bl spoustu, spoustu probl\u00e9m\u016f, diagn\u00f3za byla t\u011b\u017ek\u00e1. Te\u010f je mu dvan\u00e1ct a\u00a0je to lep\u0161\u00ed a\u00a0lep\u0161\u00ed. Za\u010dali jsme na 24\u00a0doktorech, te\u010f jsme na osmi,\u201c popisuje matka s\u00a0t\u00edm, \u017ee syn za\u010dal chodit do norm\u00e1ln\u00ed \u0161koly v\u00a0doprovodu asistenta.<\/p>\n<p class=\"e_bX\">\u010casem do\u0161lo i\u00a0na krou\u017eek, s\u00a0jeho\u017e financov\u00e1n\u00edm pomohla pr\u00e1v\u011b iniciativa Darujme krou\u017eky d\u011btem &#8211; d\u016fvod byl, aby syn l\u00e9pe zapadl do kolektivu. Nejd\u0159\u00edve chodil na krou\u017eek stavebnice lega, n\u00e1sledn\u011b se dostal ke stoln\u00edmu tenisu.<\/p>\n<p class=\"e_bX\"> \u201eZa\u010dal hr\u00e1t a\u00a0bylo to z\u00a0nuly na sto. Stra\u0161n\u011b velk\u00e1 zm\u011bna. Kamar\u00e1di, pozitivn\u00ed energie, prvn\u00ed prohry, prvn\u00ed v\u00fdhra. M\u00e1m z\u00a0toho hus\u00ed k\u016f\u017ei, kdy\u017e v\u00e1m to \u0159\u00edk\u00e1m,\u201c dod\u00e1v\u00e1 Zuzana.<\/p>\n<p>Polovina krou\u017ek\u016f zdra\u017e\u00ed<\/p>\n<p class=\"e_bX\">Z intern\u00edho pr\u016fzkumu \u010cesk\u00e9 rady d\u011bt\u00ed a\u00a0ml\u00e1de\u017ee mezi stovkou po\u0159adatel\u016f mimo\u0161koln\u00edch aktivit vypl\u00fdv\u00e1, \u017ee se z\u00a0nich chyst\u00e1 v\u0161echny krou\u017eky zdra\u017eovat 49\u00a0procent, 28\u00a0procent pak zdra\u017e\u00ed jen n\u011bkter\u00e9 aktivity a\u00a023\u00a0procent osloven\u00fdch ceny dr\u017e\u00ed.<\/p>\n<p class=\"e_bX\">\u201eNej\u010dast\u011bji zdra\u017euj\u00ed o\u00a0p\u011bt procent, nejv\u00edce o\u00a015\u00a0procent. P\u0159i\u010dem\u017e vy\u0161\u0161\u00ed zdra\u017eov\u00e1n\u00ed se t\u00fdk\u00e1 hlavn\u011b sportovn\u00edch aktivit,\u201c popisuje So\u0148a Polak.<\/p>\n<p class=\"e_bX\">Nap\u0159\u00edklad Radka Dobi\u00e1\u0161ov\u00e1, marketingov\u00e1 mana\u017eerka spole\u010dnosti Krou\u017eky, tvrd\u00ed, \u017ee se ceny sna\u017e\u00ed dr\u017eet \u201ezuby nehty\u201c. \u201eNej\u010dast\u011bji se pohybujeme p\u0159ibli\u017en\u011b mezi 1\u00a0500\u00a0a\u017e 2000\u00a0korunami za pololet\u00ed, co\u017e je 14\u00a0lekc\u00ed,\u201c zd\u016fraz\u0148uje. <\/p>\n<p class=\"e_bX\">Podle intern\u00edch statistik spole\u010dnosti jsou nejv\u00edce vyhled\u00e1van\u00e9 v\u011bdeck\u00e9 krou\u017eky. \u201eVelk\u00fd z\u00e1jem je tak\u00e9 o\u00a0angli\u010dtinu a\u00a0pohybov\u00e9 aktivity. St\u00e1lic\u00ed jsou i\u00a0kreativn\u00ed krou\u017eky, nap\u0159\u00edklad keramika,\u201c dod\u00e1v\u00e1 Dobi\u00e1\u0161ov\u00e1.<\/p>\n<p><a data-dot=\"mol-article-card-media\" aria-hidden=\"true\" tabindex=\"-1\" href=\"https:\/\/www.seznamzpravy.cz\/clanek\/domaci-prazdniny-skolni-rok-262694\" class=\"e_n f_l8\" rel=\"nofollow noopener\" target=\"_blank\"><img height=\"4644\"   width=\"8256\" src=\"https:\/\/www.europesays.com\/cz\/wp-content\/uploads\/2026\/09\/skola.jpeg\" loading=\"eager\" decoding=\"sync\" class=\"e_aa e_Z\"\/><\/a><\/p>\n<p class=\"e_bX\">Pr\u00e1v\u011b zdra\u017eov\u00e1n\u00ed pak jde ruku v\u00a0ruce s\u00a0poklesem z\u00e1jmu ze strany rodi\u010d\u016f. P\u0159itom snaha dop\u0159\u00e1t d\u011btem aktivitu \u010di kon\u00ed\u010dek mezi dom\u00e1cnostmi nijak nepolevuje, co\u017e potvrzuje i\u00a0Svatava S\u00e1gnerov\u00e1, prezidentka Asociace \u0161koln\u00edch sportovn\u00edch klub\u016f \u010cR.<\/p>\n<p class=\"e_bX\">\u201eMysl\u00edm si, \u017ee z\u00e1jem o\u00a0to, aby se d\u011bti rozv\u00edjely v\u0161estrann\u011b, je po\u0159\u00e1d stejn\u00fd. Sp\u00ed\u0161 se objevuj\u00ed v\u00fdkyvy z\u00a0hlediska dostupnosti, z\u00a0hlediska nab\u00eddky a\u00a0ur\u010dit\u011b hraje roli soci\u00e1lno,\u201c l\u00ed\u010d\u00ed.<\/p>\n<p class=\"e_bX\">Podle n\u00ed nav\u00edc doch\u00e1z\u00ed u\u00a0mimo\u0161koln\u00edch aktivit k\u00a0jist\u00e9mu zlomu. D\u0159\u00edve krou\u017eky \u010dasto po\u0159\u00e1dali nad\u0161enci a\u00a0\u010dasto i\u00a0zcela dobrovoln\u011b. Dnes ekonomick\u00e1 situace tla\u010d\u00ed i\u00a0na samotn\u00e9 tren\u00e9ry, lektory a\u00a0u\u010ditele, aby to ned\u011blali zcela zadarmo.<\/p>\n<p class=\"e_bX\">\u201eD\u011bl\u00e1te to ve sv\u00e9m voln\u00e9m \u010dase. M\u00e1te rodinu a\u00a0svoji pr\u00e1ci. A\u00a0hraje roli, jestli za to dostanete pohlazen\u00ed, nebo n\u011bjakou korunu,\u201c \u0159\u00edk\u00e1 s\u00a0dov\u011btkem, \u017ee st\u00e1t by se v\u00a0tomto ohledu m\u011bl v\u00edce anga\u017eovat.<\/p>\n<p class=\"e_bX\">\u201eBez lid\u00ed to neposkl\u00e1d\u00e1te. To je alfa a\u00a0omega, na tom te\u010f ho\u0159\u00ed spousta organizac\u00ed,\u201c \u0159\u00edk\u00e1 prezidentka Asociace \u0161koln\u00edch sportovn\u00edch klub\u016f.<\/p>\n<p><a data-dot=\"mol-article-card-media\" aria-hidden=\"true\" tabindex=\"-1\" href=\"https:\/\/www.seznamzpravy.cz\/clanek\/kampus-zakladni-vzdelavani-skolni-pomucky-krouzky-prispevky-313939\" class=\"e_n f_l8\" rel=\"nofollow noopener\" target=\"_blank\"><img height=\"2304\"   width=\"4096\" src=\"https:\/\/www.europesays.com\/cz\/wp-content\/uploads\/2026\/09\/skolni-pomucky-aktovka.jpeg\" loading=\"eager\" decoding=\"sync\" class=\"e_aa e_Z\"\/><\/a>Stoup\u00e1 pod\u00edl rodin v\u00a0chudob\u011b<\/p>\n<p class=\"e_bX\">Velk\u00e9 \u0161et\u0159en\u00ed \u010cesk\u00e9ho statistick\u00e9ho \u00fa\u0159adu zalo\u017een\u00e9 na odpov\u011bd\u00edch od 8\u00a0525\u00a0dom\u00e1cnost\u00ed p\u0159itom zachycuje, \u017ee postupn\u011b roste pod\u00edl rodin s\u00a0d\u011btmi, kter\u00e9 se dost\u00e1vaj\u00ed na hranici takzvan\u00e9 p\u0159\u00edjmov\u00e9 chudoby. Pro rok 2025\u00a0byla hranice stanovena na \u010d\u00e1stku 229\u00a0080\u00a0korun pro dom\u00e1cnost jednotlivce.<\/p>\n<p class=\"e_bX\">Posledn\u00ed data z\u00a0lo\u0148sk\u00e9ho roku ukazuj\u00ed, \u017ee se do p\u0159\u00edjmov\u00e9 chudoby dostalo 9,6\u00a0procenta tuzemsk\u00fdch dom\u00e1cnost\u00ed. Po\u010d\u00edtaj\u00ed se zde ov\u0161em i\u00a0dom\u00e1cnosti nezam\u011bstnan\u00fdch, kde se jich do p\u0159\u00edjmov\u00e9 chudoby dost\u00e1v\u00e1 \u0161est z\u00a0deseti.<\/p>\n<p class=\"e_bX\">Projd\u011bte si, jak se m\u011bn\u00ed pod\u00edl dom\u00e1cnost\u00ed v\u00a0p\u0159\u00edjmov\u00e9 chudob\u011b:<\/p>\n<p class=\"e_bX\">Jen\u017ee roste i\u00a0p\u0159\u00edjmov\u00e1 chudoba rodin s\u00a0d\u011btmi. Nap\u0159\u00edklad 6,6\u00a0procent dom\u00e1cnost\u00ed slo\u017een\u00fdch ze dvou dosp\u011bl\u00fdch a\u00a0jednoho d\u00edt\u011bte se dostalo na tuto finan\u010dn\u00ed hranici. V\u00a0roce 2024\u00a0to p\u0159itom bylo 5,5\u00a0procent.<\/p>\n<p class=\"e_bX\">Dom\u00e1cnosti, kde jsou dva dosp\u011bl\u00ed na dv\u011b d\u011bti, pak jsou v\u00a0p\u0159\u00edjmov\u00e9 chudob\u011b v\u00a0osmi procentech p\u0159\u00edpad\u016f. O\u00a0rok d\u0159\u00edve to bylo jenom sedm procent. <\/p>\n<p class=\"e_bX\">Na hranici p\u0159\u00edjmov\u00e9 chudoby se pak dostala v\u00edce ne\u017e t\u0159etina samo\u017eivitel\u016f. I\u00a0kdy\u017e specificky u\u00a0skupiny jednoho rodi\u010de na jedno d\u00edt\u011b se situace m\u00edrn\u011b zlep\u0161ila.<\/p>\n<p><a data-dot=\"mol-article-card-media\" aria-hidden=\"true\" tabindex=\"-1\" href=\"https:\/\/www.seznamzpravy.cz\/clanek\/domaci-zivot-v-cesku-vyse-alimentu-neodpovida-vyplatam-situace-samozivitelu-se-dal-horsi-272236\" class=\"e_n f_l8\" rel=\"nofollow noopener\" target=\"_blank\"><img height=\"2304\"   width=\"4096\" src=\"https:\/\/www.europesays.com\/cz\/wp-content\/uploads\/2026\/09\/samozivitelka.jpeg\" loading=\"eager\" decoding=\"sync\" class=\"e_aa e_Z\"\/><\/a><\/p>\n<p class=\"e_bX\">O tom, jak\u00e9 volby \u010din\u00ed rodiny, kter\u00e9 jsou p\u0159\u00edjmov\u011b v\u00a0takzvan\u00e9 st\u0159edn\u00ed t\u0159\u00edd\u011b, je pak velmi slo\u017eit\u00e9 z\u00edskat ucelen\u00e9 informace. Potvrzuje to i\u00a0ekonom Jan Bittner, kter\u00fd spole\u010dn\u011b s\u00a0kolegy pro ka\u017ed\u00fd rok stanovuje takzvanou minim\u00e1ln\u00ed d\u016fstojnou mzdu.<\/p>\n<p class=\"e_bX\">Tu letos zp\u011btn\u011b pro lo\u0148sk\u00fd rok napo\u010d\u00edtali na 48\u00a0336\u00a0korun. V\u00a0Praze a\u00a0Brn\u011b pak na 56\u00a0912\u00a0korun. \u010c\u00e1stka ilustruje, jakou hrubou mzdu by m\u011bl \u010dlov\u011bk dost\u00e1vat, aby si mohl dovolit v\u00fddaje, kter\u00e9 spole\u010dnost pova\u017euje za standardn\u00ed, v\u010detn\u011b nap\u0159\u00edklad mimo\u0161koln\u00edch aktivit pro d\u011bti. <\/p>\n<p class=\"e_bX\">Pr\u016fm\u011brn\u00e1 mzda se p\u0159itom ke konci lo\u0148sk\u00e9ho roku pohybovala na 49\u00a0215\u00a0korun\u00e1ch, tedy na velmi podobn\u00e9 \u00farovni jako je minimum nutn\u00e9 na standardn\u00ed \u017eivot v\u00a0\u010cesku, z\u00a0\u010deho\u017e je patrn\u00e9, \u017ee \u010d\u00e1st dom\u00e1cnost\u00ed pob\u00edraj\u00edc\u00ed men\u0161\u00ed v\u00fdplaty se musela uskromnit.<\/p>\n","protected":false},"excerpt":{"rendered":"Zat\u00edmco \u0161koln\u00ed v\u00fdbava je nutnost, mimo\u0161koln\u00ed aktivity od sportov\u00e1n\u00ed a\u017e po r\u016fzn\u00e9 dovednostn\u00ed krou\u017eky jsou pohledem rodinn\u00e9ho rozpo\u010dtu&hellip;\n","protected":false},"author":2,"featured_media":198063,"comment_status":"","ping_status":"","sticky":false,"template":"","format":"standard","meta":{"footnotes":"","_share_on_mastodon":"0"},"categories":[7],"tags":[43,42,41,40,444,7175,703,651,4218,94],"class_list":["post-198062","post","type-post","status-publish","format-standard","has-post-thumbnail","category-cesko","tag-ceska-republika","tag-cesko","tag-czech-republic","tag-czechia","tag-deti","tag-krouzky","tag-penize","tag-rodina","tag-skolaci","tag-sport"],"share_on_mastodon":{"url":"https:\/\/pubeurope.com\/@cz\/117194337250964415","error":""},"_links":{"self":[{"href":"https:\/\/www.europesays.com\/cz\/wp-json\/wp\/v2\/posts\/198062","targetHints":{"allow":["GET"]}}],"collection":[{"href":"https:\/\/www.europesays.com\/cz\/wp-json\/wp\/v2\/posts"}],"about":[{"href":"https:\/\/www.europesays.com\/cz\/wp-json\/wp\/v2\/types\/post"}],"author":[{"embeddable":true,"href":"https:\/\/www.europesays.com\/cz\/wp-json\/wp\/v2\/users\/2"}],"replies":[{"embeddable":true,"href":"https:\/\/www.europesays.com\/cz\/wp-json\/wp\/v2\/comments?post=198062"}],"version-history":[{"count":0,"href":"https:\/\/www.europesays.com\/cz\/wp-json\/wp\/v2\/posts\/198062\/revisions"}],"wp:featuredmedia":[{"embeddable":true,"href":"https:\/\/www.europesays.com\/cz\/wp-json\/wp\/v2\/media\/198063"}],"wp:attachment":[{"href":"https:\/\/www.europesays.com\/cz\/wp-json\/wp\/v2\/media?parent=198062"}],"wp:term":[{"taxonomy":"category","embeddable":true,"href":"https:\/\/www.europesays.com\/cz\/wp-json\/wp\/v2\/categories?post=198062"},{"taxonomy":"post_tag","embeddable":true,"href":"https:\/\/www.europesays.com\/cz\/wp-json\/wp\/v2\/tags?post=198062"}],"curies":[{"name":"wp","href":"https:\/\/api.w.org\/{rel}","templated":true}]}}