{"id":198064,"date":"2026-09-01T06:29:11","date_gmt":"2026-09-01T06:29:11","guid":{"rendered":"https:\/\/www.europesays.com\/cz\/198064\/"},"modified":"2026-09-01T06:29:11","modified_gmt":"2026-09-01T06:29:11","slug":"pritel-j-d-vance-driscoll-konci-ve-funkci-namestka-ministra-obrany","status":"publish","type":"post","link":"https:\/\/www.europesays.com\/cz\/198064\/","title":{"rendered":"P\u0159\u00edtel J. D. Vance Driscoll kon\u010d\u00ed ve funkci n\u00e1m\u011bstka ministra obrany"},"content":{"rendered":"<p class=\"e_bX\">Po 18\u00a0m\u011bs\u00edc\u00edch odstupuje z\u00a0postu n\u00e1m\u011bstka americk\u00e9ho ministra obrany Dan Driscoll, uvedla v\u00a0pond\u011bl\u00ed pozd\u011b ve\u010der agentura AP s\u00a0odvol\u00e1n\u00edm na B\u00edl\u00fd d\u016fm. D\u016fvod rezignace Driscolla, kter\u00fd je p\u0159\u00edtelem viceprezidenta J. D. Vance, nebyl uveden, m\u00e9dia ale hojn\u011b psala o\u00a0exn\u00e1m\u011bstkov\u011b napjat\u00e9m vztahu s\u00a0ministrem obrany Petem Hegsethem. Podle AP jde o\u00a0nejnov\u011bj\u0161\u00ed p\u0159\u00edpad odchodu vysok\u00e9ho vojensk\u00e9ho p\u0159edstavitele za vl\u00e1dy americk\u00e9ho prezidenta Donalda Trumpa.<\/p>\n<p class=\"e_bX\">\u201eN\u00e1m\u011bstek Driscoll velmi \u00fa\u010dinn\u011b prosazoval program prezidenta Trumpa \u201aMake America Strong Again\u2018 (Ud\u011blejme Ameriku op\u011bt silnou) na ministerstvu obrany t\u00edm, \u017ee prok\u00e1zal vynikaj\u00edc\u00ed v\u016fd\u010d\u00ed schopnosti b\u011bhem historick\u00fdch vojensk\u00fdch operac\u00ed, obnovil d\u016fraz na bojovou p\u0159ipravenost a\u00a0palebnou s\u00edlu a\u00a0pom\u00e1hal p\u0159i jedn\u00e1n\u00edch mezi Ruskem a\u00a0Ukrajinou a\u00a0v mnoha dal\u0161\u00edch oblastech. Arm\u00e1da USA je d\u00edky jeho pr\u00e1ci po boku vrchn\u00edho velitele a\u00a0ministra obrany siln\u011bj\u0161\u00ed ne\u017e kdykoli p\u0159edt\u00edm,\u201c uvedla v\u00a0prohl\u00e1\u0161en\u00ed mluv\u010d\u00ed B\u00edl\u00e9ho domu Anna Kellyov\u00e1.<\/p>\n<p><a data-dot=\"mol-article-card-media\" aria-hidden=\"true\" tabindex=\"-1\" href=\"https:\/\/www.seznamzpravy.cz\/clanek\/zahranicni-vychazejici-hvezda-z-pentagonu-trump-nasel-noveho-vyjednavace-miru-s-ruskem-292429\" class=\"e_n f_l8\" rel=\"nofollow noopener\" target=\"_blank\"><img fetchpriority=\"high\" height=\"1687\"   width=\"3000\" src=\"https:\/\/www.europesays.com\/cz\/wp-content\/uploads\/2026\/09\/dan-driscoll.jpeg\" loading=\"eager\" decoding=\"sync\" class=\"e_aa e_Z\"\/><\/a><\/p>\n<p class=\"e_bX\">Driscoll mezi \u0159\u00edjnem 2009\u00a0a\u00a0\u010dervencem 2010\u00a0slou\u017eil v\u00a0Ir\u00e1ku, je investorem do technologick\u00fdch spole\u010dnost\u00ed a\u00a0b\u00fdval\u00fdm poradcem J. D. Vance, s\u00a0n\u00edm\u017e se sezn\u00e1mil na pr\u00e1vnick\u00e9 fakult\u011b Yaleovy univerzity. Trump Driscolla p\u0159i jmenov\u00e1n\u00ed v\u00a0roce 2024\u00a0ozna\u010dil za \u201epr\u016fkopn\u00edka a\u00a0inici\u00e1tora zm\u011bn\u201c.<\/p>\n<p class=\"e_bX\">Sen\u00e1t Driscolla ve funkci n\u00e1m\u011bstka potvrdil loni 25.\u00a0\u00fanora. M\u011bl neobvyklou \u00falohu kl\u00ed\u010dov\u00e9ho vyjednava\u010de, jeho\u017e c\u00edlem bylo pokusit se ukon\u010dit v\u00e1lku mezi Ruskem a\u00a0Ukrajinou zah\u00e1jenou invaz\u00ed rusk\u00fdch vojsk v\u00a0\u00fanoru 2022.\u00a0Sna\u017eil se tak\u00e9 zjednodu\u0161it byrokracii pro vojensk\u00e9 dodavatele, aby mohli rychle vyvinout v\u00edce dron\u016f a\u00a0prost\u0159edk\u016f proti nim.<\/p>\n<p class=\"e_bX\">Jedn\u00e1 se o\u00a0nejnov\u011bj\u0161\u00ed z\u00a0\u0159ady person\u00e1ln\u00edch zm\u011bn ve vrcholn\u00e9m vojensk\u00e9m veden\u00ed. Hegseth v\u00a0dubnu ne\u010dekan\u011b odvolal n\u00e1\u010deln\u00edka \u0161t\u00e1bu arm\u00e1dy USA Randyho George, zat\u00edmco velitel americk\u00fdch sil v\u00a0Evrop\u011b a\u00a0Africe Christopher Donahue ne\u010dekan\u011b odstoupil v\u00a0\u010dervnu. Ministr tak\u00e9 odvolal n\u011bkolik dal\u0161\u00edch gener\u00e1l\u016f a\u00a0admir\u00e1l\u016f, v\u010detn\u011b velitele n\u00e1mo\u0159nictva Johna Phelana, p\u0159ipomn\u011bla AP.<\/p>\n<p><a data-dot=\"mol-article-card-media\" aria-hidden=\"true\" tabindex=\"-1\" href=\"https:\/\/www.seznamzpravy.cz\/clanek\/zahranicni-pred-kamerami-ji-maso-a-kaze-o-kristu-demokrat-dobyva-republikanskou-pevnost-313940\" class=\"e_n f_l8\" rel=\"nofollow noopener\" target=\"_blank\"><img height=\"1012\"   width=\"1800\" src=\"https:\/\/www.europesays.com\/cz\/wp-content\/uploads\/2026\/09\/james-talarico.jpeg\" loading=\"eager\" decoding=\"sync\" class=\"e_aa e_Z\"\/><\/a><a data-dot=\"mol-article-card-media\" aria-hidden=\"true\" tabindex=\"-1\" href=\"https:\/\/www.seznamzpravy.cz\/clanek\/zahranicni-navzdy-jezero-ontario-kanada-se-brani-proti-trumpovi-ceduli-314195\" class=\"e_n f_l8\" rel=\"nofollow noopener\" target=\"_blank\"><img height=\"2304\"   width=\"4096\" src=\"https:\/\/www.europesays.com\/cz\/wp-content\/uploads\/2026\/09\/lake-ontario.jpeg\" loading=\"eager\" decoding=\"sync\" class=\"e_aa e_Z\"\/><\/a><\/p>\n","protected":false},"excerpt":{"rendered":"Po 18\u00a0m\u011bs\u00edc\u00edch odstupuje z\u00a0postu n\u00e1m\u011bstka americk\u00e9ho ministra obrany Dan Driscoll, uvedla v\u00a0pond\u011bl\u00ed pozd\u011b ve\u010der agentura AP s\u00a0odvol\u00e1n\u00edm na&hellip;\n","protected":false},"author":2,"featured_media":198065,"comment_status":"","ping_status":"","sticky":false,"template":"","format":"standard","meta":{"footnotes":"","_share_on_mastodon":"0"},"categories":[11],"tags":[45468,923,563,7884,54,113,56,53,52],"class_list":["post-198064","post","type-post","status-publish","format-standard","has-post-thumbnail","category-svet","tag-daniel-driscoll","tag-ministerstvo-obrany","tag-namestci","tag-peter-hegseth","tag-svet","tag-usa","tag-valka-rusko-ukrajina","tag-world","tag-world-news"],"share_on_mastodon":{"url":"https:\/\/pubeurope.com\/@cz\/117194376526055675","error":""},"_links":{"self":[{"href":"https:\/\/www.europesays.com\/cz\/wp-json\/wp\/v2\/posts\/198064","targetHints":{"allow":["GET"]}}],"collection":[{"href":"https:\/\/www.europesays.com\/cz\/wp-json\/wp\/v2\/posts"}],"about":[{"href":"https:\/\/www.europesays.com\/cz\/wp-json\/wp\/v2\/types\/post"}],"author":[{"embeddable":true,"href":"https:\/\/www.europesays.com\/cz\/wp-json\/wp\/v2\/users\/2"}],"replies":[{"embeddable":true,"href":"https:\/\/www.europesays.com\/cz\/wp-json\/wp\/v2\/comments?post=198064"}],"version-history":[{"count":0,"href":"https:\/\/www.europesays.com\/cz\/wp-json\/wp\/v2\/posts\/198064\/revisions"}],"wp:featuredmedia":[{"embeddable":true,"href":"https:\/\/www.europesays.com\/cz\/wp-json\/wp\/v2\/media\/198065"}],"wp:attachment":[{"href":"https:\/\/www.europesays.com\/cz\/wp-json\/wp\/v2\/media?parent=198064"}],"wp:term":[{"taxonomy":"category","embeddable":true,"href":"https:\/\/www.europesays.com\/cz\/wp-json\/wp\/v2\/categories?post=198064"},{"taxonomy":"post_tag","embeddable":true,"href":"https:\/\/www.europesays.com\/cz\/wp-json\/wp\/v2\/tags?post=198064"}],"curies":[{"name":"wp","href":"https:\/\/api.w.org\/{rel}","templated":true}]}}