{"id":198070,"date":"2026-09-01T06:35:20","date_gmt":"2026-09-01T06:35:20","guid":{"rendered":"https:\/\/www.europesays.com\/cz\/198070\/"},"modified":"2026-09-01T06:35:20","modified_gmt":"2026-09-01T06:35:20","slug":"perkausova-provokuje-fanousky-z-turecka-opaluje-se-nahore-bez","status":"publish","type":"post","link":"https:\/\/www.europesays.com\/cz\/198070\/","title":{"rendered":"Perkausov\u00e1 provokuje fanou\u0161ky z Turecka: Opaluje se naho\u0159e bez!"},"content":{"rendered":"<p>Ani u mo\u0159e ale prim\u00e1ck\u00e1 moder\u00e1torka nezah\u00e1l\u00ed. Ne\u017e se probud\u00ed d\u011bti, vyd\u00e1v\u00e1 se b\u011bhat po pl\u00e1\u017ei. P\u016fvodn\u00ed pl\u00e1n bylo p\u011bt kilometr\u016f, jen\u017ee b\u011bh v p\u00edsku j\u00ed d\u00e1v\u00e1 po\u0159\u00e1dn\u011b zabrat. \u201eSotva dva km v p\u00edsku a p\u016flku z toho jsem \u0161la. Velmi svi\u017en\u011b. M\u00edsty. Zjistila jsem toti\u017e, \u017ee b\u011bhat v p\u00edsku je stra\u0161n\u00fd,\u201c pobavila fanou\u0161ky.<\/p>\n<p style=\"text-align: center;\"><a class=\"celebrity celebwiki\" href=\"https:\/\/celebwiki.blesk.cz\/osobnost\/3925\/eva-perkausova\/\" target=\"_blank\" rel=\"nofollow noopener\">Perkausov\u00e1<\/a> na skok ve Varech. Na party vynesla svatebn\u00ed \u0161aty po modelce Mali\u0161ov\u00e9!<\/p>\n<p>    <a href=\"https:\/\/www.ahaonline.cz\/clanek\/zhave-drby\/237119\/bolestive-rozhodnuti-perkausove-ze-dne-na-den-konec.html\" rel=\"nofollow noopener\" target=\"_blank\"><\/p>\n<p>        <img decoding=\"async\" src=\"https:\/\/www.europesays.com\/cz\/wp-content\/uploads\/2026\/09\/9952341-crop.jpg\" alt=\"Bolestiv\u00e9 rozhodnut\u00ed Perkausov\u00e9: Ze dne na den konec! \" title=\"Bolestiv\u00e9 rozhodnut\u00ed Perkausov\u00e9: Ze dne na den konec! \" height=\"140\" width=\"220\" class=\"lazyload \" loading=\"lazy\" \/><\/p>\n<p>    <\/a><\/p>\n<p>Nejv\u00edc \u010dasu ale samoz\u0159ejm\u011b pat\u0159\u00ed syn\u016fm Killianovi (3) a Arianovi (2). Sleduj\u00edc\u00edm p\u0159idala k porovn\u00e1n\u00ed dv\u011b fotografie z let 2024 a 2026. Zat\u00edmco na star\u0161\u00ed dr\u017e\u00ed v n\u00e1ru\u010di jednoho syna, o dva roky pozd\u011bji u\u017e m\u00e1 kolem sebe oba kluky. \u201eNajdi jeden rozd\u00edl!\u201c napsala s nads\u00e1zkou.<\/p>\n<p style=\"text-align: center;\">Eva Perkausov\u00e1: Pro\u010d si schovala \u0148adra?<\/p>\n<p>    <a href=\"https:\/\/www.ahaonline.cz\/clanek\/zhave-drby\/235703\/sexy-perkausova-s-detmi-u-more-prekvapily-ji-horecky.html\" rel=\"nofollow noopener\" target=\"_blank\"><\/p>\n<p>        <img decoding=\"async\" src=\"https:\/\/www.europesays.com\/cz\/wp-content\/uploads\/2026\/09\/9908708-crop.jpg\" alt=\"Sexy Perkausov\u00e1 s d\u011btmi u mo\u0159e: P\u0159ekvapily ji hore\u010dky!\" title=\"Sexy Perkausov\u00e1 s d\u011btmi u mo\u0159e: P\u0159ekvapily ji hore\u010dky!\" height=\"140\" width=\"220\" class=\"lazyload \" loading=\"lazy\" \/><\/p>\n<p>    <\/a><\/p>\n","protected":false},"excerpt":{"rendered":"Ani u mo\u0159e ale prim\u00e1ck\u00e1 moder\u00e1torka nezah\u00e1l\u00ed. Ne\u017e se probud\u00ed d\u011bti, vyd\u00e1v\u00e1 se b\u011bhat po pl\u00e1\u017ei. P\u016fvodn\u00ed pl\u00e1n&hellip;\n","protected":false},"author":2,"featured_media":198071,"comment_status":"","ping_status":"","sticky":false,"template":"","format":"standard","meta":{"footnotes":"","_share_on_mastodon":"0"},"categories":[14],"tags":[1471,79,15118,4972,2779,19555,651,4771,80,163],"class_list":["post-198070","post","type-post","status-publish","format-standard","has-post-thumbnail","category-zabava","tag-dovolena","tag-entertainment","tag-eva-perkausova","tag-moderatorka","tag-nahota","tag-plavky","tag-rodina","tag-turecko","tag-zabava","tag-zhave-drby"],"share_on_mastodon":{"url":"https:\/\/pubeurope.com\/@cz\/117194399952553856","error":""},"_links":{"self":[{"href":"https:\/\/www.europesays.com\/cz\/wp-json\/wp\/v2\/posts\/198070","targetHints":{"allow":["GET"]}}],"collection":[{"href":"https:\/\/www.europesays.com\/cz\/wp-json\/wp\/v2\/posts"}],"about":[{"href":"https:\/\/www.europesays.com\/cz\/wp-json\/wp\/v2\/types\/post"}],"author":[{"embeddable":true,"href":"https:\/\/www.europesays.com\/cz\/wp-json\/wp\/v2\/users\/2"}],"replies":[{"embeddable":true,"href":"https:\/\/www.europesays.com\/cz\/wp-json\/wp\/v2\/comments?post=198070"}],"version-history":[{"count":0,"href":"https:\/\/www.europesays.com\/cz\/wp-json\/wp\/v2\/posts\/198070\/revisions"}],"wp:featuredmedia":[{"embeddable":true,"href":"https:\/\/www.europesays.com\/cz\/wp-json\/wp\/v2\/media\/198071"}],"wp:attachment":[{"href":"https:\/\/www.europesays.com\/cz\/wp-json\/wp\/v2\/media?parent=198070"}],"wp:term":[{"taxonomy":"category","embeddable":true,"href":"https:\/\/www.europesays.com\/cz\/wp-json\/wp\/v2\/categories?post=198070"},{"taxonomy":"post_tag","embeddable":true,"href":"https:\/\/www.europesays.com\/cz\/wp-json\/wp\/v2\/tags?post=198070"}],"curies":[{"name":"wp","href":"https:\/\/api.w.org\/{rel}","templated":true}]}}